{"id":3162,"date":"2023-12-29T00:04:00","date_gmt":"2023-12-28T23:04:00","guid":{"rendered":"https:\/\/www.virtual-press.com\/newsroom\/?p=3162"},"modified":"2023-12-28T17:36:55","modified_gmt":"2023-12-28T16:36:55","slug":"nella-citta-dei-sassi-il-capodanno-e-ben-nato-2024-due-giorni-di-musica-e-intrattenimento-con-artisti-e-conduttori-di-fama-nazionale-grande-spazio-per-matera-e-la-basilicata","status":"publish","type":"post","link":"https:\/\/www.virtual-press.com\/newsroom\/nella-citta-dei-sassi-il-capodanno-e-ben-nato-2024-due-giorni-di-musica-e-intrattenimento-con-artisti-e-conduttori-di-fama-nazionale-grande-spazio-per-matera-e-la-basilicata\/","title":{"rendered":"Nella Citt\u00e0 dei Sassi il Capodanno \u00e8 \u201cBen-Nato 2024\u201d: due giorni di musica e intrattenimento con artisti e conduttori di fama nazionale. Grande spazio per Matera e la Basilicata"},"content":{"rendered":"\n<p>\u00c8 stato presentato ieri mattina, nella\u00a0sala\u00a0\u201cMandela&#8221; del municipio di Matera, \u201cBen-nato 2024\u201d, programma di eventi patrocinato e finanziato dall\u2019Amministrazione comunale con cui la citt\u00e0 accoglier\u00e0 il nuovo anno, nelle serate del 31 dicembre e del 1 gennaio al parco del castello Tramontano. Eventi organizzati dalla societ\u00e0 \u201cQuadrum\u201d, vincitrice del bando promosso dall\u2019Amministrazione comunale. Alla conferenza stampa hanno partecipato il sindaco, Domenico Bennardi, l&#8217;assessore alla Cultura e Turismo, Tiziana D\u2019Oppido; il presidente del consiglio comunale, Francesco Salvatore, e l\u2019imprenditore Franco Braia, in rappresentanza di Quadrum.\u00a0 Guest-star della notte di San Silvestro, sar\u00e0 Edoardo Bennato. Il grande cantautore napoletano, una vera e propria icona del rock\u2019n\u2019roll e del blues made in Italy, che in 50 anni di carriera ha regalato brani memorabili al grande pubblico, intervenendo con un video messaggio si \u00e8 detto \u00abestremamente contento di tornare a Matera per un evento cos\u00ec importante\u00bb, che si preannuncia altrettanto ricco di energia. Non ci sar\u00e0 solo il famoso cantautore italiano, la serata del 31 vedr\u00e0 sul palco anche i bravissimi \u201cTarantolati\u201d di Tricarico, il gruppo fondato nel 1975 da Antonio Infantino, cuore della tradizione musicale popolare lucana che si \u00e8 esibito al Rock Against Racism a Bruxelles del 1978, il Womex tenutosi a Copenaghen e in alcune tappe del Jova Beach Party. Alcuni brani dei Tarantolati fanno parte della colonna sonora del film \u201cLe rose del deserto\u201d di Mario Monicelli, e un inno per Matera Capitale europea della cultura 2019 \u00e8 stato composto su testo del poeta materano Roberto Linzalone e presentato all&#8217;Expo di Milano nel 2015. In conferenza stampa erano presenti, inoltre, Giuseppe \u201cPeppone\u201d Calabrese, conduttore di Linea Verde su Rai 1, che presenter\u00e0 la serata del 31 insieme a Carolina Rey, versatile conduttrice Rai e attrice (intervenuta con un video-saluto); il giornalista e conduttore Sergio Palomba e la conduttrice e attrice Annabella Giordano, tra i volti storici del gruppo comico \u201cMud\u00f9\u201d, che invece presenteranno la serata del 1. Oltre a loro, c\u2019erano anche i musicisti Enzo Granella e Pierluigi Delle Noci in rappresentanza dei \u201cTarantolati di Tricarico\u201d, che si esibiranno il 31; Claudio Mola della Ragnatela Folk Band, una vera e propria orchestra di musica popolare con annesse danzatrici, e i giovanissimi studenti del Conservatorio \u201cDuni\u201d, Francesco Stifano e Luciano Dattoli, che insieme ai \u201cRenanera\u201d, gruppo di musica etnica sperimentale intervenuti anch\u2019essi con un videomessaggio, si esibiranno tutti live al parco del Castello la sera del 1 gennaio. Gli eventi del 31 dicembre saranno raccontati anche da collegamenti in diretta con Telenorba e Teledue e con Radio Radiosa, che in loco avr\u00e0 anche uno studio mobile per la serata successiva e che, con la sua animazione, chiuder\u00e0 la programmazione di entrambi i giorni insieme al suo storico dj Skrezio, come ha spiegato in conferenza stampa il suo direttore artistico Marco Quintano. Questi eventi non solo celebrano l&#8217;arrivo del nuovo anno, con un carico di allegria e leggerezza, che ha permeato anche la conferenza stampa di oggi, ma sono anche un tributo alla ricca tradizione culturale di Matera, e pi\u00f9 in generale della Basilicata. Braia ha sottolineato questo aspetto, considerandolo fortemente caratterizzante del progetto presentato al Comune, incontrando l\u2019apprezzamento degli amministratori. Il sindaco Bennardi, l\u2019assessore D\u2019Oppido e il presidente Salvatore, hanno anche dichiarato che \u201cBen-nato 2024\u201d soddisfer\u00e0 anche la scelta di Matera da parte dei numerosissimi turisti alla ricerca di esperienze culturali autentiche e di qualit\u00e0. \u00abAbbiamo scelto questa proposta di Capodanno, tra le sette arrivate -hanno rimarcato Bennardi, D\u2019Oppido e Salvatore- anche perch\u00e9 rispetto ad altre rispondeva alla nostra richiesta di prevedere due giornate e di guardare al territorio; infatti, il 1 gennaio avremo la passione e la ricerca musicale del gruppo Renanera, anch&#8217;esso lucano, che ha collaborato con la Rai e con artisti come Eugenio Bennato o Vittorio De Scalzi, fondatore e anima dei New Trolls. Ma ci sar\u00e0 anche molta materanit\u00e0, sempre sul genere popolare, con i Ragnatela Folk Band. Una band di Matera con attivit\u00e0 di oltre dieci anni, maturata su numerosi palchi delle principali iniziative di settore, propone, attraverso il suo spettacolo, un viaggio nei ritmi della Tarantella posta al centro di un percorso di ricerca e produzione. Senza dimenticare, infine, sul piano musicale i talentuosi e giovanissimi materani Francesco Stifano e Luciano Dattoli. Dj set a cura di Radio Radiosa Music. Ospite la bellezza lucana con Miss Basilicata Elena Paciello. Vogliamo offrire al grande pubblico uno spettacolo di indubbio spessore, con la presenza di Bennato, che far\u00e0 da catalizzatore dei gusti di ogni et\u00e0. Il carattere variegato dell\u2019offerta, ci dar\u00e0 la garanzia di arrivare a tutte le fasce d\u2019et\u00e0, dai pi\u00f9 giovani che certamente si tratterranno fino a notte fonda, a chi invece preferir\u00e0 o potr\u00e0 godere solo dei momenti iniziali. Un cast di qualit\u00e0 &#8211; concludono Bennardi, D\u2019Oppido e Salvatore &#8211; su cui abbiamo puntato e investito le risorse pubbliche con attenzione, e auspichiamo che davvero tutti possano godere di questo spettacolo\u00bb. Nel corso della conferenza stampa, \u00e8 stato donato al sindaco un tipico Cupa cupa della tradizione lucana, simbolo del folclore e della popolarit\u00e0 che caratterizzer\u00e0 la fine del 2023 e l\u2019inizio del nuovo 2024 nella citt\u00e0 dei Sassi. L\u2019ingresso agli eventi della due giorni di Capodanno sar\u00e0 libero fino a esaurimento capienza.<\/p>\n","protected":false},"excerpt":{"rendered":"<p>\u00c8 stato presentato ieri mattina, nella\u00a0sala\u00a0\u201cMandela&#8221; del municipio di Matera, \u201cBen-nato 2024\u201d, programma di eventi patrocinato e finanziato dall\u2019Amministrazione comunale con cui la citt\u00e0 accoglier\u00e0 il nuovo anno, nelle serate del 31 dicembre e del 1 gennaio al parco del castello Tramontano. Eventi organizzati dalla societ\u00e0 \u201cQuadrum\u201d, vincitrice del bando promosso dall\u2019Amministrazione comunale. Alla conferenza&#8230;<\/p>\n","protected":false},"author":4,"featured_media":3163,"comment_status":"open","ping_status":"open","sticky":false,"template":"","format":"standard","meta":{"footnotes":""},"categories":[2],"tags":[1539,8,1540],"class_list":["post-3162","post","type-post","status-publish","format-standard","has-post-thumbnail","hentry","category-magazine","tag-capodanno-2024","tag-matera","tag-quadrum"],"_links":{"self":[{"href":"https:\/\/www.virtual-press.com\/newsroom\/wp-json\/wp\/v2\/posts\/3162","targetHints":{"allow":["GET"]}}],"collection":[{"href":"https:\/\/www.virtual-press.com\/newsroom\/wp-json\/wp\/v2\/posts"}],"about":[{"href":"https:\/\/www.virtual-press.com\/newsroom\/wp-json\/wp\/v2\/types\/post"}],"author":[{"embeddable":true,"href":"https:\/\/www.virtual-press.com\/newsroom\/wp-json\/wp\/v2\/users\/4"}],"replies":[{"embeddable":true,"href":"https:\/\/www.virtual-press.com\/newsroom\/wp-json\/wp\/v2\/comments?post=3162"}],"version-history":[{"count":1,"href":"https:\/\/www.virtual-press.com\/newsroom\/wp-json\/wp\/v2\/posts\/3162\/revisions"}],"predecessor-version":[{"id":3164,"href":"https:\/\/www.virtual-press.com\/newsroom\/wp-json\/wp\/v2\/posts\/3162\/revisions\/3164"}],"wp:featuredmedia":[{"embeddable":true,"href":"https:\/\/www.virtual-press.com\/newsroom\/wp-json\/wp\/v2\/media\/3163"}],"wp:attachment":[{"href":"https:\/\/www.virtual-press.com\/newsroom\/wp-json\/wp\/v2\/media?parent=3162"}],"wp:term":[{"taxonomy":"category","embeddable":true,"href":"https:\/\/www.virtual-press.com\/newsroom\/wp-json\/wp\/v2\/categories?post=3162"},{"taxonomy":"post_tag","embeddable":true,"href":"https:\/\/www.virtual-press.com\/newsroom\/wp-json\/wp\/v2\/tags?post=3162"}],"curies":[{"name":"wp","href":"https:\/\/api.w.org\/{rel}","templated":true}]}}