{"id":3165,"date":"2024-01-03T00:04:00","date_gmt":"2024-01-02T23:04:00","guid":{"rendered":"https:\/\/www.virtual-press.com\/newsroom\/?p=3165"},"modified":"2024-01-02T12:36:58","modified_gmt":"2024-01-02T11:36:58","slug":"la-luce-nella-masseria-anteprima-nazionale-a-matera-oggi-film-evento-per-i-70-anni-della-rai","status":"publish","type":"post","link":"https:\/\/www.virtual-press.com\/newsroom\/la-luce-nella-masseria-anteprima-nazionale-a-matera-oggi-film-evento-per-i-70-anni-della-rai\/","title":{"rendered":"\u201cLa luce nella masseria\u201d, anteprima nazionale a Matera oggi. Film evento per i 70 anni della Rai"},"content":{"rendered":"\n<p><br>Anteprima nazionale a Matera del film \u2013 evento della Rai \u201cLa luce nella masseria\u201d, ambientato interamente nella citt\u00e0 dei Sassi. Il tv movie sar\u00e0 proiettato al cinema \u201cGuerrieri\u201d oggi, 3 gennaio, esattamente 70 anni dopo l\u2019inizio del servizio pubblico radiotelevisivo. In prima visione e in prima serata arriver\u00e0 su Rai 1 domenica 7 gennaio. \u201cLa luce nella masseria\u201d, per la regia di Riccardo Donna e Tiziana Aristarco, si colloca proprio nell\u2019ambito delle celebrazioni per l\u2019 importante anniversario della nascita della televisione italiana. E\u2019 prodotto da Luca Barbareschi per \u00c8liseo Entertainment, con la collaborazione di Rai Fiction e il supporto della Lucana Film Commission. La storia \u00e8 un tuffo nel passato che ravviva la nostra memoria: l\u2019arrivo della televisione in una famiglia del Sud, a Matera appunto. Una novit\u00e0 raccontata attraverso gli occhi di un bambino (il giovanissimo materano Giovanni Limite nel ruolo di Pinuccio) ed \u00e8 per questo \u201cuna favola luminosa\u201d, \u00a0come la stessa Maria Pia Ammirati, direttrice di Rai Fiction, l\u2019ha definita in conferenza stampa a Roma in viale Mazzini. Oggetto di aggregazione sociale, la tv diventa il deus ex machina della storia, lo strumento che consente ai membri della famiglia Rondinone (divisi dalle scelte individuali dettate dai cambiamenti sociali) di ritrovarsi. \u00a0\u201cLa luce nella masseria\u201d torna a quegli anni e fa rivivere quei momenti insieme ai protagonisti Domenico Diele, Aurora Ruffino, il materano Carlo De Ruggieri, Renato Carpentieri e Giusy Frallonardo. Tanti altri materani hanno lavorato al film: gli attori Nando Irene, Lia Trivisani, Antonio Andrisani e Francesco Zaccaro e i piccoli Aldo Mastrillo e Antonio Trucco. E ancora Maria Grazia Zingariello, Pino Rondinone, Antonella Sasso, Annarosa Matera e Anna Onorati. Geo Coretti si \u00e8 occupato della regia del backstage mentre i casting sono stati affidati alla \u201cBlu Video\u201d.\u00a0 Nel cast anche i lucani Erminio Truncellito e Ilenia Ginefra. Matera, dunque, dopo il grande successo di \u201cSorelle\u201d e di \u201cImma Tataranni \u2013 Sostituto Procuratore\u201d (fiction pi\u00f9 vista nel 2023) torna, da protagonista, su Rai 1.<\/p>\n\n\n\n<p>\u00abSono molto orgogliosa -spiega la presidente della Lucana Film Commission Margherita Romaniello- che sia proprio Matera, e con lei tutta la nostra Basilicata, ad essere la narratrice della nascita settant\u2019anni fa della televisione. Un film, mi piace sottolinearlo, girato a Matera, scritto da due sceneggiatori materani , Saverio D\u2019Ercole e Roberto Moliterni, e con un cast composto al settanta per cento da attrici ed attori materani. Abbiamo scelto per l\u2019anteprima proprio il giorno in cui per la prima volta in Italia si accese la tv, ed averne sostenuto la realizzazione in una citt\u00e0 che non \u00e8 solo fra le pi\u00f9 belle al mondo, ma anche il simbolo di una grande rinascita sociale ed economica siamo certi porter\u00e0 fortuna a tutto il nostro territorio ed alla sua vocazione ad essere terra di cinema\u00bb.<\/p>\n\n\n\n<p>\u00abIn un lavoro di sinergia con la Lucana Film Commission e con la Produzione Eliseo Entertainment -dichiara il governatore lucano Vito Bardi- la Basilicata si racconter\u00e0 ancora una volta dalla rete ammiraglia della Rai consolidando ancor di pi\u00f9 la sua vocazione ad essere protagonista sul piccolo e grande schermo. Siamo molto fieri che la Lucana Film Commission riesca a valorizzare con il suo lavoro le meraviglie e la ricchezza del nostro territorio\u00bb.<\/p>\n\n\n\n<p>\u00abSiamo orgogliosi che la Eliseo Entertainment e la Rai abbiano deciso di proiettare a Matera l\u2019anteprima nazionale del film con cui pochi giorni dopo aprir\u00e0 le celebrazioni dei 70 anni dalla prima messa in onda -commentano il sindaco Domenico Bennardi e l\u2019assessore al Cinema Tiziana D\u2019Oppido- a riprova della centralit\u00e0 della nostra citt\u00e0 nello scenario cinematografico e televisivo nazionale e internazionale, avendo anche quest\u2019anno ospitato produzioni di film kolossal e fiction di grande successo, con ricadute economiche di oltre dieci milioni di euro sul territorio. Lo riteniamo un grande risultato e un plauso per il raggiungimento di quest\u2019obiettivo va alla Lucana Film Commission, con cui auspichiamo di proseguire una collaborazione sinergica e fruttuosa anche nel 2024\u00bb.<\/p>\n\n\n\n<p>All\u2019evento di oggi, organizzato dalla Lucana Film Commission e dall\u2019Amministrazione comunale, saranno presenti i registi e il cast.<\/p>\n","protected":false},"excerpt":{"rendered":"<p>Anteprima nazionale a Matera del film \u2013 evento della Rai \u201cLa luce nella masseria\u201d, ambientato interamente nella citt\u00e0 dei Sassi. Il tv movie sar\u00e0 proiettato al cinema \u201cGuerrieri\u201d oggi, 3 gennaio, esattamente 70 anni dopo l\u2019inizio del servizio pubblico radiotelevisivo. In prima visione e in prima serata arriver\u00e0 su Rai 1 domenica 7 gennaio. \u201cLa&#8230;<\/p>\n","protected":false},"author":4,"featured_media":3166,"comment_status":"open","ping_status":"open","sticky":false,"template":"","format":"standard","meta":{"footnotes":""},"categories":[2],"tags":[1542,1541,865,8],"class_list":["post-3165","post","type-post","status-publish","format-standard","has-post-thumbnail","hentry","category-magazine","tag-anteprima-nazionale","tag-la-luce-nella-masseria","tag-lucana-film-commission","tag-matera"],"_links":{"self":[{"href":"https:\/\/www.virtual-press.com\/newsroom\/wp-json\/wp\/v2\/posts\/3165","targetHints":{"allow":["GET"]}}],"collection":[{"href":"https:\/\/www.virtual-press.com\/newsroom\/wp-json\/wp\/v2\/posts"}],"about":[{"href":"https:\/\/www.virtual-press.com\/newsroom\/wp-json\/wp\/v2\/types\/post"}],"author":[{"embeddable":true,"href":"https:\/\/www.virtual-press.com\/newsroom\/wp-json\/wp\/v2\/users\/4"}],"replies":[{"embeddable":true,"href":"https:\/\/www.virtual-press.com\/newsroom\/wp-json\/wp\/v2\/comments?post=3165"}],"version-history":[{"count":2,"href":"https:\/\/www.virtual-press.com\/newsroom\/wp-json\/wp\/v2\/posts\/3165\/revisions"}],"predecessor-version":[{"id":3168,"href":"https:\/\/www.virtual-press.com\/newsroom\/wp-json\/wp\/v2\/posts\/3165\/revisions\/3168"}],"wp:featuredmedia":[{"embeddable":true,"href":"https:\/\/www.virtual-press.com\/newsroom\/wp-json\/wp\/v2\/media\/3166"}],"wp:attachment":[{"href":"https:\/\/www.virtual-press.com\/newsroom\/wp-json\/wp\/v2\/media?parent=3165"}],"wp:term":[{"taxonomy":"category","embeddable":true,"href":"https:\/\/www.virtual-press.com\/newsroom\/wp-json\/wp\/v2\/categories?post=3165"},{"taxonomy":"post_tag","embeddable":true,"href":"https:\/\/www.virtual-press.com\/newsroom\/wp-json\/wp\/v2\/tags?post=3165"}],"curies":[{"name":"wp","href":"https:\/\/api.w.org\/{rel}","templated":true}]}}