{"id":3191,"date":"2024-01-19T00:06:00","date_gmt":"2024-01-18T23:06:00","guid":{"rendered":"https:\/\/www.virtual-press.com\/newsroom\/?p=3191"},"modified":"2024-01-18T18:27:20","modified_gmt":"2024-01-18T17:27:20","slug":"convegno-delloscad-a-matera-polizia-di-stato-e-carabinieri-contro-le-discriminazioni","status":"publish","type":"post","link":"https:\/\/www.virtual-press.com\/newsroom\/convegno-delloscad-a-matera-polizia-di-stato-e-carabinieri-contro-le-discriminazioni\/","title":{"rendered":"Convegno dell\u2019OSCAD a Matera: Polizia di Stato e Carabinieri contro le discriminazioni"},"content":{"rendered":"\n<figure class=\"wp-block-gallery has-nested-images columns-default is-cropped wp-block-gallery-1 is-layout-flex wp-block-gallery-is-layout-flex\">\n<figure class=\"wp-block-image size-large\"><img loading=\"lazy\" decoding=\"async\" width=\"1024\" height=\"460\" data-id=\"3195\" src=\"https:\/\/www.virtual-press.com\/newsroom\/wp-content\/uploads\/2024\/01\/07-1024x460.jpg\" alt=\"\" class=\"wp-image-3195\" srcset=\"https:\/\/www.virtual-press.com\/newsroom\/wp-content\/uploads\/2024\/01\/07-1024x460.jpg 1024w, https:\/\/www.virtual-press.com\/newsroom\/wp-content\/uploads\/2024\/01\/07-300x135.jpg 300w, https:\/\/www.virtual-press.com\/newsroom\/wp-content\/uploads\/2024\/01\/07-768x345.jpg 768w, https:\/\/www.virtual-press.com\/newsroom\/wp-content\/uploads\/2024\/01\/07-1536x690.jpg 1536w, https:\/\/www.virtual-press.com\/newsroom\/wp-content\/uploads\/2024\/01\/07-850x382.jpg 850w, https:\/\/www.virtual-press.com\/newsroom\/wp-content\/uploads\/2024\/01\/07.jpg 1600w\" sizes=\"auto, (max-width: 1024px) 100vw, 1024px\" \/><\/figure>\n\n\n\n<figure class=\"wp-block-image size-large\"><img loading=\"lazy\" decoding=\"async\" width=\"1024\" height=\"460\" data-id=\"3196\" src=\"https:\/\/www.virtual-press.com\/newsroom\/wp-content\/uploads\/2024\/01\/05.jpg\" alt=\"\" class=\"wp-image-3196\" srcset=\"https:\/\/www.virtual-press.com\/newsroom\/wp-content\/uploads\/2024\/01\/05.jpg 1024w, https:\/\/www.virtual-press.com\/newsroom\/wp-content\/uploads\/2024\/01\/05-300x135.jpg 300w, https:\/\/www.virtual-press.com\/newsroom\/wp-content\/uploads\/2024\/01\/05-768x345.jpg 768w, https:\/\/www.virtual-press.com\/newsroom\/wp-content\/uploads\/2024\/01\/05-850x382.jpg 850w\" sizes=\"auto, (max-width: 1024px) 100vw, 1024px\" \/><\/figure>\n\n\n\n<figure class=\"wp-block-image size-large\"><img loading=\"lazy\" decoding=\"async\" width=\"1024\" height=\"460\" data-id=\"3194\" src=\"https:\/\/www.virtual-press.com\/newsroom\/wp-content\/uploads\/2024\/01\/10-1024x460.jpg\" alt=\"\" class=\"wp-image-3194\" srcset=\"https:\/\/www.virtual-press.com\/newsroom\/wp-content\/uploads\/2024\/01\/10-1024x460.jpg 1024w, https:\/\/www.virtual-press.com\/newsroom\/wp-content\/uploads\/2024\/01\/10-300x135.jpg 300w, https:\/\/www.virtual-press.com\/newsroom\/wp-content\/uploads\/2024\/01\/10-768x345.jpg 768w, https:\/\/www.virtual-press.com\/newsroom\/wp-content\/uploads\/2024\/01\/10-1536x690.jpg 1536w, https:\/\/www.virtual-press.com\/newsroom\/wp-content\/uploads\/2024\/01\/10-850x382.jpg 850w, https:\/\/www.virtual-press.com\/newsroom\/wp-content\/uploads\/2024\/01\/10.jpg 1600w\" sizes=\"auto, (max-width: 1024px) 100vw, 1024px\" \/><\/figure>\n\n\n\n<figure class=\"wp-block-image size-large\"><img loading=\"lazy\" decoding=\"async\" width=\"1024\" height=\"700\" data-id=\"3193\" src=\"https:\/\/www.virtual-press.com\/newsroom\/wp-content\/uploads\/2024\/01\/08-1024x700.jpg\" alt=\"\" class=\"wp-image-3193\" srcset=\"https:\/\/www.virtual-press.com\/newsroom\/wp-content\/uploads\/2024\/01\/08-1024x700.jpg 1024w, https:\/\/www.virtual-press.com\/newsroom\/wp-content\/uploads\/2024\/01\/08-300x205.jpg 300w, https:\/\/www.virtual-press.com\/newsroom\/wp-content\/uploads\/2024\/01\/08-768x525.jpg 768w, https:\/\/www.virtual-press.com\/newsroom\/wp-content\/uploads\/2024\/01\/08-1536x1049.jpg 1536w, https:\/\/www.virtual-press.com\/newsroom\/wp-content\/uploads\/2024\/01\/08-850x581.jpg 850w, https:\/\/www.virtual-press.com\/newsroom\/wp-content\/uploads\/2024\/01\/08.jpg 2048w\" sizes=\"auto, (max-width: 1024px) 100vw, 1024px\" \/><\/figure>\n\n\n\n<figure class=\"wp-block-image size-large\"><img loading=\"lazy\" decoding=\"async\" width=\"1024\" height=\"576\" data-id=\"3199\" src=\"https:\/\/www.virtual-press.com\/newsroom\/wp-content\/uploads\/2024\/01\/02-1024x576.jpg\" alt=\"\" class=\"wp-image-3199\" srcset=\"https:\/\/www.virtual-press.com\/newsroom\/wp-content\/uploads\/2024\/01\/02-1024x576.jpg 1024w, https:\/\/www.virtual-press.com\/newsroom\/wp-content\/uploads\/2024\/01\/02-300x169.jpg 300w, https:\/\/www.virtual-press.com\/newsroom\/wp-content\/uploads\/2024\/01\/02-768x432.jpg 768w, https:\/\/www.virtual-press.com\/newsroom\/wp-content\/uploads\/2024\/01\/02-1536x864.jpg 1536w, https:\/\/www.virtual-press.com\/newsroom\/wp-content\/uploads\/2024\/01\/02-850x478.jpg 850w, https:\/\/www.virtual-press.com\/newsroom\/wp-content\/uploads\/2024\/01\/02.jpg 1600w\" sizes=\"auto, (max-width: 1024px) 100vw, 1024px\" \/><\/figure>\n\n\n\n<figure class=\"wp-block-image size-large\"><img loading=\"lazy\" decoding=\"async\" width=\"1024\" height=\"594\" data-id=\"3198\" src=\"https:\/\/www.virtual-press.com\/newsroom\/wp-content\/uploads\/2024\/01\/09-1024x594.jpg\" alt=\"\" class=\"wp-image-3198\" srcset=\"https:\/\/www.virtual-press.com\/newsroom\/wp-content\/uploads\/2024\/01\/09-1024x594.jpg 1024w, https:\/\/www.virtual-press.com\/newsroom\/wp-content\/uploads\/2024\/01\/09-300x174.jpg 300w, https:\/\/www.virtual-press.com\/newsroom\/wp-content\/uploads\/2024\/01\/09-768x446.jpg 768w, https:\/\/www.virtual-press.com\/newsroom\/wp-content\/uploads\/2024\/01\/09-1536x891.jpg 1536w, https:\/\/www.virtual-press.com\/newsroom\/wp-content\/uploads\/2024\/01\/09-2048x1188.jpg 2048w, https:\/\/www.virtual-press.com\/newsroom\/wp-content\/uploads\/2024\/01\/09-850x493.jpg 850w\" sizes=\"auto, (max-width: 1024px) 100vw, 1024px\" \/><\/figure>\n\n\n\n<figure class=\"wp-block-image size-large\"><img loading=\"lazy\" decoding=\"async\" width=\"1024\" height=\"460\" data-id=\"3192\" src=\"https:\/\/www.virtual-press.com\/newsroom\/wp-content\/uploads\/2024\/01\/03-1024x460.jpg\" alt=\"\" class=\"wp-image-3192\" srcset=\"https:\/\/www.virtual-press.com\/newsroom\/wp-content\/uploads\/2024\/01\/03-1024x460.jpg 1024w, https:\/\/www.virtual-press.com\/newsroom\/wp-content\/uploads\/2024\/01\/03-300x135.jpg 300w, https:\/\/www.virtual-press.com\/newsroom\/wp-content\/uploads\/2024\/01\/03-768x345.jpg 768w, https:\/\/www.virtual-press.com\/newsroom\/wp-content\/uploads\/2024\/01\/03-1536x690.jpg 1536w, https:\/\/www.virtual-press.com\/newsroom\/wp-content\/uploads\/2024\/01\/03-850x382.jpg 850w, https:\/\/www.virtual-press.com\/newsroom\/wp-content\/uploads\/2024\/01\/03.jpg 1600w\" sizes=\"auto, (max-width: 1024px) 100vw, 1024px\" \/><\/figure>\n\n\n\n<figure class=\"wp-block-image size-large\"><img loading=\"lazy\" decoding=\"async\" width=\"1024\" height=\"811\" data-id=\"3200\" src=\"https:\/\/www.virtual-press.com\/newsroom\/wp-content\/uploads\/2024\/01\/01-1024x811.jpg\" alt=\"\" class=\"wp-image-3200\" srcset=\"https:\/\/www.virtual-press.com\/newsroom\/wp-content\/uploads\/2024\/01\/01-1024x811.jpg 1024w, https:\/\/www.virtual-press.com\/newsroom\/wp-content\/uploads\/2024\/01\/01-300x238.jpg 300w, https:\/\/www.virtual-press.com\/newsroom\/wp-content\/uploads\/2024\/01\/01-768x608.jpg 768w, https:\/\/www.virtual-press.com\/newsroom\/wp-content\/uploads\/2024\/01\/01-850x673.jpg 850w, https:\/\/www.virtual-press.com\/newsroom\/wp-content\/uploads\/2024\/01\/01.jpg 1515w\" sizes=\"auto, (max-width: 1024px) 100vw, 1024px\" \/><\/figure>\n<\/figure>\n\n\n\n<p>Si \u00e8 svolto\u00a0ieri mattina, nel Cineteatro comunale \u201cGerardo Guerrieri\u201d, il convegno dal titolo \u201cLe vittime dell\u2019odio\u201d, promosso dall\u2019OSCAD (Osservatorio per la sicurezza contro gli atti discriminatori) e organizzato dalla Questura e dal Comando Provinciale dei Carabinieri di Matera davanti ad una platea composta da quasi trecento studenti. Al convegno \u00e8 intervenuto\u00a0 il Vice Direttore Generale della Pubblica Sicurezza con funzioni vicarie, Prefetto Vittorio Rizzi, Presidente dell\u2019Osservatorio per la Sicurezza Contro gli Atti Discriminatori.<\/p>\n\n\n\n<p><strong>&nbsp;<\/strong>L\u2019OSCAD \u2013 organismo interforze composto da Polizia di Stato e Arma dei Carabinieri, incardinato presso il Dipartimento della Pubblica Sicurezza, Direzione Centrale della Polizia Criminale \u2013 ha tra i suoi obiettivi la prevenzione e il contrasto dei reati di odio (<em>hate crime<\/em>) e di matrice discriminatoria, motivati cio\u00e8 da un pregiudizio che l\u2019autore nutre nei confronti della vittima, in ragione della sua origine etnico-razziale, religiosa, linguistica o della sua disabilit\u00e0.<\/p>\n\n\n\n<p>A dare il benvenuto agli illustri ospiti ed alla platea, composta da centinaia di studenti, sono stati il Prefetto della Provincia di Matera, Cristina Favilli e il vice Sindaco Antonio Materdomini in rappresentanza del Sindaco.<\/p>\n\n\n\n<p>Il convegno, moderato dal Vice Questore della Polizia di Stato Francesca Romana Capaldo e dalla giornalista materana Rossella Montemurro, ha trattato due argomenti: l\u2019abilismo e la discriminazione di genere.<\/p>\n\n\n\n<p>Per il primo&nbsp;<em>panel<\/em>&nbsp;sono intervenuti il Tenente Colonnello dell\u2019Esercito Gianfranco Paglia, Medaglia d\u2019Oro al valor militare, e l\u2019Agente Tecnico della Polizia di Stato Emanuele Lambertini, campione paralimpico delle Fiamme Oro nella specialit\u00e0 fioretto e spada, che hanno raccontato la loro esperienza di vita, fonte di grande ispirazione per i giovani studenti presenti tra il pubblico. Gianfranco PAGLIA, gravemente ferito alla colonna vertebrale nella battaglia di Mogadiscio il 2&nbsp;luglio&nbsp;1993, \u00e8 tornato a prestare servizio nell\u2019Esercito e ora \u00e8 anche consigliere ministeriale per le iniziative sportive del personale militare disabile, oltre ad essere capitano della squadra paralimpica della Difesa. Emanuele Lambertini, medaglia d\u2019oro ai campionati mondiali di Terni 2023, ha raccontato dell\u2019entusiasmo con cui affronta le piccole e grandi sfide della vita; \u00e8 una persona estroversa e ricca di esperienze, nonostante la giovane et\u00e0: tra le altre cose, suona il pianoforte dall\u2019et\u00e0 di 12 anni e frequenta la facolt\u00e0 di Ingegneria dell\u2019automazione presso l\u2019Universit\u00e0 di Bologna, coltivando il sogno di progettare, un giorno, nuove protesi.<\/p>\n\n\n\n<p>Un\u2019altra storia di coraggio \u00e8 quella di Gaetano Fuso, poliziotto della Questura di Matera, colpito dalla SLA, malattia che non gli ha lasciato scampo. L\u2019ha raccontata la moglie, Giorgia Rollo, che ha spiegato come Gaetano \u00e8 riuscito a realizzare il suo sogno di rendere il mare accessibile a tutti, anche ai disabili. Questa idea, che con caparbiet\u00e0 ha saputo realizzare sulla spiaggia di San Foca, in provincia di Lecce, \u00e8 stata contagiosa perch\u00e9, su quell\u2019esempio, altre spiagge attrezzate inclusive sono state aperte: da ultimo, quella inaugurata l\u2019anno scorso proprio qui a Metaponto, in provincia di Matera.<\/p>\n\n\n\n<p>Il secondo&nbsp;<em>panel&nbsp;<\/em>\u00e8 stato dedicato, invece, alla violenza di genere e ha visto gli interventi del Questore di Matera, Emma Ivagnes, del Comandante Provinciale dei Carabinieri, Giovanni Russo, e dell\u2019Assessora alla Cultura, pari opportunit\u00e0 e parit\u00e0 di genere del Comune di Matera, Tiziana D\u2019Oppido. \u00c8 stata l\u2019occasione per ricordare che il 25&nbsp;novembre&nbsp;scorso, in occasione della Giornata internazionale per l\u2019eliminazione della violenza contro le donne, il Questore e il Comandante Provinciale dei Carabinieri hanno siglato un protocollo con il Comune di Matera e altri attori sociali, con l\u2019obiettivo di \u201cfare squadra\u201d e rafforzare i servizi offerti alle donne, condividendo modalit\u00e0 operative comuni e favorendo una formazione&nbsp;<em>ad hoc<\/em>&nbsp;per tutti gli operatori che entrano in contatto con le vittime.<\/p>\n\n\n\n<p>Il Colonnello Russo ha parlato dell\u2019impegno dell\u2019Arma dei Carabinieri nella prevenzione e contrasto alla violenza di genere, nonch\u00e9 delle risorse investite nella formazione del personale, nella creazione di strutture investigative&nbsp;<em>ad hoc<\/em>&nbsp;nella collaborazione interistituzionale, mentre il Questore Ivagnes ha spiegato quali sono gli strumenti a disposizione delle donne per difendersi dalla violenza domestica e dagli atti persecutori, rilanciando l\u2019invito, alle vittime e a chi sia a conoscenza di situazioni di disagio, di rivolgersi alle Forze dell\u2019ordine. Durante il suo intervento, il Questore si \u00e8 soffermato sull\u2019Ammonimento, misura di prevenzione finalizzata a prevenire la cosiddetta&nbsp;<em>escalation<\/em>&nbsp;nella commissione di reati sempre pi\u00f9 gravi, ribadendo l\u2019importanza del fattore culturale nella lotta alla discriminazione.<\/p>\n\n\n\n<p>La fiducia nelle Forze dell\u2019ordine, da parte di chi \u00e8 vittima, \u00e8 un altro tassello fondamentale nel contrasto a reati cos\u00ec insidiosi: ne ha parlato specificamente il Luogotenente Gianvito De Benedetto, Comandante della Stazione Carabinieri di Matera, punto di riferimento della signora Lucia, vittima, insieme alle sue figlie, di maltrattamenti e stalking da parte del marito, anche lei intervenuta sul palco. L\u2019empatia e la fiducia instauratesi con la signora, sono state importanti per aiutarla a denunciare i maltrattamenti a cui era sottoposta, raccontando la sua storia di violenze e soprusi durati anni. La signora Lucia ha raccontato, infine, come sia riuscita a venirne fuori, costituendo, in questo modo, un modello per tante altre donne.<\/p>\n\n\n\n<p>Durante l\u2019evento, inoltre, sono stati proiettati alcuni video e proposti dei monologhi teatrali molto toccanti: \u201cLe parole hanno un peso\u201d, di Tiziano Ferro, \u00e8 stato interpretato dall\u2019attore Antonello Morelli, mentre la professoressa Rosa Mastrosimone, Presidente del Centro Italiano Antiviolenza \u201cAthena\u201d, ha provato a dare voce a quelle vittime che in vita hanno parlato poco o non sono state ascoltate, con la speranza di infondere coraggio a chi pu\u00f2 ancora salvarsi dalla violenza a cui \u00e8 sottoposta.<\/p>\n\n\n\n<p>Nel finale dell\u2019evento, magistrale l\u2019intervento del Vice Direttore Generale della Pubblica Sicurezza con funzioni vicarie, Prefetto Vittorio Rizzi, Presidente dell\u2019OSCAD, il quale, attraverso un percorso di riflessione che ha attraversato storia, filosofia e normativa, ha aiutato i presenti a comprendere quale carico emotivo debbano sopportare le vittime di odio. Perch\u00e9 l\u2019odio colpisce non solo con azioni visibili, ma spesso, in maniera pi\u00f9 subdola, attraverso parole che fanno male, che hanno un peso e che lasciano un segno indelebile.<\/p>\n\n\n\n<p>Si \u00e8 parlato di discriminazione e di risposta positiva alla sofferenza, dell\u2019impegno portato avanti, tutti insieme, per costruire un mondo sempre pi\u00f9 inclusivo, che non lasci fuori nessuno. Perci\u00f2, nel segno dell\u2019ottimismo e della positivit\u00e0, si \u00e8 voluto concludere il convegno con un intervento del comico Dino Paradiso, che ha fatto ridere ma anche un po\u2019 riflettere. Il dialogo e la comprensione sono la chiave per superare l\u2019odio e l\u2019intolleranza.<\/p>\n\n\n\n<p>L\u2019evento \u00e8 stato interamente trasmesso in diretta televisiva dall\u2019emittente TRM Network ed \u00e8 disponibile in&nbsp;<em>streaming<\/em>&nbsp;al link:&nbsp;<a href=\"https:\/\/youtube.com\/live\/Uo2pDOL7zXc\" rel=\"noreferrer noopener\" target=\"_blank\">https:\/\/youtube.com\/live\/Uo2pDOL7zXc<\/a>.<\/p>\n","protected":false},"excerpt":{"rendered":"<p>Si \u00e8 svolto\u00a0ieri mattina, nel Cineteatro comunale \u201cGerardo Guerrieri\u201d, il convegno dal titolo \u201cLe vittime dell\u2019odio\u201d, promosso dall\u2019OSCAD (Osservatorio per la sicurezza contro gli atti discriminatori) e organizzato dalla Questura e dal Comando Provinciale dei Carabinieri di Matera davanti ad una platea composta da quasi trecento studenti. Al convegno \u00e8 intervenuto\u00a0 il Vice Direttore Generale&#8230;<\/p>\n","protected":false},"author":4,"featured_media":3199,"comment_status":"open","ping_status":"open","sticky":false,"template":"","format":"standard","meta":{"footnotes":""},"categories":[2],"tags":[],"class_list":["post-3191","post","type-post","status-publish","format-standard","has-post-thumbnail","hentry","category-magazine"],"_links":{"self":[{"href":"https:\/\/www.virtual-press.com\/newsroom\/wp-json\/wp\/v2\/posts\/3191","targetHints":{"allow":["GET"]}}],"collection":[{"href":"https:\/\/www.virtual-press.com\/newsroom\/wp-json\/wp\/v2\/posts"}],"about":[{"href":"https:\/\/www.virtual-press.com\/newsroom\/wp-json\/wp\/v2\/types\/post"}],"author":[{"embeddable":true,"href":"https:\/\/www.virtual-press.com\/newsroom\/wp-json\/wp\/v2\/users\/4"}],"replies":[{"embeddable":true,"href":"https:\/\/www.virtual-press.com\/newsroom\/wp-json\/wp\/v2\/comments?post=3191"}],"version-history":[{"count":1,"href":"https:\/\/www.virtual-press.com\/newsroom\/wp-json\/wp\/v2\/posts\/3191\/revisions"}],"predecessor-version":[{"id":3201,"href":"https:\/\/www.virtual-press.com\/newsroom\/wp-json\/wp\/v2\/posts\/3191\/revisions\/3201"}],"wp:featuredmedia":[{"embeddable":true,"href":"https:\/\/www.virtual-press.com\/newsroom\/wp-json\/wp\/v2\/media\/3199"}],"wp:attachment":[{"href":"https:\/\/www.virtual-press.com\/newsroom\/wp-json\/wp\/v2\/media?parent=3191"}],"wp:term":[{"taxonomy":"category","embeddable":true,"href":"https:\/\/www.virtual-press.com\/newsroom\/wp-json\/wp\/v2\/categories?post=3191"},{"taxonomy":"post_tag","embeddable":true,"href":"https:\/\/www.virtual-press.com\/newsroom\/wp-json\/wp\/v2\/tags?post=3191"}],"curies":[{"name":"wp","href":"https:\/\/api.w.org\/{rel}","templated":true}]}}