{"id":3218,"date":"2024-01-31T00:10:00","date_gmt":"2024-01-30T23:10:00","guid":{"rendered":"https:\/\/www.virtual-press.com\/newsroom\/?p=3218"},"modified":"2024-01-29T18:10:38","modified_gmt":"2024-01-29T17:10:38","slug":"comunita-energetiche-rinnovabili-concessione-di-contributi-a-favore-dei-comuni-lucani-convegno-domani-a-matera","status":"publish","type":"post","link":"https:\/\/www.virtual-press.com\/newsroom\/comunita-energetiche-rinnovabili-concessione-di-contributi-a-favore-dei-comuni-lucani-convegno-domani-a-matera\/","title":{"rendered":"\u201cComunit\u00e0 Energetiche Rinnovabili \u2013 Concessione di contributi a favore dei comuni lucani\u201d, convegno domani a Matera"},"content":{"rendered":"\n<p>Per domani, gioved\u00ec 1\u00b0 febbraio (ore 16.30), presso l\u2019Alvino Relais di Matera, \u00e8 in programma il Convegno \u201cComunit\u00e0 Energetiche Rinnovabili \u2013 Concessione di contributi a favore dei comuni lucani\u201d.<\/p>\n\n\n\n<p>L\u2019evento \u00e8 organizzato dall\u2019Ordine degli Ingegneri della provincia di Matera, e dagli omologhi ordini e collegi degli Architetti Pianificatori Paesaggisti e Conservatori, dei Periti Agrari, dei Geometri e dei Periti Industriali. Inoltre, i lavori registrano la partecipazione della Regione Basilicata, del Consiglio Nazionale degli Ingegneri, dell\u2019ANCI \u2013 Associazione Nazionale Comuni Italiani e il contributo di Infodrive \u2013 Soluzioni e servizi automotive.<\/p>\n\n\n\n<p>Una Comunit\u00e0 Energetica Rinnovabile (CER) \u00e8 \u201cun insieme di cittadini, piccole e medie imprese, enti territoriali e autorit\u00e0 locali, incluse le amministrazioni comunali, le cooperative, gli enti di ricerca, gli enti religiosi, quelli del terzo settore e di protezione ambientale, che condividono l\u2019energia elettrica rinnovabile prodotta da impianti nella disponibilit\u00e0 di uno o pi\u00f9 soggetti associatisi alla comunit\u00e0) \u2013 come si legge sul sito del Ministero dell\u2019Ambiente e della Sicurezza Energetica (F.A.Q.:&nbsp;<a href=\"https:\/\/servizistampa.us3.list-manage.com\/track\/click?u=9147f84e088ca45c47cd27a6a&amp;id=42b369c1cb&amp;e=bf354e73be\" target=\"_blank\" rel=\"noreferrer noopener\">https:\/\/bit.ly\/MTconvegnoCER<\/a>).<\/p>\n\n\n\n<p>Dopo gli indirizzi di saluto espressi sia dai presidenti degli ordini e dei collegi partecipanti, sia dall\u2019on. Erica Mazzetti (Componente della Commissione Ambiente, Territorio e Lavori Pubblici della Camera dei Deputati), l\u2019apertura dei lavori sar\u00e0 affidata all\u2019Assessore Ambiente, Territorio ed Energia della Regione Basilicata, Cosimo Latronico, e al Presidente del Consiglio Nazionale degli Ingegneri, Domenico Perrini. Successivamente, sono previsti gli interventi di Roberto Tricomi (Direttore Generale del Dipartimento Ambiente, Territorio ed Energia della Regione Basilicata), Andrea Bernardo (Presidente dell\u2019ANCI Basilicata), Antonio D\u2019Angola (Docente dell\u2019Universit\u00e0 degli Studi della Basilicata) e Francesco Calanna (Infodrive Spa).<\/p>\n\n\n\n<p>Il presidente dell\u2019Ordine degli Ingegneri, Giuseppe Sicolo, esprime il suo entusiasmo: \u201cPer trattare un argomento di tale importanza, era nostra intenzione coinvolgere, come sempre, tutte le categorie professionali interessate, che hanno accolto subito il desiderio comune di fare squadra. Alla loro presenza, si unisce l\u2019adesione di relatori di particolare rilevanza. Il futuro della gestione energetica della nostra comunit\u00e0 \u00e8 materia di condivisione di obiettivi e di visioni, dunque fare rete rappresenta la migliore modalit\u00e0 affinch\u00e9 siano affrontate tutte le tematiche correlate, ed elaborate soluzioni conciliabili con le peculiarit\u00e0 del nostro territorio\u201d.&nbsp;<\/p>\n\n\n\n<p>La partecipazione al convegno da parte degli iscritti agli ordini professionali produrr\u00e0 un credito formativo di due punti. La chiusura dei lavori \u00e8 programmata per le 19.00.<\/p>\n","protected":false},"excerpt":{"rendered":"<p>Per domani, gioved\u00ec 1\u00b0 febbraio (ore 16.30), presso l\u2019Alvino Relais di Matera, \u00e8 in programma il Convegno \u201cComunit\u00e0 Energetiche Rinnovabili \u2013 Concessione di contributi a favore dei comuni lucani\u201d. L\u2019evento \u00e8 organizzato dall\u2019Ordine degli Ingegneri della provincia di Matera, e dagli omologhi ordini e collegi degli Architetti Pianificatori Paesaggisti e Conservatori, dei Periti Agrari, dei&#8230;<\/p>\n","protected":false},"author":4,"featured_media":3219,"comment_status":"open","ping_status":"open","sticky":false,"template":"","format":"standard","meta":{"footnotes":""},"categories":[2],"tags":[1562,8],"class_list":["post-3218","post","type-post","status-publish","format-standard","has-post-thumbnail","hentry","category-magazine","tag-comunita-energetiche","tag-matera"],"_links":{"self":[{"href":"https:\/\/www.virtual-press.com\/newsroom\/wp-json\/wp\/v2\/posts\/3218","targetHints":{"allow":["GET"]}}],"collection":[{"href":"https:\/\/www.virtual-press.com\/newsroom\/wp-json\/wp\/v2\/posts"}],"about":[{"href":"https:\/\/www.virtual-press.com\/newsroom\/wp-json\/wp\/v2\/types\/post"}],"author":[{"embeddable":true,"href":"https:\/\/www.virtual-press.com\/newsroom\/wp-json\/wp\/v2\/users\/4"}],"replies":[{"embeddable":true,"href":"https:\/\/www.virtual-press.com\/newsroom\/wp-json\/wp\/v2\/comments?post=3218"}],"version-history":[{"count":1,"href":"https:\/\/www.virtual-press.com\/newsroom\/wp-json\/wp\/v2\/posts\/3218\/revisions"}],"predecessor-version":[{"id":3220,"href":"https:\/\/www.virtual-press.com\/newsroom\/wp-json\/wp\/v2\/posts\/3218\/revisions\/3220"}],"wp:featuredmedia":[{"embeddable":true,"href":"https:\/\/www.virtual-press.com\/newsroom\/wp-json\/wp\/v2\/media\/3219"}],"wp:attachment":[{"href":"https:\/\/www.virtual-press.com\/newsroom\/wp-json\/wp\/v2\/media?parent=3218"}],"wp:term":[{"taxonomy":"category","embeddable":true,"href":"https:\/\/www.virtual-press.com\/newsroom\/wp-json\/wp\/v2\/categories?post=3218"},{"taxonomy":"post_tag","embeddable":true,"href":"https:\/\/www.virtual-press.com\/newsroom\/wp-json\/wp\/v2\/tags?post=3218"}],"curies":[{"name":"wp","href":"https:\/\/api.w.org\/{rel}","templated":true}]}}