{"id":3232,"date":"2024-02-02T00:05:00","date_gmt":"2024-02-01T23:05:00","guid":{"rendered":"https:\/\/www.virtual-press.com\/newsroom\/?p=3232"},"modified":"2024-02-01T12:47:42","modified_gmt":"2024-02-01T11:47:42","slug":"ricevuta-da-s-e-mons-antonio-giuseppe-caiazzo-arcivescovo-di-matera-irsina-e-vescovo-di-tricarico-una-delegazione-dellassociazione-provinciale-diabetici-apd","status":"publish","type":"post","link":"https:\/\/www.virtual-press.com\/newsroom\/ricevuta-da-s-e-mons-antonio-giuseppe-caiazzo-arcivescovo-di-matera-irsina-e-vescovo-di-tricarico-una-delegazione-dellassociazione-provinciale-diabetici-apd\/","title":{"rendered":"Ricevuta da S.E. Mons. Antonio Giuseppe Caiazzo, Arcivescovo di Matera-Irsina e Vescovo di Tricarico, una delegazione dell&#8217;Associazione Provinciale Diabetici (APD)"},"content":{"rendered":"\n<figure class=\"wp-block-gallery has-nested-images columns-default is-cropped wp-block-gallery-1 is-layout-flex wp-block-gallery-is-layout-flex\">\n<figure class=\"wp-block-image size-large\"><img loading=\"lazy\" decoding=\"async\" width=\"1024\" height=\"768\" data-id=\"3234\" src=\"https:\/\/www.virtual-press.com\/newsroom\/wp-content\/uploads\/2024\/02\/Da-sx-presidente-Troia-e-Mons.-Caiazzo-1024x768.jpeg\" alt=\"\" class=\"wp-image-3234\" srcset=\"https:\/\/www.virtual-press.com\/newsroom\/wp-content\/uploads\/2024\/02\/Da-sx-presidente-Troia-e-Mons.-Caiazzo-1024x768.jpeg 1024w, https:\/\/www.virtual-press.com\/newsroom\/wp-content\/uploads\/2024\/02\/Da-sx-presidente-Troia-e-Mons.-Caiazzo-300x225.jpeg 300w, https:\/\/www.virtual-press.com\/newsroom\/wp-content\/uploads\/2024\/02\/Da-sx-presidente-Troia-e-Mons.-Caiazzo-768x576.jpeg 768w, https:\/\/www.virtual-press.com\/newsroom\/wp-content\/uploads\/2024\/02\/Da-sx-presidente-Troia-e-Mons.-Caiazzo-1536x1152.jpeg 1536w, https:\/\/www.virtual-press.com\/newsroom\/wp-content\/uploads\/2024\/02\/Da-sx-presidente-Troia-e-Mons.-Caiazzo-850x638.jpeg 850w, https:\/\/www.virtual-press.com\/newsroom\/wp-content\/uploads\/2024\/02\/Da-sx-presidente-Troia-e-Mons.-Caiazzo.jpeg 2000w\" sizes=\"auto, (max-width: 1024px) 100vw, 1024px\" \/><\/figure>\n<\/figure>\n\n\n\n<p><\/p>\n\n\n\n<p>\u00c8 stata ricevuta da S.E. Mons. Antonio Giuseppe Caiazzo, Arcivescovo di Matera-Irsina e Vescovo di Tricarico, ieri mattina a Matera nel Palazzo Arcivescovile, una delegazione dell&#8217;Associazione Provinciale Diabetici (APD) della Citt\u00e0 dei Sassi.<\/p>\n\n\n\n<p>Nell&#8217;occasione, il presidente dell\u2019APD Domenico Tro\u00eca ha consegnato a Mons. Caiazzo una targa di ringraziamento e il Quaderno della rassegna stampa del primo convegno APD che si \u00e8 svolto a Matera. Il presidente ha inoltre illustrato l&#8217;esperienza associativa, soffermandosi sull&#8217;importanza del Centro di ascolto del quale si occupa personalmente.<\/p>\n\n\n\n<p>L\u2019Associazione Provinciale Diabetici di Matera \u00e8 sempre in prima linea, con un confronto positivo con le istituzioni socio sanitarie, nella societ\u00e0 e nelle scuole affinch\u00e9 la prevenzione del diabete abbia ricadute positive nella cura della malattia.<\/p>\n\n\n\n<p>Una percentuale elevata di zuccheri nel sangue procura scompensi, disagi per la vita di quanti, anche in et\u00e0 scolare, purtroppo, sono colpiti dal diabete. Le statistiche e quanto sentiamo, vediamo, nella vita di tutti i giorni impongono il rispetto e l\u2019adozione di stili di vita adeguati, corretti, armonizzati, da una giusta introduzione di zuccheri nella dieta, con una variet\u00e0 alimentare che non deve ignorare cibi e prodotti della dieta mediterranea, da associare a sport, movimento.<\/p>\n\n\n\n<p>Presenti all&#8217;incontro, insieme al presidente Tro\u00eca, il dott. Antonio Guerricchio, farmacista; il dott. Domenico Infante, direttore responsabile di Logos; il Dott. Paolo Stasi e il dott. Nicola Grande, rispettivamente presidente e consigliere del Circolo Culturale La Scaletta di Matera; la giornalista Rossella Montemurro.<\/p>\n","protected":false},"excerpt":{"rendered":"<p>\u00c8 stata ricevuta da S.E. Mons. Antonio Giuseppe Caiazzo, Arcivescovo di Matera-Irsina e Vescovo di Tricarico, ieri mattina a Matera nel Palazzo Arcivescovile, una delegazione dell&#8217;Associazione Provinciale Diabetici (APD) della Citt\u00e0 dei Sassi. Nell&#8217;occasione, il presidente dell\u2019APD Domenico Tro\u00eca ha consegnato a Mons. Caiazzo una targa di ringraziamento e il Quaderno della rassegna stampa del&#8230;<\/p>\n","protected":false},"author":4,"featured_media":3233,"comment_status":"open","ping_status":"open","sticky":false,"template":"","format":"standard","meta":{"footnotes":""},"categories":[2],"tags":[1565,1566,1277,8,1567],"class_list":["post-3232","post","type-post","status-publish","format-standard","has-post-thumbnail","hentry","category-magazine","tag-apd","tag-diabetici","tag-domenico-troia","tag-matera","tag-mons-caiazzo"],"_links":{"self":[{"href":"https:\/\/www.virtual-press.com\/newsroom\/wp-json\/wp\/v2\/posts\/3232","targetHints":{"allow":["GET"]}}],"collection":[{"href":"https:\/\/www.virtual-press.com\/newsroom\/wp-json\/wp\/v2\/posts"}],"about":[{"href":"https:\/\/www.virtual-press.com\/newsroom\/wp-json\/wp\/v2\/types\/post"}],"author":[{"embeddable":true,"href":"https:\/\/www.virtual-press.com\/newsroom\/wp-json\/wp\/v2\/users\/4"}],"replies":[{"embeddable":true,"href":"https:\/\/www.virtual-press.com\/newsroom\/wp-json\/wp\/v2\/comments?post=3232"}],"version-history":[{"count":1,"href":"https:\/\/www.virtual-press.com\/newsroom\/wp-json\/wp\/v2\/posts\/3232\/revisions"}],"predecessor-version":[{"id":3235,"href":"https:\/\/www.virtual-press.com\/newsroom\/wp-json\/wp\/v2\/posts\/3232\/revisions\/3235"}],"wp:featuredmedia":[{"embeddable":true,"href":"https:\/\/www.virtual-press.com\/newsroom\/wp-json\/wp\/v2\/media\/3233"}],"wp:attachment":[{"href":"https:\/\/www.virtual-press.com\/newsroom\/wp-json\/wp\/v2\/media?parent=3232"}],"wp:term":[{"taxonomy":"category","embeddable":true,"href":"https:\/\/www.virtual-press.com\/newsroom\/wp-json\/wp\/v2\/categories?post=3232"},{"taxonomy":"post_tag","embeddable":true,"href":"https:\/\/www.virtual-press.com\/newsroom\/wp-json\/wp\/v2\/tags?post=3232"}],"curies":[{"name":"wp","href":"https:\/\/api.w.org\/{rel}","templated":true}]}}