{"id":3238,"date":"2024-02-14T00:01:00","date_gmt":"2024-02-13T23:01:00","guid":{"rendered":"https:\/\/www.virtual-press.com\/newsroom\/?p=3238"},"modified":"2024-02-10T15:00:43","modified_gmt":"2024-02-10T14:00:43","slug":"festa-della-bruna-realizzato-in-collaborazione-con-la-confapi-di-matera-il-modello-digitale-dello-scheletro-massiccio-del-carro-trionfale","status":"publish","type":"post","link":"https:\/\/www.virtual-press.com\/newsroom\/festa-della-bruna-realizzato-in-collaborazione-con-la-confapi-di-matera-il-modello-digitale-dello-scheletro-massiccio-del-carro-trionfale\/","title":{"rendered":"Festa della Bruna: realizzato, in collaborazione con la Confapi di Matera, il modello digitale dello \u201cscheletro massiccio\u201d del Carro trionfale"},"content":{"rendered":"\n<p>Il carro trionfale della Madonna della Bruna \u00e8 da secoli l\u2019espressione delle capacit\u00e0 tecniche e artistiche di artigiani locali, tra i quali la figura del falegname svolge un ruolo fondamentale. Grazie alla sua opera, infatti, la struttura permanente del manufatto si adegua al progetto annuale che gli rid\u00e0 la vita per onorare la Madonna della Bruna; senza il rivestimento di legno, il carro non pu\u00f2 essere n\u00e9 decorato, n\u00e9 arricchito con sculture in cartapesta. Tuttavia, ci\u00f2 porta di conseguenza a nascondere il lavoro eseguito dal falegname, che cos\u00ec passa in secondo piano rispetto al cartapestaio e al decoratore.<br>L\u2019attuale scheletro massiccio del carro ha ormai 70 anni e, perci\u00f2, \u00e8 diventato un bene che \u00e8 opportuno tutelare e valorizzare. A tal fine, su iniziativa di Luca Colacicco, presidente della Sezione Unital Legno-Arredamento di Confapi Matera, la Societ\u00e0 Erreffe Progetti del geom. Rocco Festa \u2013 anch\u2019essa aderente a Confapi \u2013 ha digitalizzato gratuitamente l\u2019ossatura del carro, rendendo cos\u00ec visibile in ogni momento l\u2019anima nascosta della macchina che esalta ogni 2 luglio la protettrice di Matera. Cos\u00ec facendo \u00e8 stato dato meritato risalto a quanti, come il falegname, fin dal primo carro del 1690 operano nel silenzio per la riuscita della festa annuale della Bruna; nello stesso tempo, si \u00e8 sottolineato che \u00e8 stata anche la piccola imprenditoria materana ad arricchire per secoli il tessuto economico della nostra citt\u00e0 e a tramandare di generazione in generazione la parte pi\u00f9 preziosa del patrimonio culturale consegnatoci dai nostri padri.<br>Si tratta, pertanto, di un\u2019operazione importante perch\u00e9, oltre a valorizzare uno dei mestieri pi\u00f9 antichi del mondo, permette di avere un modello digitale che agevola di molto il lavoro dell\u2019artista cartapestaio, che, quando realizza il proprio bozzetto, pu\u00f2 avere una visione delle proporzioni sempre pi\u00f9 reali ed \u00e8 facilitato nella progettazione del manufatto. Da non sottovalutare, infine, il fatto che avere un modello digitale significa avere una copia perfetta del carro che in qualsiasi momento pu\u00f2 essere utile soprattutto in caso di manutenzione.<br>Confapi, l\u2019Associazione delle Piccole e medie Imprese della provincia di Matera, con il presidente Massimo De Salvo da alcuni anni sostiene la festa della Bruna con varie iniziative e, non \u00e8 stato un caso, lo scorso anno ha voluto presentare a tutto il Consiglio Direttivo il nuovo Direttore Generale Cosimo Dottorini proprio nella \u2018Fabbrica del Carro\u2019, luogo iconico ed emblematico per la tradizione plurisecolare della citt\u00e0 di Matera.<br>Il presidente dell\u2019Associazione Maria SS. della Bruna, dott. Bruno Caiella, unitamente al delegato arcivescovile, don Francesco Di Marzio e ai componenti del Comitato Esecutivo, ringrazia sentitamente la Confapi di Matera per la produzione del modello digitale dello scheletro massiccio e, nell\u2019occasione, rivolge un caloroso ringraziamento a tutte le PMI ad essa associate che ogni anno collaborano e contribuiscono fattivamente alla crescita della Festa e del territorio.<\/p>\n","protected":false},"excerpt":{"rendered":"<p>Il carro trionfale della Madonna della Bruna \u00e8 da secoli l\u2019espressione delle capacit\u00e0 tecniche e artistiche di artigiani locali, tra i quali la figura del falegname svolge un ruolo fondamentale. Grazie alla sua opera, infatti, la struttura permanente del manufatto si adegua al progetto annuale che gli rid\u00e0 la vita per onorare la Madonna della&#8230;<\/p>\n","protected":false},"author":4,"featured_media":3239,"comment_status":"open","ping_status":"open","sticky":false,"template":"","format":"standard","meta":{"footnotes":""},"categories":[2],"tags":[49,398,1568,47,8],"class_list":["post-3238","post","type-post","status-publish","format-standard","has-post-thumbnail","hentry","category-magazine","tag-2-luglio","tag-carro","tag-confapi","tag-festa-della-bruna","tag-matera"],"_links":{"self":[{"href":"https:\/\/www.virtual-press.com\/newsroom\/wp-json\/wp\/v2\/posts\/3238","targetHints":{"allow":["GET"]}}],"collection":[{"href":"https:\/\/www.virtual-press.com\/newsroom\/wp-json\/wp\/v2\/posts"}],"about":[{"href":"https:\/\/www.virtual-press.com\/newsroom\/wp-json\/wp\/v2\/types\/post"}],"author":[{"embeddable":true,"href":"https:\/\/www.virtual-press.com\/newsroom\/wp-json\/wp\/v2\/users\/4"}],"replies":[{"embeddable":true,"href":"https:\/\/www.virtual-press.com\/newsroom\/wp-json\/wp\/v2\/comments?post=3238"}],"version-history":[{"count":1,"href":"https:\/\/www.virtual-press.com\/newsroom\/wp-json\/wp\/v2\/posts\/3238\/revisions"}],"predecessor-version":[{"id":3240,"href":"https:\/\/www.virtual-press.com\/newsroom\/wp-json\/wp\/v2\/posts\/3238\/revisions\/3240"}],"wp:featuredmedia":[{"embeddable":true,"href":"https:\/\/www.virtual-press.com\/newsroom\/wp-json\/wp\/v2\/media\/3239"}],"wp:attachment":[{"href":"https:\/\/www.virtual-press.com\/newsroom\/wp-json\/wp\/v2\/media?parent=3238"}],"wp:term":[{"taxonomy":"category","embeddable":true,"href":"https:\/\/www.virtual-press.com\/newsroom\/wp-json\/wp\/v2\/categories?post=3238"},{"taxonomy":"post_tag","embeddable":true,"href":"https:\/\/www.virtual-press.com\/newsroom\/wp-json\/wp\/v2\/tags?post=3238"}],"curies":[{"name":"wp","href":"https:\/\/api.w.org\/{rel}","templated":true}]}}