{"id":3250,"date":"2024-02-19T00:02:00","date_gmt":"2024-02-18T23:02:00","guid":{"rendered":"https:\/\/www.virtual-press.com\/newsroom\/?p=3250"},"modified":"2024-02-13T15:02:30","modified_gmt":"2024-02-13T14:02:30","slug":"matera-citta-che-legge-avviato-il-percorso-di-candidatura","status":"publish","type":"post","link":"https:\/\/www.virtual-press.com\/newsroom\/matera-citta-che-legge-avviato-il-percorso-di-candidatura\/","title":{"rendered":"Matera \u201cCitt\u00e0 che legge\u201d, avviato il percorso di candidatura"},"content":{"rendered":"\n<p><br>L\u2019Amministrazione comunale, con l\u2019assessore alla Cultura Tiziana D\u2019Oppido, ha avviato il percorso di candidatura di Matera come \u201cCitt\u00e0 che legge\u201d. Nelle prossime settimane sar\u00e0 sottoscritto il \u201cPatto per la lettura\u201d con il Comune in veste di capofila e c\u2019\u00e8 gi\u00e0 l\u2019adesione di 24 associazioni del settore editoriale e letterario, oltre che imprese editoriali e librerie. Il percorso di adesione \u00e8 aperto, chi volesse pu\u00f2 manifestare formalmente la sua intenzione di entrare nel progetto, scrivendo alla mail:\u00a0<a href=\"mailto:info@liberalia.it\" target=\"_blank\" rel=\"noreferrer noopener\">info@liberalia.it<\/a>\u00a0Subito dopo si attiveranno una serie di iniziative ed eventi sulla lettura, per maturare i requisiti idonei a qualificarsi per questo titolo.\u00a0Perch\u00e9 Matera diventi \u201cCitt\u00e0 che legge\u201d, \u00e8 necessaria l\u2019intesa con l\u2019Amministrazione comunale che presenter\u00e0 ufficialmente l\u2019istanza al Centro per il libro e la lettura (Istituto autonomo del ministero della Cultura, che si adopera per mettere a valore tutti i Patti e i materiali prodotti ogni anno), sulla base di una precisa procedura e di una serie di requisiti. L\u2019associazione materana \u201cLiberalia Ets\u201d si \u00e8 fatta promotrice di questa importante opportunit\u00e0, in collaborazione con soggetti privati o pubblici che condividono gli scopi e le finalit\u00e0 del Patto, e quindi ritengono la lettura, declinata in tutte le sue forme, un bene comune su cui investire per la crescita culturale dell\u2019individuo e della societ\u00e0, uno strumento straordinario per l\u2019innovazione e lo sviluppo economico e sociale della citt\u00e0. Il Patto \u00e8 uno degli strumenti per rendere la lettura un\u2019abitudine sociale diffusa, riconoscendo il diritto di leggere come fondamentale per tutti i cittadini; si fonda su un\u2019alleanza tra tutti i soggetti che individuano nella lettura una risorsa strategica ed \u00e8 aperto alla partecipazione di chi condivide l\u2019idea che leggere sia un valore su cui investire; punta ad avvicinare alla lettura chi non legge e a rafforzare le pratiche di lettura nei confronti di chi ha con i libri un rapporto sporadico, per allargare la base dei lettori abituali; punta a stimolare il protagonismo dei lettori come propagatori del piacere di leggere; punta ad aiutare chi \u00e8 in difficolt\u00e0: leggere nelle carceri, negli ospedali, nei centri di accoglienza, nelle case di riposo \u00e8 un\u2019azione positiva che crea coesione sociale; promuove la conoscenza dei luoghi della lettura e delle professioni del libro; \u00e8 un moltiplicatore di occasioni di contatto con i libri nei diversi luoghi e momenti della vita quotidiana; lavora utilizzando stili, tempi e modalit\u00e0 opportunamente progettati e opta per azioni continuative; sperimenta nuovi approcci alla promozione della lettura e si propone di valutarne rigorosamente i risultati e gli effetti prodotti; crede che la lettura sia una delle chiavi per diventare cittadini del mondo. Attraverso l\u2019adesione al \u201cPatto per la lettura della Citt\u00e0 di Matera\u201d, i firmatari si propongono di rendere la pratica della lettura un\u2019abitudine sociale diffusa e promuovere, attraverso la lettura, l\u2019apprendimento permanente; aumentare i luoghi di lettura; allargare la base dei lettori abituali e consolidare le abitudini di lettura, favorire un\u2019azione coordinata e sistematica di moltiplicazione delle occasioni di contatto e di conoscenza fra i lettori e chi scrive, produce, vende, presta, conserva, traduce e legge libri, dando continuit\u00e0 e vigore alle iniziative di promozione alla lettura gi\u00e0 collaudate, sviluppandone sempre di nuove e innovative e creando ambienti favorevoli alla lettura.<\/p>\n\n\n\n<figure class=\"wp-block-gallery has-nested-images columns-default is-cropped wp-block-gallery-1 is-layout-flex wp-block-gallery-is-layout-flex\">\n<figure class=\"wp-block-image size-large\"><img loading=\"lazy\" decoding=\"async\" width=\"601\" height=\"562\" data-id=\"3251\" src=\"https:\/\/www.virtual-press.com\/newsroom\/wp-content\/uploads\/2024\/02\/Screenshot-2024-02-13-141406.png\" alt=\"\" class=\"wp-image-3251\" srcset=\"https:\/\/www.virtual-press.com\/newsroom\/wp-content\/uploads\/2024\/02\/Screenshot-2024-02-13-141406.png 601w, https:\/\/www.virtual-press.com\/newsroom\/wp-content\/uploads\/2024\/02\/Screenshot-2024-02-13-141406-300x281.png 300w\" sizes=\"auto, (max-width: 601px) 100vw, 601px\" \/><\/figure>\n<\/figure>\n","protected":false},"excerpt":{"rendered":"<p>L\u2019Amministrazione comunale, con l\u2019assessore alla Cultura Tiziana D\u2019Oppido, ha avviato il percorso di candidatura di Matera come \u201cCitt\u00e0 che legge\u201d. Nelle prossime settimane sar\u00e0 sottoscritto il \u201cPatto per la lettura\u201d con il Comune in veste di capofila e c\u2019\u00e8 gi\u00e0 l\u2019adesione di 24 associazioni del settore editoriale e letterario, oltre che imprese editoriali e librerie&#8230;.<\/p>\n","protected":false},"author":4,"featured_media":3252,"comment_status":"open","ping_status":"open","sticky":false,"template":"","format":"standard","meta":{"footnotes":""},"categories":[2],"tags":[1574,8],"class_list":["post-3250","post","type-post","status-publish","format-standard","has-post-thumbnail","hentry","category-magazine","tag-citta-che-legge","tag-matera"],"_links":{"self":[{"href":"https:\/\/www.virtual-press.com\/newsroom\/wp-json\/wp\/v2\/posts\/3250","targetHints":{"allow":["GET"]}}],"collection":[{"href":"https:\/\/www.virtual-press.com\/newsroom\/wp-json\/wp\/v2\/posts"}],"about":[{"href":"https:\/\/www.virtual-press.com\/newsroom\/wp-json\/wp\/v2\/types\/post"}],"author":[{"embeddable":true,"href":"https:\/\/www.virtual-press.com\/newsroom\/wp-json\/wp\/v2\/users\/4"}],"replies":[{"embeddable":true,"href":"https:\/\/www.virtual-press.com\/newsroom\/wp-json\/wp\/v2\/comments?post=3250"}],"version-history":[{"count":1,"href":"https:\/\/www.virtual-press.com\/newsroom\/wp-json\/wp\/v2\/posts\/3250\/revisions"}],"predecessor-version":[{"id":3253,"href":"https:\/\/www.virtual-press.com\/newsroom\/wp-json\/wp\/v2\/posts\/3250\/revisions\/3253"}],"wp:featuredmedia":[{"embeddable":true,"href":"https:\/\/www.virtual-press.com\/newsroom\/wp-json\/wp\/v2\/media\/3252"}],"wp:attachment":[{"href":"https:\/\/www.virtual-press.com\/newsroom\/wp-json\/wp\/v2\/media?parent=3250"}],"wp:term":[{"taxonomy":"category","embeddable":true,"href":"https:\/\/www.virtual-press.com\/newsroom\/wp-json\/wp\/v2\/categories?post=3250"},{"taxonomy":"post_tag","embeddable":true,"href":"https:\/\/www.virtual-press.com\/newsroom\/wp-json\/wp\/v2\/tags?post=3250"}],"curies":[{"name":"wp","href":"https:\/\/api.w.org\/{rel}","templated":true}]}}