{"id":3262,"date":"2024-02-23T00:08:00","date_gmt":"2024-02-22T23:08:00","guid":{"rendered":"https:\/\/www.virtual-press.com\/newsroom\/?p=3262"},"modified":"2024-02-19T15:30:23","modified_gmt":"2024-02-19T14:30:23","slug":"dal-gruppo-matinate-cupa-cupa-nasce-lassociazione-carnevale-a-matera","status":"publish","type":"post","link":"https:\/\/www.virtual-press.com\/newsroom\/dal-gruppo-matinate-cupa-cupa-nasce-lassociazione-carnevale-a-matera\/","title":{"rendered":"Dal gruppo &#8220;Matinate &#038; Cupa Cupa&#8221; nasce l&#8217;associazione &#8220;Carnevale a Matera&#8221;"},"content":{"rendered":"\n<p>Il gruppo \u201cMatinate &amp; Cupa Cupa\u201d&nbsp;che, dal 2017, a Matera, ha rilanciato la storica tradizione dei gioiosi \u201ccanti di questua\u201d tipici del Carnevale,&nbsp;si costituisce nell&#8217;associazione &#8220;Carnevale a Matera&#8221;.<br><br>Lo annunciano i promotori: il videomaker&nbsp;Giuseppe Petragallo, il musicista e cultore di musiche popolari,&nbsp;Claudio Mola, il cantautore e showman&nbsp;Saverio Pepe&nbsp;e il giornalista&nbsp;Sergio Palomba, che &#8211; nel nuovo sodalizio &#8211; ricoprono rispettivamente i ruoli di presidente, vice-presidente, segretario e responsabile della comunicazione.<br><br>La scelta di strutturare in forma associativa un gruppo che negli anni \u00e8 arrivato a riunire&nbsp;oltre 50 persone &#8211; donne e uomini di ogni et\u00e0&nbsp;&#8211; scaturisce dalla constatazione della necessit\u00e0 di&nbsp;avviare un percorso culturale inclusivo e di ampio respiro&nbsp;che possa recuperare la vera tradizione carnascialesca della citt\u00e0 dei Sassi.<br><br>Il Carnevale a Matera, infatti, ha una tradizione importante che per\u00f2 si \u00e8 persa negli anni. Gli amici dell\u2019associazione&nbsp;\u201cErgghi\u00f2\u201d, ad esempio, da instancabili cultori e studiosi della storia di Matera, hanno rintracciato cronache cittadine che parlano di festeggiamenti gi\u00e0 sul finire del Cinquecento e che sarebbero durate, come ancora qualche anziano ricorda, fino a prima della seconda guerra mondiale. Non a caso proprio \u201cErgghi\u00f2\u201d, nello scorso Marted\u00ec grasso, ha riproposto ancora una volta, tra i Sassi e il centro storico, il corteo funebre di Nardandenie, al quale il gruppo di \u201cMatinate &amp; Cupa Cupa\u201d (e non solo) ha aderito con entusiasmo, passione e spirito di condivisione.<br><br>\u00abSiamo convinti &#8211; dicono i fondatori della neonata associazione \u201cCarnevale a Matera\u201d &#8211; che questo&nbsp;percorso di riappropriazione delle radici&nbsp;debba partire dal basso, coinvolgendo gente entusiasta, positiva e dinamica e associazioni che hanno a cuore il futuro della citt\u00e0, il suo posizionamento nel panorama culturale nazionale e internazionale e la&nbsp;salvaguardia della memoria storica collettiva, attraverso&nbsp;un dialogo e uno scambio di esperienze e saperi tra le generazioni. Ciascuno di noi &#8211; aggiungono &#8211; ha fatto parte o \u00e8 ancora parte di altre esperienze associative della citt\u00e0, ma siamo convinti che la nascita di un nuovo soggetto &#8211; che intende focalizzarsi esclusivamente sul tema del Carnevale &#8211; possa diventare il propulsore di nuovi entusiasmi e di collaborazioni virtuose che, attraverso uno storytelling e una strategia di marketing e comunicazione mirati, potranno portare Matera a congiungersi con gli altri Carnevali lucani, con alcuni dei quali, tra l\u2019altro, nutriamo&nbsp;rapporti di assoluta (e spesso goliardica) cordialit\u00e0, nel tentativo di dare un valore e una visibilit\u00e0 ancora pi\u00f9 grandi alle loro bellissime e radicatissime manifestazioni, senza sovrapposizioni o campanilismi\u00bb.<br><br>Prossimamente, quindi, l\u2019associazione \u201cCarnevale a Matera\u201d si occuper\u00e0 di&nbsp;promuovere e organizzare dei momenti di condivisione e di coinvolgimento popolare, dai quartieri ai borghi, dalle parrocchie alle scuole fino ai presidi sociali, insieme alle altre associazioni cittadine. L\u2019invito \u00e8 esteso a tutti coloro che vorranno condividere questo percorso di riscoperta di canti, balli, musiche, costumi, strumenti musicali, riti e abitudini che fanno parte del dna dei materani e a cui lavora, da anni e con successo, ad esempio, l\u2019associazione \u201cRagnatela\u201d.<br><br>La programmazione e la condivisione sono gli strumenti pi\u00f9 funzionali e utili alla valorizzazione della cultura&nbsp;autoctona della citt\u00e0 ma spesso, purtroppo, rimangono relegati soltanto alle intenzioni. Ma non \u00e8 e non sar\u00e0 il nostro caso, cos\u00ec come di tanti altri che, quotidianamente, si impegnano per la cultura della comunit\u00e0, perch\u00e9 la stessa se ne riappropri da protagonista e ne diventi interprete per i tanti visitatori che, anche in questa occasione, potranno scoprire Matera da una nuova prospettiva.<\/p>\n","protected":false},"excerpt":{"rendered":"<p>Il gruppo \u201cMatinate &amp; Cupa Cupa\u201d&nbsp;che, dal 2017, a Matera, ha rilanciato la storica tradizione dei gioiosi \u201ccanti di questua\u201d tipici del Carnevale,&nbsp;si costituisce nell&#8217;associazione &#8220;Carnevale a Matera&#8221;. Lo annunciano i promotori: il videomaker&nbsp;Giuseppe Petragallo, il musicista e cultore di musiche popolari,&nbsp;Claudio Mola, il cantautore e showman&nbsp;Saverio Pepe&nbsp;e il giornalista&nbsp;Sergio Palomba, che &#8211; nel nuovo&#8230;<\/p>\n","protected":false},"author":4,"featured_media":3263,"comment_status":"open","ping_status":"open","sticky":false,"template":"","format":"standard","meta":{"footnotes":""},"categories":[2],"tags":[1580,1577,1579,1578],"class_list":["post-3262","post","type-post","status-publish","format-standard","has-post-thumbnail","hentry","category-magazine","tag-claudio-mola","tag-giuseppe-petragallo","tag-saverio-pepe","tag-sergio-palomba"],"_links":{"self":[{"href":"https:\/\/www.virtual-press.com\/newsroom\/wp-json\/wp\/v2\/posts\/3262","targetHints":{"allow":["GET"]}}],"collection":[{"href":"https:\/\/www.virtual-press.com\/newsroom\/wp-json\/wp\/v2\/posts"}],"about":[{"href":"https:\/\/www.virtual-press.com\/newsroom\/wp-json\/wp\/v2\/types\/post"}],"author":[{"embeddable":true,"href":"https:\/\/www.virtual-press.com\/newsroom\/wp-json\/wp\/v2\/users\/4"}],"replies":[{"embeddable":true,"href":"https:\/\/www.virtual-press.com\/newsroom\/wp-json\/wp\/v2\/comments?post=3262"}],"version-history":[{"count":1,"href":"https:\/\/www.virtual-press.com\/newsroom\/wp-json\/wp\/v2\/posts\/3262\/revisions"}],"predecessor-version":[{"id":3264,"href":"https:\/\/www.virtual-press.com\/newsroom\/wp-json\/wp\/v2\/posts\/3262\/revisions\/3264"}],"wp:featuredmedia":[{"embeddable":true,"href":"https:\/\/www.virtual-press.com\/newsroom\/wp-json\/wp\/v2\/media\/3263"}],"wp:attachment":[{"href":"https:\/\/www.virtual-press.com\/newsroom\/wp-json\/wp\/v2\/media?parent=3262"}],"wp:term":[{"taxonomy":"category","embeddable":true,"href":"https:\/\/www.virtual-press.com\/newsroom\/wp-json\/wp\/v2\/categories?post=3262"},{"taxonomy":"post_tag","embeddable":true,"href":"https:\/\/www.virtual-press.com\/newsroom\/wp-json\/wp\/v2\/tags?post=3262"}],"curies":[{"name":"wp","href":"https:\/\/api.w.org\/{rel}","templated":true}]}}