{"id":3290,"date":"2024-03-11T00:00:00","date_gmt":"2024-03-10T23:00:00","guid":{"rendered":"https:\/\/www.virtual-press.com\/newsroom\/?p=3290"},"modified":"2024-03-03T12:26:07","modified_gmt":"2024-03-03T11:26:07","slug":"matera-torna-a-ospitare-ermanna-montanari-e-marco-martinelli-delle-albe-di-ravenna-l11-e-il-12-marzo-saranno-protagonisti-di-due-appuntamenti-in-rassegna-a-iac-centro-arti-integrate","status":"publish","type":"post","link":"https:\/\/www.virtual-press.com\/newsroom\/matera-torna-a-ospitare-ermanna-montanari-e-marco-martinelli-delle-albe-di-ravenna-l11-e-il-12-marzo-saranno-protagonisti-di-due-appuntamenti-in-rassegna-a-iac-centro-arti-integrate\/","title":{"rendered":"Matera torna a ospitare Ermanna Montanari e Marco Martinelli delle Albe di Ravenna. Oggi e domani marzo saranno protagonisti di due appuntamenti in rassegna a IAC Centro Arti Integrate"},"content":{"rendered":"\n<p>Era il 2019, quando, in occasione della programmazione di Matera Capitale delle Cultura, <strong>Marco Martinelli <\/strong>ed <strong>Ermanna Montanari, <\/strong>i fondatori <strong>delle Albe di Ravenna<\/strong>, mettono in scena a Le Monacelle <em>Purgatorio \u2013 Chiamata Pubblica per la Divina&nbsp; Commedia di Dante Alighieri<\/em> coinvolgendo sia professionisti che cittadini e cittadine di Matera&nbsp;<\/p>\n\n\n\n<p>Da molti anni le Albe lavorano su progetti pensati appositamente per il coinvolgimento di un pubblico ampio (la \u201ccittadinanza\u201d) attraverso momenti spettacolari e laboratori. Percorsi seguiti e condotti dagli stessi Martinelli e Montanari, indirizzati ad avvicinare in modi inconsueti e originali alcuni \u201cclassici\u201d.<\/p>\n\n\n\n<p><strong>Marco Martinelli <\/strong>ed <strong>Ermanna Montanari, <\/strong>tornano a Matera e saranno protagonisti di due appuntamenti, luned\u00ec <strong>11 marzo <\/strong>e marted\u00ec <strong>12 marzo<\/strong>, presso IAC Centro Arti Integrate, in Via Casalnuovo 154.<br>La compagnia materana ha scelto di omaggiare i due maestri, portatori di un monito che IAC sposa e porta avanti: <em>\u00abIl teatro \u00e8 una sentinella che crea bellezza ma non \u00e8 mai separata da urgenze politiche e sociali. Non si pu\u00f2 separare l\u2019arte dalla nostra umanit\u00e0 che dev\u2019essere sempre ricerca di verit\u00e0 e giustizia\u00bb, <\/em>dedicando loro uno speciale all\u2019interno della rassegna <em>Il teatro che cresce.<\/em><\/p>\n\n\n\n<p>Marco Martinelli, sette volte premio Ubu come drammaturgo, regista, pedagogo, porter\u00e0 a Matera negli spazi di IAC <strong>Mi ritrovai <\/strong><strong><em>&#8211; dalla selva oscura al Paradiso, <\/em><\/strong>un laboratorio teatrale focalizzato sui primi due canti dell\u2019<em>Inferno<\/em>. Lavorer\u00e0 con i partecipanti per approfondire lo smarrimento nella selva, la paura e il coraggio che vince quella paura. Il nostro secolo, e quello che abbiamo alle spalle, sono specialisti di inferni senza uscita, ma, per quanto il male ci prenda alla gola togliendoci il respiro, noi sappiamo che la risalita \u00e8 possibile. Il laboratorio culminer\u00e0 in un\u2019azione corale aperta al pubblico luned\u00ec<strong> 11 marzo ore 20:00<\/strong>, l\u2019ingresso \u00e8 gratuito.<br><br>Ermanna Montanari &#8211; attrice, autrice, scenografa, che conduce un personale percorso di ricerca vocale per il quale ha ricevuto numerosi riconoscimenti nazionali e internazionali, tra cui sette premi Ubu &#8211; sar\u00e0 protagonista marted\u00ec <strong>12 marzo <\/strong>alle<strong> ore 20:00.<\/strong> Presenter\u00e0 il volume <strong><em>L\u2019abbaglio del tempo <\/em><\/strong>(ed. La Nave di Teseo), uno scrigno di miniature nella propria infanzia e adolescenza, <em>\u00ab<\/em>un\u2019incursione avventurosa, meditativa e fortemente visiva, nel teatro della propria vita<em>\u00bb<\/em> (Antonio Prete).&nbsp; Un affondo nella natia Campiano, un racconto unico nella letteratura contemporanea, che con essenzialit\u00e0 e durezza svela il suo, il nostro, luogo dell\u2019anima. A moderare l\u2019incontro Ornella Rosato, critica teatrale di Theatron.<\/p>\n\n\n\n<p>A seguire la proiezione del film <strong><em>ER,<\/em><\/strong> di Marco Martinelli: una dedica a Ermanna e alla sua arte di attrice e autrice, sempre alla ricerca di nuove forme, suoni, voci. Le immagini dal repertorio degli spettacoli si innestano e fioriscono attorno a una lunga camminata, filmata di spalle, sul ciglio di una strada della campagna romagnola, in cui la scena teatrale diventa contrappunto in primo piano. <em>Er <\/em>ci riporta alla mente Ermanna, ma anche l\u2019errare e l\u2019errore alla radice del pensiero platonico. L\u2019errare sta alla radice della poetica di un fare \\ disfare\\rifare sempre presente all\u2019interno del teatro di Ermanna e Marco: sempre in cammino, per una \u201cmessa in scena\u201d che sia \u201cmessa in vita\u201d.<\/p>\n\n\n\n<p>Lo <em>speciale M.Martinelli &#8211; E. Montanari\/Albe<\/em> \u00e8 organizzato in collaborazione con<strong> ecoverticale<\/strong>, un luogo aperto nel cuore dei Sassi che accoglie viaggiatori curiosi, artisti e professionisti da ogni luogo del mondo, offre spazi di lavoro e occasioni di incontro e sostiene processi artistici che si contaminano anche dello spazio e del territorio locale.<\/p>\n\n\n\n<p>\u27a4 11 marzo 2024 | ore 20:00 | IAC Centro Arti Integrate &#8211; Via Casalnuovo 154, Matera<\/p>\n\n\n\n<p><strong>MI RITROVAI&nbsp;<\/strong><\/p>\n\n\n\n<p><strong><em>dalla selva oscura al Paradiso<\/em><\/strong><\/p>\n\n\n\n<p>\u201cazione corale\u201d di <strong>Marco Martinelli<\/strong><\/p>\n\n\n\n<p><strong>INGRESSO GRATUITO<\/strong><\/p>\n\n\n\n<p>\u27a4 12 marzo 2024 | ore 20:00 | IAC Centro Arti Integrate &#8211; Via Casalnuovo 154, Matera<\/p>\n\n\n\n<p>Presentazione del libro&nbsp;<\/p>\n\n\n\n<p><strong><em>L\u2019abbaglio del tempo <\/em><\/strong>(ed. La Nave di Teseo)&nbsp;<\/p>\n\n\n\n<p>di Ermanna Montanari<\/p>\n\n\n\n<p>modera Ornella Rosato<\/p>\n\n\n\n<p>a seguire proiezione film<\/p>\n\n\n\n<p><strong><em>ER&nbsp;<\/em><\/strong><\/p>\n\n\n\n<p>di <strong>Marco Martinelli&nbsp;<\/strong><\/p>\n\n\n\n<p><strong>INGRESSO intero \u20ac 8,00 | ridotto under 18 \u20ac 3,00&nbsp;<\/strong><\/p>\n\n\n\n<p>Per ulteriori info e prenotazioni: +39 327 4095384<\/p>\n","protected":false},"excerpt":{"rendered":"<p>Era il 2019, quando, in occasione della programmazione di Matera Capitale delle Cultura, Marco Martinelli ed Ermanna Montanari, i fondatori delle Albe di Ravenna, mettono in scena a Le Monacelle Purgatorio \u2013 Chiamata Pubblica per la Divina&nbsp; Commedia di Dante Alighieri coinvolgendo sia professionisti che cittadini e cittadine di Matera&nbsp; Da molti anni le Albe&#8230;<\/p>\n","protected":false},"author":4,"featured_media":3292,"comment_status":"open","ping_status":"open","sticky":false,"template":"","format":"standard","meta":{"footnotes":""},"categories":[2],"tags":[1593,1591,1590,1592,8],"class_list":["post-3290","post","type-post","status-publish","format-standard","has-post-thumbnail","hentry","category-magazine","tag-albe-di-ravenna","tag-ermanna-montanari","tag-iac","tag-marco-martinelli","tag-matera"],"_links":{"self":[{"href":"https:\/\/www.virtual-press.com\/newsroom\/wp-json\/wp\/v2\/posts\/3290","targetHints":{"allow":["GET"]}}],"collection":[{"href":"https:\/\/www.virtual-press.com\/newsroom\/wp-json\/wp\/v2\/posts"}],"about":[{"href":"https:\/\/www.virtual-press.com\/newsroom\/wp-json\/wp\/v2\/types\/post"}],"author":[{"embeddable":true,"href":"https:\/\/www.virtual-press.com\/newsroom\/wp-json\/wp\/v2\/users\/4"}],"replies":[{"embeddable":true,"href":"https:\/\/www.virtual-press.com\/newsroom\/wp-json\/wp\/v2\/comments?post=3290"}],"version-history":[{"count":2,"href":"https:\/\/www.virtual-press.com\/newsroom\/wp-json\/wp\/v2\/posts\/3290\/revisions"}],"predecessor-version":[{"id":3294,"href":"https:\/\/www.virtual-press.com\/newsroom\/wp-json\/wp\/v2\/posts\/3290\/revisions\/3294"}],"wp:featuredmedia":[{"embeddable":true,"href":"https:\/\/www.virtual-press.com\/newsroom\/wp-json\/wp\/v2\/media\/3292"}],"wp:attachment":[{"href":"https:\/\/www.virtual-press.com\/newsroom\/wp-json\/wp\/v2\/media?parent=3290"}],"wp:term":[{"taxonomy":"category","embeddable":true,"href":"https:\/\/www.virtual-press.com\/newsroom\/wp-json\/wp\/v2\/categories?post=3290"},{"taxonomy":"post_tag","embeddable":true,"href":"https:\/\/www.virtual-press.com\/newsroom\/wp-json\/wp\/v2\/tags?post=3290"}],"curies":[{"name":"wp","href":"https:\/\/api.w.org\/{rel}","templated":true}]}}