{"id":3319,"date":"2024-04-08T00:10:00","date_gmt":"2024-04-07T22:10:00","guid":{"rendered":"https:\/\/www.virtual-press.com\/newsroom\/?p=3319"},"modified":"2024-04-03T14:46:06","modified_gmt":"2024-04-03T12:46:06","slug":"cuba-introspettiva-esperienze-performative-di-videoarte-a-matera-fino-al-30-giugno-ideazione-e-cura-di-giacomo-zaza","status":"publish","type":"post","link":"https:\/\/www.virtual-press.com\/newsroom\/cuba-introspettiva-esperienze-performative-di-videoarte-a-matera-fino-al-30-giugno-ideazione-e-cura-di-giacomo-zaza\/","title":{"rendered":"\u201cCuba Introspettiva\u201d: esperienze performative di videoarte a Matera fino al 30 giugno. Ideazione e cura di Giacomo Zaza"},"content":{"rendered":"\n<p>Rester\u00e0 aperta al pubblico\u00a0<strong>fino al 30 giugno 2024<\/strong>\u00a0presso l\u2019Ex Ospedale di San Rocco (piazza San Giovanni, Matera) la mostra &#8220;Cuba Introspettiva&#8221;, ideata e curata da Giacomo Zaza e promossa dal Museo nazionale di Matera. La mostra si muove tra contesti che s\u2019intrecciano e s\u2019incontrano: lo spazio pubblico e quello privato, la strada e l\u2019intimit\u00e0, la sfera socio-culturale e i percorsi immaginari. Evidenzia l\u2019andamento diversificato delle pratiche artistiche cubane, slegandole da qualsiasi etichettatura. Pone in risalto la produzione di nuovi significati mediante esperienze video performative.<\/p>\n\n\n\n<p>Il percorso espositivo si articola attraverso le esperienze di videoarte di<strong>&nbsp;dodici artisti cubani<\/strong>, protagonisti della ricerca contemporanea dentro e fuori l\u2019isola: Juan Carlos Alom, Anal\u00eda Amaya, Mar\u00eda Magdalena Campos-Pons, Javier Castro, Susana Pilar Delahante Matienzo, Luis G\u00f3mez Armenteros, Tony Labat, Ernesto Leal, Glenda Le\u00f3n, Sandra Ramos, Grethell Ras\u00faa e L\u00e1zaro Saavedra.<\/p>\n\n\n\n<p>\u00abL\u2019ampio sguardo rivolto alla ricerca artistica da Cuba, con particolare attenzione ai protagonisti di una sperimentazione visiva tra le pi\u00f9 interessanti dell\u2019area caraibica \u2013 sottolinea&nbsp;<strong>Annamaria Mauro, direttore del Museo nazionale di Matera&nbsp;<\/strong>\u2013 conferma l\u2019apertura del Museo al mondo contemporaneo internazionale. Il complesso monumentale dell\u2019Ex Ospedale di San Rocco continua a essere un laboratorio di perlustrazione della creativit\u00e0 odierna, capace di offrire immaginari condivisi ed esperienze provenienti da diversi ambiti culturali\u00bb.<\/p>\n\n\n\n<p>\u00abNegli artisti in mostra \u2013 spiega il curatore Giacomo Zaza \u2013 prevale una visione riflessiva, intrisa di tratti ironici e paradossali, scabri e inquieti, come avviene in certa letteratura cubana, da Virgilio Pi\u00f1era a Pedro Juan Guti\u00e9rrez. Una visione accompagnata dall\u2019interiorizzazione e dal vaglio della storia (con le sue derive), nonch\u00e9 uno scenario ricco di attitudini sincretistiche. La pratica video cubana porta con s\u00e9 una marcata spinta performativa. Gli artisti scelti per Matera si muovono tra valori fondativi dell\u2019esperienza (la solidariet\u00e0, la libert\u00e0 dell\u2019individuo) e la ricerca di una dimensione poetica e di uno spazio sensibile, presso corteggiando il mondo magico\u00bb.\u00a0<\/p>\n\n\n\n<p>E&#8217; possibile visitare la mostra nei seguenti giorni e orari: Lun. \u2013 Dom. 9:00-20:00 e Merc. 16:00-20:00. Per informazioni: T. +39 0835 310058, mn-mt@cultura.gov.it,\u00a0<a href=\"http:\/\/www.museonazionaledimatera.it\/\">www.museonazionaledimatera.it<\/a>.<\/p>\n","protected":false},"excerpt":{"rendered":"<p>Rester\u00e0 aperta al pubblico\u00a0fino al 30 giugno 2024\u00a0presso l\u2019Ex Ospedale di San Rocco (piazza San Giovanni, Matera) la mostra &#8220;Cuba Introspettiva&#8221;, ideata e curata da Giacomo Zaza e promossa dal Museo nazionale di Matera. La mostra si muove tra contesti che s\u2019intrecciano e s\u2019incontrano: lo spazio pubblico e quello privato, la strada e l\u2019intimit\u00e0, la&#8230;<\/p>\n","protected":false},"author":4,"featured_media":3320,"comment_status":"open","ping_status":"open","sticky":false,"template":"","format":"standard","meta":{"footnotes":""},"categories":[2],"tags":[1602,8,1603],"class_list":["post-3319","post","type-post","status-publish","format-standard","has-post-thumbnail","hentry","category-magazine","tag-cuba-introspettiva","tag-matera","tag-museo"],"_links":{"self":[{"href":"https:\/\/www.virtual-press.com\/newsroom\/wp-json\/wp\/v2\/posts\/3319","targetHints":{"allow":["GET"]}}],"collection":[{"href":"https:\/\/www.virtual-press.com\/newsroom\/wp-json\/wp\/v2\/posts"}],"about":[{"href":"https:\/\/www.virtual-press.com\/newsroom\/wp-json\/wp\/v2\/types\/post"}],"author":[{"embeddable":true,"href":"https:\/\/www.virtual-press.com\/newsroom\/wp-json\/wp\/v2\/users\/4"}],"replies":[{"embeddable":true,"href":"https:\/\/www.virtual-press.com\/newsroom\/wp-json\/wp\/v2\/comments?post=3319"}],"version-history":[{"count":1,"href":"https:\/\/www.virtual-press.com\/newsroom\/wp-json\/wp\/v2\/posts\/3319\/revisions"}],"predecessor-version":[{"id":3321,"href":"https:\/\/www.virtual-press.com\/newsroom\/wp-json\/wp\/v2\/posts\/3319\/revisions\/3321"}],"wp:featuredmedia":[{"embeddable":true,"href":"https:\/\/www.virtual-press.com\/newsroom\/wp-json\/wp\/v2\/media\/3320"}],"wp:attachment":[{"href":"https:\/\/www.virtual-press.com\/newsroom\/wp-json\/wp\/v2\/media?parent=3319"}],"wp:term":[{"taxonomy":"category","embeddable":true,"href":"https:\/\/www.virtual-press.com\/newsroom\/wp-json\/wp\/v2\/categories?post=3319"},{"taxonomy":"post_tag","embeddable":true,"href":"https:\/\/www.virtual-press.com\/newsroom\/wp-json\/wp\/v2\/tags?post=3319"}],"curies":[{"name":"wp","href":"https:\/\/api.w.org\/{rel}","templated":true}]}}