{"id":3325,"date":"2024-03-25T00:05:00","date_gmt":"2024-03-24T23:05:00","guid":{"rendered":"https:\/\/www.virtual-press.com\/newsroom\/?p=3325"},"modified":"2024-03-21T21:49:37","modified_gmt":"2024-03-21T20:49:37","slug":"a-ma-sa-m-inclusione-e-autonomia-nel-volume-targato-altrimedia-edizioni-e-curato-da-rossella-montemurro-i-ventisette-anni-dellassociazione-materana-per-la-salute-mentale","status":"publish","type":"post","link":"https:\/\/www.virtual-press.com\/newsroom\/a-ma-sa-m-inclusione-e-autonomia-nel-volume-targato-altrimedia-edizioni-e-curato-da-rossella-montemurro-i-ventisette-anni-dellassociazione-materana-per-la-salute-mentale\/","title":{"rendered":"\u201cA.Ma.Sa.M. Inclusione e autonomia\u201d: nel volume targato Altrimedia Edizioni e curato da Rossella Montemurro i ventisette anni dell\u2019Associazione Materana per la Salute Mentale. Presentazione il 27 marzo"},"content":{"rendered":"\n<p>Sar\u00e0 presentato mercoled\u00ec 27 marzo alle 16.30 nel Centro Caritas Diocesano La Tenda, nel rione Agna a Matera,\u00a0<em>A.Ma.Sa.M. Inclusione e autonomia<\/em>\u00a0(Altrimedia Edizioni) curato dalla giornalista e scrittrice Rossella Montemurro. Sono previsti gli interventi del presidente A.Ma.Sa.M. Lucia D\u2019Antona, del direttore CSV Basilicata Gianleo Iosca, della direttrice editoriale di Altrimedia Edizioni Gabriella Lanzillotta, della curatrice del volume Rossella Montemurro, della coordinatrice ambito urbano citt\u00e0 di Matera Caterina Rotondaro e dell\u2019assistente sociale Cecilia Saponaro. In programma anche le testimonianze di familiari e volontari dell\u2019A.Ma.Sa.M.<\/p>\n\n\n\n<p>I ventisette anni dell\u2019Associazione Materana per la Salute Mentale che, parafrasando il titolo, nell\u2019ottica dell\u2019inclusione e dell\u2019autonomia sostiene persone con problematiche psichiche o psicologiche&nbsp;\u2013&nbsp;sono racchiusi in questo volume alternando le testimonianze dei ragazzi a quelle dei volontari e dei familiari.<\/p>\n\n\n\n<p>\u201cL\u2019anima dell\u2019A.Ma.Sa.M. \u00e8 data tutt\u2019oggi dalla cospicua presenza di volontari che, insieme a qualche familiare, danno continuit\u00e0 e garanzia di realizzazione di progetti per l\u2019intero anno. Attualmente ce ne sono molti rivolti ai soli ragazzi, altri a ragazzi, familiari e volontari e uno, annuale, rivolto a familiari e volontari affinch\u00e9 possano formarsi e operare nel miglior modo possibile\u201d, sottolinea Lucia D\u2019Antona, presidente pro tempore dal 2018.<\/p>\n\n\n\n<p>Quello delle malattie mentali \u00e8 ancora oggi uno stigma ingombrante e fastidioso. Parlare di malattia non \u00e8 mai semplice, in particolare quando si affrontano argomenti che riguardano la psiche, condizionati come siamo da paure e pregiudizi. Con questa pubblicazione l\u2019A.Ma.Sa.M. intende lanciare un messaggio forte per superare i preconcetti.<\/p>\n\n\n\n<p>\u201cTante storie, tanti vissuti, un unico filo conduttore che li accomuna tutti. Il senso di smarrimento di fronte a un proprio congiunto affetto da una malattia mentale, il pellegrinaggio tra vari specialisti, la diagnosi, la terapia e il rendersi conto del modo, talvolta ostile, comunque poco inclusivo, in cui la societ\u00e0 \u00e8 disposta ad accogliere persone con problematiche simili. Tra familiari \u00e8 importante fare rete: accorgendosi di avere un problema che interessa anche altre persone, si riesce ad affrontarlo da un\u2019altra prospettiva, probabilmente meno cupa e, insieme, si cercano soluzioni\u201d.<\/p>\n\n\n\n<p><em>Rossella Montemurro, giornalista professionista materana. Laureata in Scienze dell\u2019educazione, ha lavorato per \u201cIl Quotidiano della Basilicata\u201d \u2013 occupandosi dei settori \u201cCronaca\u201d e \u201cCultura\u201d \u2013, \u201cIl Mattino di Foggia\u201d, \u201cIl Mattino di Puglia e Basilicata\u201d, il \u201cRoma\u201d e con la testata giornalistica online&nbsp;<\/em>IlmioTg<em>. Ha collaborato con l\u2019emittente televisiva \u201cAntenna Sud\u201d. Attualmente dirige la testata giornalistica online&nbsp;<\/em>TuttoH24<em>&nbsp;(<\/em><a href=\"https:\/\/www.tuttoh24.info\/\" target=\"_blank\" rel=\"noreferrer noopener\"><em>www.tuttoh24.info<\/em><\/a><em>)<\/em><em>.&nbsp;<\/em><em>Collabora con l\u2019agenzia di comunicazione&nbsp;<\/em>Diotima<em>.<\/em><\/p>\n\n\n\n<p><em>Ha pubblicato per Ediesse Edizioni nel 2004&nbsp;<\/em>I giorni di Scanzano<em>&nbsp;(segnalazione della Giuria del Premio letterario Basilicata, 2005); per BMG Editrice nel 2010&nbsp;<\/em>Carabinieri a Matera. Tradizione e modernit\u00e0 al servizio dei cittadini<em>, pubblicazione autorizzata dal Comando Generale dell\u2019Arma dei Carabinieri; per Altrimedia Edizioni nel 2019&nbsp;<\/em>Calci e pugni sul tetto del mondo. Biagio Tralli, identikit di un campione<em>; nel 2020 sempre per Altrimedia Edizioni<\/em>&nbsp;Il mio tuffo nei sogni. Marco D\u2019Aniello, una storia di sport e amicizia<em>&nbsp;(insignito a settembre 2022 in Campidoglio del riconoscimento \u201cRoma premia la Cultura sociale\u201d); nel 2023&nbsp;<\/em>Galoppando contro vento. I Western Haflinger di Emanuele Lamacchia&nbsp;<em>(Altrimedia Edizioni).<\/em><\/p>\n","protected":false},"excerpt":{"rendered":"<p>Sar\u00e0 presentato mercoled\u00ec 27 marzo alle 16.30 nel Centro Caritas Diocesano La Tenda, nel rione Agna a Matera,\u00a0A.Ma.Sa.M. Inclusione e autonomia\u00a0(Altrimedia Edizioni) curato dalla giornalista e scrittrice Rossella Montemurro. Sono previsti gli interventi del presidente A.Ma.Sa.M. Lucia D\u2019Antona, del direttore CSV Basilicata Gianleo Iosca, della direttrice editoriale di Altrimedia Edizioni Gabriella Lanzillotta, della curatrice del&#8230;<\/p>\n","protected":false},"author":4,"featured_media":3326,"comment_status":"open","ping_status":"open","sticky":false,"template":"","format":"standard","meta":{"footnotes":""},"categories":[2],"tags":[1257,588,8,1252,1605],"class_list":["post-3325","post","type-post","status-publish","format-standard","has-post-thumbnail","hentry","category-magazine","tag-a-ma-sa-m","tag-altrimedia-edizioni","tag-matera","tag-rossella-montemurro","tag-salute-mentale"],"_links":{"self":[{"href":"https:\/\/www.virtual-press.com\/newsroom\/wp-json\/wp\/v2\/posts\/3325","targetHints":{"allow":["GET"]}}],"collection":[{"href":"https:\/\/www.virtual-press.com\/newsroom\/wp-json\/wp\/v2\/posts"}],"about":[{"href":"https:\/\/www.virtual-press.com\/newsroom\/wp-json\/wp\/v2\/types\/post"}],"author":[{"embeddable":true,"href":"https:\/\/www.virtual-press.com\/newsroom\/wp-json\/wp\/v2\/users\/4"}],"replies":[{"embeddable":true,"href":"https:\/\/www.virtual-press.com\/newsroom\/wp-json\/wp\/v2\/comments?post=3325"}],"version-history":[{"count":1,"href":"https:\/\/www.virtual-press.com\/newsroom\/wp-json\/wp\/v2\/posts\/3325\/revisions"}],"predecessor-version":[{"id":3327,"href":"https:\/\/www.virtual-press.com\/newsroom\/wp-json\/wp\/v2\/posts\/3325\/revisions\/3327"}],"wp:featuredmedia":[{"embeddable":true,"href":"https:\/\/www.virtual-press.com\/newsroom\/wp-json\/wp\/v2\/media\/3326"}],"wp:attachment":[{"href":"https:\/\/www.virtual-press.com\/newsroom\/wp-json\/wp\/v2\/media?parent=3325"}],"wp:term":[{"taxonomy":"category","embeddable":true,"href":"https:\/\/www.virtual-press.com\/newsroom\/wp-json\/wp\/v2\/categories?post=3325"},{"taxonomy":"post_tag","embeddable":true,"href":"https:\/\/www.virtual-press.com\/newsroom\/wp-json\/wp\/v2\/tags?post=3325"}],"curies":[{"name":"wp","href":"https:\/\/api.w.org\/{rel}","templated":true}]}}