{"id":3335,"date":"2024-04-03T00:06:00","date_gmt":"2024-04-02T22:06:00","guid":{"rendered":"https:\/\/www.virtual-press.com\/newsroom\/?p=3335"},"modified":"2024-04-02T18:48:37","modified_gmt":"2024-04-02T16:48:37","slug":"giornata-mondiale-della-consapevolezza-sullautismo-al-tg2-italia-europa-anche-la-storia-del-campione-di-nuoto-marco-daniello","status":"publish","type":"post","link":"https:\/\/www.virtual-press.com\/newsroom\/giornata-mondiale-della-consapevolezza-sullautismo-al-tg2-italia-europa-anche-la-storia-del-campione-di-nuoto-marco-daniello\/","title":{"rendered":"Giornata Mondiale\u00a0della\u00a0Consapevolezza\u00a0sull\u2019Autismo, al \u201cTg2 Italia-Europa\u201d anche la storia del campione di nuoto Marco D\u2019Aniello"},"content":{"rendered":"\n<p>Ieri, per la \u00a0Giornata Mondiale\u00a0della\u00a0Consapevolezza\u00a0sull&#8217;Autismo ospite del &#8220;Tg2 Italia-Europa&#8221; condotta da Marzia Roncacci\u00a0il campione di nuoto Marco D&#8217;Aniello e la giornalista e scrittrice Rossella Montemurro che proprio su Marco, ragazzo autistico, ha scritto il libro Il mio tuffo nei sogni. Marco D&#8217;Aniello, una storia di sport e amicizia (Altrimedia Edizioni, prefazione di Mara Venier, il volume \u00e8 stato insignito del riconoscimento Roma premia la Cultura Sociale).<\/p>\n\n\n\n<p>Da bambino speciale a campione di nuoto: nel 2019 ha conquistato il record italiano assoluto nella categoria Juniores 50 metri stile libero ai Campionati Nazionali della FISDIR.<\/p>\n\n\n\n<p>Marco si fa spazio nel mondo tra fragilit\u00e0 e forza, difficolt\u00e0 e conquiste. Grazie all\u2019amore della sua famiglia ha incanalato nello sport quell\u2019energia ridondante che \u00e8 uno dei sintomi dell\u2019autismo. \u00c8 salito sul gradino pi\u00f9 alto del podio ed \u00e8 diventato un portatore sano di felicit\u00e0. Non solo, Marco sogna e scopre che a volte i desideri si realizzano. Che poi dietro a tutto ci\u00f2 ci sia un vissuto carico di un dolore non indifferente, lo si scopre leggendo <em>Il mio tuffo nei sogni<\/em> nel quale la giornalista Rossella Montemurro, grazie alla complicit\u00e0 di Cinzia e Roberto, i genitori di Marco, racconta la sua storia.<\/p>\n","protected":false},"excerpt":{"rendered":"<p>Ieri, per la \u00a0Giornata Mondiale\u00a0della\u00a0Consapevolezza\u00a0sull&#8217;Autismo ospite del &#8220;Tg2 Italia-Europa&#8221; condotta da Marzia Roncacci\u00a0il campione di nuoto Marco D&#8217;Aniello e la giornalista e scrittrice Rossella Montemurro che proprio su Marco, ragazzo autistico, ha scritto il libro Il mio tuffo nei sogni. Marco D&#8217;Aniello, una storia di sport e amicizia (Altrimedia Edizioni, prefazione di Mara Venier, il&#8230;<\/p>\n","protected":false},"author":4,"featured_media":3336,"comment_status":"open","ping_status":"open","sticky":false,"template":"","format":"standard","meta":{"footnotes":""},"categories":[2],"tags":[588,1608,1609,1252,1610],"class_list":["post-3335","post","type-post","status-publish","format-standard","has-post-thumbnail","hentry","category-magazine","tag-altrimedia-edizioni","tag-autismo","tag-marco-daniello-2","tag-rossella-montemurro","tag-tg2-italia-europa"],"_links":{"self":[{"href":"https:\/\/www.virtual-press.com\/newsroom\/wp-json\/wp\/v2\/posts\/3335","targetHints":{"allow":["GET"]}}],"collection":[{"href":"https:\/\/www.virtual-press.com\/newsroom\/wp-json\/wp\/v2\/posts"}],"about":[{"href":"https:\/\/www.virtual-press.com\/newsroom\/wp-json\/wp\/v2\/types\/post"}],"author":[{"embeddable":true,"href":"https:\/\/www.virtual-press.com\/newsroom\/wp-json\/wp\/v2\/users\/4"}],"replies":[{"embeddable":true,"href":"https:\/\/www.virtual-press.com\/newsroom\/wp-json\/wp\/v2\/comments?post=3335"}],"version-history":[{"count":1,"href":"https:\/\/www.virtual-press.com\/newsroom\/wp-json\/wp\/v2\/posts\/3335\/revisions"}],"predecessor-version":[{"id":3337,"href":"https:\/\/www.virtual-press.com\/newsroom\/wp-json\/wp\/v2\/posts\/3335\/revisions\/3337"}],"wp:featuredmedia":[{"embeddable":true,"href":"https:\/\/www.virtual-press.com\/newsroom\/wp-json\/wp\/v2\/media\/3336"}],"wp:attachment":[{"href":"https:\/\/www.virtual-press.com\/newsroom\/wp-json\/wp\/v2\/media?parent=3335"}],"wp:term":[{"taxonomy":"category","embeddable":true,"href":"https:\/\/www.virtual-press.com\/newsroom\/wp-json\/wp\/v2\/categories?post=3335"},{"taxonomy":"post_tag","embeddable":true,"href":"https:\/\/www.virtual-press.com\/newsroom\/wp-json\/wp\/v2\/tags?post=3335"}],"curies":[{"name":"wp","href":"https:\/\/api.w.org\/{rel}","templated":true}]}}