{"id":3346,"date":"2024-04-12T00:09:00","date_gmt":"2024-04-11T22:09:00","guid":{"rendered":"https:\/\/www.virtual-press.com\/newsroom\/?p=3346"},"modified":"2024-04-10T19:34:24","modified_gmt":"2024-04-10T17:34:24","slug":"matera-il-21-al-palazzo-ducale-malvinni-malvezzi-di-matera-la-prima-edizione-di-matermaterart-pittura-scultura-e-design","status":"publish","type":"post","link":"https:\/\/www.virtual-press.com\/newsroom\/matera-il-21-al-palazzo-ducale-malvinni-malvezzi-di-matera-la-prima-edizione-di-matermaterart-pittura-scultura-e-design\/","title":{"rendered":"Matera, il 21 al Palazzo ducale Malvinni Malvezzi di Matera inaugurazione della prima edizione di MaterMat\u00e8rArt \u2013 pittura, scultura e design"},"content":{"rendered":"\n<p>Al Palazzo ducale Malvinni Malvezzi di Matera la prima edizione di MaterMat\u00e8rArt \u2013 pittura, scultura e design in Matera, la fucina di arte e musa ispiratrice di artisti come Carlo Levi, Pierpaolo Pasolini, Rocco Scotellaro, Giuseppe Tornatore.<\/p>\n\n\n\n<p>MaterMat\u00e8rArt \u00e8 un vernissage volto a sensibilizzare, affascinare e stupire l\u2019animo dello spettatore attraverso le opere inedite realizzate da un gruppo di sei artisti uniti dal comune desiderio di confrontarsi, mescolarsi e dar vita ad un progetto di arte moderna e contemporanea che va dalla pittura alla scultura attraversando il design. MaterMat\u00e8rArt nasce da un\u2019idea di Federico Romano dopo l\u2019incontro con Vita Malvaso, entrambi impegnati in primo piano nel mondo dell\u2019arte, rispettivamente come organizzatore di eventi e artista. La comune passione per l\u2019arte e l\u2019amore per Matera e il suo immenso patrimonio architettonico ed artistico riconosciuto in tutto il mondo attraverso molteplici arti hanno fatto s\u00ec che questo progetto prendesse vita.<\/p>\n\n\n\n<p>Questa prima edizione sar\u00e0 inaugurata il 21 aprile p.v. dalle ore 19.00 con una serata evento strettamente ad invito. Ad ospitare le creazioni artistiche realizzate per MaterMaterArt \u00e8 la prestigiosa cornice del Palazzo ducale Malvinni Malvezzi di Matera con i suoi raffinati saloni. Il Palazzo prende il nome dalla famiglia che lo abit\u00f2 dal \u2018400 fino agli anni 60 del secolo scorso, attualmente \u00e8 di propriet\u00e0 dell\u2019Amministrazione Provinciale di Matera, che ha concesso gli spazi espositivi, ed \u00e8 normalmente chiuso al pubblico. In occasione del vernissage gli ospiti potranno ammirare gli interni del Palazzo ducale ed accedere al salone pi\u00f9 importante: la Sala degli Specchi.<\/p>\n\n\n\n<p>Il vernissage MaterMat\u00e8rArt vuole rappresentare con questa veste e per le sue finalit\u00e0, uno degli eventi pi\u00f9 rilevanti di aggregazione artistica e sociale, rinvigorendo cos\u00ec il titolo di Capitale europea della cultura 2019 di cui Matera orgogliosamente si fregia. Un appuntamento al quale interverranno rappresentanti delle Istituzioni che hanno sostenuto l\u2019evento con i loro patrocini. Protagoniste della serata, saranno oltre cento creazioni e interpretazioni pittoriche, scultoree e di design realizzate da sei artisti del panorama nazionale ed internazionale: Artmare di Franco Giacintucci, Fulvio Bucelli, Carla D\u2019Alessandro, Yuriko Damiani, Vita Malvaso, Giulio Orioli. Questi sono i Maestri creativi, fortemente voluti e chiamati a partecipare dal direttore artistico Federico Romano per le diversit\u00e0 delle loro tecniche, l\u2019originalit\u00e0 dei materiali utilizzati, la molteplicit\u00e0 dei loro contenuti escatologici e dei messaggi sociali racchiusi nelle loro Opere. Durante la serata le opere esposte saranno affiancate dai loro autori che saranno a disposizione del pubblico che interverr\u00e0.<\/p>\n\n\n\n<p>\u201cDa sempre sostengo che la diversit\u00e0 debba esser intesa come inclusione, interazione e arricchimento intellettuale ed emozionale. \u2013 spiega il direttore artistico Romano \u2013 Essa \u00e8 ricchezza, \u00e8 un valore della comunit\u00e0 e in quanto tale, \u00e8 importante da conservare e stimolare. MaterMat\u00e8rArt non \u00e8 solo pittura, scultura e design, ma \u00e8 cultura, \u00e8 la storia di vite raccontate in scene di vissuto quotidiano, linee, curve, colori e materiali forgiati dagli artisti espositori. \u00c8 un intreccio di tradizioni del passato, di scenari di vita immersi nell\u2019attualit\u00e0 della contemporanea scena mondiale. Organizzare MaterMat\u00e8rArt significa lanciare un messaggio di integrazione e collaborazione tra donne e uomini di diversi popoli, scritto con la delicatezza di arte e bellezza, delineato dalle tinte forti dei suoi contenuti.\u201d<\/p>\n\n\n\n<p>Dal giorno dopo l\u2019inaugurazione le opere esclusive realizzate per MaterMat\u00e8rArt rimarranno esposte in mostra fino al 5 giugno 2024, tutti i giorni con orario continuato 10.00 \/ 21.00. L\u2019ingresso sar\u00e0 libero cos\u00ec da permettere al grande pubblico di visionare le opere. Si attende un afflusso di circa 5.000\/8.000 presenze tra popolazione locale e turisti.<\/p>\n\n\n\n<p>Testimonial della serata inaugurale sar\u00e0 l\u2019attore Nando Irene, conosciuto al grande pubblico per interpretare il ruolo del Maresciallo Lamacchia nella serie tv targata RAI \u201cImma Tataranni \u2013 sostituto procuratore\u201d, sua anche l\u2019interpretazione del personaggio Michele nella pellicola \u201cLa luce nella masseria\u201d distribuito da RAI fiction. A lui, inoltre, \u00e8 affidata la direzione generale del Matera Film Festival, Nando Irene \u00e8 cos\u00ec il testimonial ideale di un vernissage a 360 gradi, tra pittura, scultura e design, che strizza l\u2019occhio al cinema denominato \u201cLa settima Arte\u201d.<\/p>\n\n\n\n<p>A condurre la serata, affiancando Federico Romano, sar\u00e0 Rossella Montemurro, giornalista professionista, scrittrice e direttore di redazione. Con esperienza presso numerose testate giornalistiche e emittenti televisive, Montemurro \u00e8 una voce autorevole nel panorama mediatico. In lei convivono come in un sincronizzato Mash-up l\u2019occhio critico giornalistico rivolto alla \u00abcronaca\u00bb e \u00abcultura\u00bb e l\u2019animo profondamente sensibile della scrittrice pluripremiata che ritroviamo attraverso i suoi libri, racconti appassionati di storie di vita e temi sociali.<\/p>\n\n\n\n<p>L\u2019iniziativa \u00e8 realizzata grazie al prezioso supporto di Capolupo Assicurazioni, il banqueting sar\u00e0 a cura di Villa Schiuma, azienda di altissimo livello nel settore catering e ricevimenti, che offrir\u00e0, tra le varie prelibatezze, una raffinata selezione di originali finger food dolce e salato, punto forte della rinomata produzione dei suoi maestri chef. Per la degustazione vini, La Compagnia del Cavatappi ha scelto per gli invitati il prosecco DOCG di De Faveri Spumanti imbottigliato in eleganti formati magnum di Selezione Bottiglia Nera. Il palazzo, adornato dalle creazioni floreali dei Vivai Masciandaro, sar\u00e0 illuminato dalle scenografie luminose di Be Sound che curer\u00e0 anche l\u2019audio. La progettazione grafica dell\u2019evento \u00e8 stata realizzata da Raffaella Giuliani di Cierredata e la Fotografia sar\u00e0 a cura di Francesco Martulano. L\u2019Associazione \u201cVolontari Open Culture 2019\u201d presieduta da Ferdinando Trotta offrir\u00e0 il proprio sostegno durante la serata inaugurale e il periodo di mostra. La figura dei volontari \u201cVOC 2019\u201d \u00e8 ormai una presenza gradevolmente stabile in ogni evento culturale della Citt\u00e0 dei Sassi. Da qui inizia il vostro viaggio in MaterMat\u00e8rArt, lasciatevi sedurre dalle Opere in mostra, straordinarie protagoniste del desiderio di realizzare questo vernissage a Matera.<\/p>\n\n\n\n<p>\u201cLa volont\u00e0 \u00e8 il primo passo verso la realizzazione di un sogno\u201d, sottolinea il direttore artistico Romano.<\/p>\n\n\n\n<p>&nbsp;Partners dell\u2019evento sono: Villa Schiuma ricevimenti e catering, Capolupo Assicurazioni, Be Sound creative entertainment, La Compagnia dei Cavatappi, De Faveri spumanti, Masciandaro dehor &amp; design, Il Piccolo Albergo, Volontari open Culture 2019.<\/p>\n\n\n\n<p>Inoltre si ringrazia: Isabella Grassano, Gian Piero Romano, Alessandro Bernardini, Marianna Di Cesare, Carlo Iuorno, Mario, Francesco e Nicola Schiuma, Biagio Capolupo, Francesco D\u2019Imperio, Brunella Massenzio, Fabio Musolino, Alessandro Masciandaro, Maria Antonietta Roselli, Associazione \u201cCe.Ma.Ci.\u201d.<\/p>\n","protected":false},"excerpt":{"rendered":"<p>Al Palazzo ducale Malvinni Malvezzi di Matera la prima edizione di MaterMat\u00e8rArt \u2013 pittura, scultura e design in Matera, la fucina di arte e musa ispiratrice di artisti come Carlo Levi, Pierpaolo Pasolini, Rocco Scotellaro, Giuseppe Tornatore. MaterMat\u00e8rArt \u00e8 un vernissage volto a sensibilizzare, affascinare e stupire l\u2019animo dello spettatore attraverso le opere inedite realizzate&#8230;<\/p>\n","protected":false},"author":4,"featured_media":3347,"comment_status":"open","ping_status":"open","sticky":false,"template":"","format":"standard","meta":{"footnotes":""},"categories":[2],"tags":[1615,1614,898],"class_list":["post-3346","post","type-post","status-publish","format-standard","has-post-thumbnail","hentry","category-magazine","tag-federico-romano","tag-matermaterart","tag-palazzo-malvinni-malvezzi"],"_links":{"self":[{"href":"https:\/\/www.virtual-press.com\/newsroom\/wp-json\/wp\/v2\/posts\/3346","targetHints":{"allow":["GET"]}}],"collection":[{"href":"https:\/\/www.virtual-press.com\/newsroom\/wp-json\/wp\/v2\/posts"}],"about":[{"href":"https:\/\/www.virtual-press.com\/newsroom\/wp-json\/wp\/v2\/types\/post"}],"author":[{"embeddable":true,"href":"https:\/\/www.virtual-press.com\/newsroom\/wp-json\/wp\/v2\/users\/4"}],"replies":[{"embeddable":true,"href":"https:\/\/www.virtual-press.com\/newsroom\/wp-json\/wp\/v2\/comments?post=3346"}],"version-history":[{"count":2,"href":"https:\/\/www.virtual-press.com\/newsroom\/wp-json\/wp\/v2\/posts\/3346\/revisions"}],"predecessor-version":[{"id":3349,"href":"https:\/\/www.virtual-press.com\/newsroom\/wp-json\/wp\/v2\/posts\/3346\/revisions\/3349"}],"wp:featuredmedia":[{"embeddable":true,"href":"https:\/\/www.virtual-press.com\/newsroom\/wp-json\/wp\/v2\/media\/3347"}],"wp:attachment":[{"href":"https:\/\/www.virtual-press.com\/newsroom\/wp-json\/wp\/v2\/media?parent=3346"}],"wp:term":[{"taxonomy":"category","embeddable":true,"href":"https:\/\/www.virtual-press.com\/newsroom\/wp-json\/wp\/v2\/categories?post=3346"},{"taxonomy":"post_tag","embeddable":true,"href":"https:\/\/www.virtual-press.com\/newsroom\/wp-json\/wp\/v2\/tags?post=3346"}],"curies":[{"name":"wp","href":"https:\/\/api.w.org\/{rel}","templated":true}]}}