{"id":3356,"date":"2024-04-19T00:04:00","date_gmt":"2024-04-18T22:04:00","guid":{"rendered":"https:\/\/www.virtual-press.com\/newsroom\/?p=3356"},"modified":"2024-04-15T21:43:03","modified_gmt":"2024-04-15T19:43:03","slug":"giornata-nazionale-del-made-in-italy-museo-essenza-lucano-festeggia-con-eventi-speciali-per-gli-studenti","status":"publish","type":"post","link":"https:\/\/www.virtual-press.com\/newsroom\/giornata-nazionale-del-made-in-italy-museo-essenza-lucano-festeggia-con-eventi-speciali-per-gli-studenti\/","title":{"rendered":"Giornata Nazionale del Made in Italy: Museo Essenza Lucano festeggia con eventi speciali per gli studenti"},"content":{"rendered":"\n<p>Fino al<strong>\u00a024 aprile<\/strong>, in occasione della prima\u00a0<strong>Giornata Nazionale del Made in Italy<\/strong>,\u00a0in ventotto, tra aziende e fondazioni apriranno le porte dei propri impianti produttivi e dei musei d\u2019impresa per raccontare la storia del Made in Italy.<\/p>\n\n\n\n<p>L\u2019iniziativa, promossa dall\u2019<strong>Associazione Marchi Storici d\u2019Italia<\/strong>&nbsp;e da&nbsp;<strong>Museimpresa&nbsp;\u2013 Associazione Italiana Archivi e Musei d\u2019Impresa<\/strong>, si rivolge al grande pubblico e ai giovani, con l\u2019obiettivo di avvicinarli alle eccellenze produttive dei territori di riferimento. Visite pensate per gli studenti, mostre retrospettive, degustazioni, laboratori, esperienze immersive: tutte formule innovative per accendere i riflettori sul Made in Italy.<\/p>\n\n\n\n<p>Tra le imprese che aderiscono alle aperture speciali, dieci sono anche affiliate all\u2019Associazione Marchi Storici d\u2019Italia: Birra Forst, tra gli ultimi associati, Buccellati, De Nigris, Emilio Schuberth, Lucano 1894, Mazzetti d\u2019Altavilla, Ravazzolo, Spinosi, Walcor, Zacchera Hotels. Diciannove i musei e gli archivi d\u2019impresa associati a Museimpresa: oltre al Museo Essenza Lucano anche l\u2019Archivio Museo Bitossi, l\u2019Archivio Storico Bosch \u2013 Rexroth, Casa Martini, Federazione Nazionale dei Cavalieri del Lavoro, Fondazione Dalmine, Fondazione Fiera Milano, Galleria Campari, Kartell Museo, La vetrina dell\u2019Ingegno, MUCA \u2013 Museo della cantieristica di Monfalcone, MUMAC \u2013 Museo della macchina per caff\u00e8 di Cimbali Group, il Museo dell\u2019Assicurazione, il Museo dell\u2019Olivo Carlo Carli, il Museo della carta di Pescia, il Museo della Pasta Cuomo, il Museo Nicolis, l\u2019Osservatorio Monografie d\u2019Impresa e Spazio Strega.<\/p>\n\n\n\n<p><strong>Lucano 1894<\/strong>\u00a0celebra la<strong>\u00a0Giornata Nazionale del Made in Italy<\/strong>, con eventi speciali tutti dedicati a studenti, in linea con la volont\u00e0 del Mimit di focalizzare le iniziative alla divulgazione presso le generazioni pi\u00f9 giovani delle eccellenze produttive del nostro Paese, avvicinandoli alle imprese del territorio e facendo loro riscoprire che anche i luoghi produttivi, luoghi di bellezza e cultura:\u00a0dopo gli eventi dei giorni scorsi, <strong>sabato 20<\/strong>\u00a0<strong>aprile<\/strong>\u00a0una visita speciale per\u00a0studenti presso il Museo Essenza Lucano.\u00a0<\/p>\n\n\n\n<p>Per il&nbsp;<strong>Presidente<\/strong>&nbsp;di&nbsp;<strong>Museimpresa<\/strong>&nbsp;<strong>Antonio Calabr\u00f2<\/strong>: \u201c<em>Dare valore alla storia delle imprese del made in Italy significa rafforzare la loro capacit\u00e0 competitiva sui mercati globali, rilanciando l\u2019importanza del connubio tra la memoria del saper fare e la spinta all\u2019innovazione, il senso della bellezza e l\u2019alto livello tecnologico, la qualit\u00e0 e la sostenibilit\u00e0. Le nostre manifatture e le imprese dei servizi, grazie anche al rapporto con la cultura politecnica dei territori (sintesi originale tra saperi umanistici e conoscenze scientifiche) sono cardine fondamentale della crescita economica e dell\u2019inclusione sociale e garanzia per la costruzione di un futuro migliore per le nuove generazioni. Sono essenziali, in questa prospettiva, la relazione virtuosa tra Museimpresa e l\u2019Associazione Marchi Storici e la collaborazione pubblico-privato tra imprese e istituzioni<\/em>\u201d.<\/p>\n\n\n\n<p>\u201c<em>Con queste aperture speciali<\/em>&nbsp;\u2013 evidenzia il&nbsp;<strong>Presidente<\/strong>&nbsp;dell\u2019<strong>Associazione Marchi Storic<\/strong>i&nbsp;<strong>Massimo Caputi&nbsp;<\/strong>\u2013&nbsp;<em>vogliamo far riscoprire ai giovani la \u201cbellezza della fabbrica\u201d, ossia tutto il patrimonio storico, artistico e innovativo creato, promosso e custodito dalle imprese storiche del nostro Paese. Vogliamo favorire la ricostruzione di una percezione positiva del comparto industriale, che sar\u00e0 anche il tema della lectio magistralis di Antonio Calabr\u00f2 che si terr\u00e0 il prossimo 17 aprile a Roma, e che si inserisce all\u2019interno di un percorso di dialogo con le giovani generazioni<\/em>\u201d.<\/p>\n\n\n\n<p>La lectio magistralis del Presidente di Museimpresa, dal titolo \u201cItalia, il nostro orgoglio industriale\u201d, si terr\u00e0 alle 10 presso la Sala Spadolini del Ministero della Cultura. Rivolta principalmente agli Istituti Tecnici Superiori, verter\u00e0 sul tema dell\u2019\u201cumanesimo industriale\u201d, un nuovo modo di fare impresa che tiene insieme la tecnica, il design, la cultura, l\u2019heritage e la sostenibilit\u00e0, mantenendo sempre uno stretto rapporto con le culture locali e con le tradizioni dei distretti produttivi.<\/p>\n\n\n\n<p>Museimpresa<\/p>\n\n\n\n<p>Museimpresa, l\u2019Associazione Italiana degli Archivi e dei Musei d\u2019Impresa, fondata nel 2001 per iniziativa di Assolombarda e Confindustria, riunisce musei e archivi di oltre centoquaranta imprese italiane, accomunate dall\u2019idea che le aziende, le fabbriche, le societ\u00e0 di servizi siano luoghi dove il passato e il futuro s\u2019incontrano e in cui la cultura d\u2019impresa, tra testimonianza e innovazione sia un asset fondamentale di competitivit\u00e0.<\/p>\n","protected":false},"excerpt":{"rendered":"<p>Fino al\u00a024 aprile, in occasione della prima\u00a0Giornata Nazionale del Made in Italy,\u00a0in ventotto, tra aziende e fondazioni apriranno le porte dei propri impianti produttivi e dei musei d\u2019impresa per raccontare la storia del Made in Italy. L\u2019iniziativa, promossa dall\u2019Associazione Marchi Storici d\u2019Italia&nbsp;e da&nbsp;Museimpresa&nbsp;\u2013 Associazione Italiana Archivi e Musei d\u2019Impresa, si rivolge al grande pubblico e&#8230;<\/p>\n","protected":false},"author":4,"featured_media":3357,"comment_status":"open","ping_status":"open","sticky":false,"template":"","format":"standard","meta":{"footnotes":""},"categories":[2],"tags":[1620,1619],"class_list":["post-3356","post","type-post","status-publish","format-standard","has-post-thumbnail","hentry","category-magazine","tag-made-in-italy","tag-museo-essenza-lucano"],"_links":{"self":[{"href":"https:\/\/www.virtual-press.com\/newsroom\/wp-json\/wp\/v2\/posts\/3356","targetHints":{"allow":["GET"]}}],"collection":[{"href":"https:\/\/www.virtual-press.com\/newsroom\/wp-json\/wp\/v2\/posts"}],"about":[{"href":"https:\/\/www.virtual-press.com\/newsroom\/wp-json\/wp\/v2\/types\/post"}],"author":[{"embeddable":true,"href":"https:\/\/www.virtual-press.com\/newsroom\/wp-json\/wp\/v2\/users\/4"}],"replies":[{"embeddable":true,"href":"https:\/\/www.virtual-press.com\/newsroom\/wp-json\/wp\/v2\/comments?post=3356"}],"version-history":[{"count":1,"href":"https:\/\/www.virtual-press.com\/newsroom\/wp-json\/wp\/v2\/posts\/3356\/revisions"}],"predecessor-version":[{"id":3358,"href":"https:\/\/www.virtual-press.com\/newsroom\/wp-json\/wp\/v2\/posts\/3356\/revisions\/3358"}],"wp:featuredmedia":[{"embeddable":true,"href":"https:\/\/www.virtual-press.com\/newsroom\/wp-json\/wp\/v2\/media\/3357"}],"wp:attachment":[{"href":"https:\/\/www.virtual-press.com\/newsroom\/wp-json\/wp\/v2\/media?parent=3356"}],"wp:term":[{"taxonomy":"category","embeddable":true,"href":"https:\/\/www.virtual-press.com\/newsroom\/wp-json\/wp\/v2\/categories?post=3356"},{"taxonomy":"post_tag","embeddable":true,"href":"https:\/\/www.virtual-press.com\/newsroom\/wp-json\/wp\/v2\/tags?post=3356"}],"curies":[{"name":"wp","href":"https:\/\/api.w.org\/{rel}","templated":true}]}}