{"id":3359,"date":"2024-04-17T00:02:00","date_gmt":"2024-04-16T22:02:00","guid":{"rendered":"https:\/\/www.virtual-press.com\/newsroom\/?p=3359"},"modified":"2024-04-16T15:33:55","modified_gmt":"2024-04-16T13:33:55","slug":"matera-lo-studio-arti-visive-festeggia-60-anni-serata-evento-il-18-aprile","status":"publish","type":"post","link":"https:\/\/www.virtual-press.com\/newsroom\/matera-lo-studio-arti-visive-festeggia-60-anni-serata-evento-il-18-aprile\/","title":{"rendered":"Matera, lo Studio Arti Visive festeggia 60 anni. Serata evento il 18 aprile"},"content":{"rendered":"\n<p>Gioved\u00ec 18 aprile 2024 alle ore 19.00 lo Studio Arti Visive organizza, nel proprio spazio espositivo di via delle Beccherie n. 41, una serata-evento dedicata a ripercorre le tappe principali della propria attivit\u00e0 in occasione del sessantesimo anniversario della sua fondazione con la partecipazione della professoressa Mariadelaide Cuozzo (docente Storia dell\u2019Arte Contemporanea presso l\u2019Universit\u00e0 degli Studi della Basilicata), del giornalista Pasquale Doria e dell\u2019editore Vito Epifania.<\/p>\n\n\n\n<p>La Galleria-Studio Arti Visive nasce a Matera nel 1964 su iniziativa di Franco Di Pede (artista poliedrico ed operatore culturale) con l\u2019obiettivo di diffondere, in ambito locale, la conoscenza dell\u2019arte contemporanea con una particolare predilezione per le cosiddette \u201cavanguardie\u201d (dall\u2019espressionismo al surrealismo, dal futurismo al dadaismo, dalla pop art all\u2019optical art).<\/p>\n\n\n\n<p>Le opere dei pi\u00f9 grandi nomi dell\u2019arte del Novecento sia italiana che internazionale (Fontana, Dova, Capogrossi, Dorazio, Mastroianni, Santomaso, Picasso, Dal\u00ec, Matta, Baj, Crippa, De Chirico, Ceroli, Del Pezzo, Guttuso, Schifano, Vedova, Mir\u00f2, Magritte, Kokoschka, Ho-Kan, Chagall, Soto, Sol Lewitt, Vasarely solo per citarne alcuni) vengono, cos\u00ec, esposte nel corso degli anni attraverso mostre personali, antologiche o collettive realizzate grazie anche alle proficue collaborazioni con alcune delle pi\u00f9 importanti gallerie e stamperie d\u2019arte italiane (Galleria del Cavallino di Venezia, Galleria Milano, Stamperia 2RC di Roma, Malborough di Roma, Shop- Art di Milano, Sangallo di Firenze, Renzo Cortina di Milano, Il Torcoliere di Roma).<\/p>\n\n\n\n<p>Parallelamente lo Studio Arti Visive si \u00e8 reso sempre soggetto attivo nella valorizzazione della cultura locale e promotore della conoscenza dei Sassi di Matera, degli artisti e delle produzioni artistiche locali attraverso innumerevoli iniziative: dalla ideazione di prodotti editoriali (come il volume \u201cSassi e Secoli\u201d del 1966), all\u2019allestimento di mostre d\u2019arte, fotografiche e di artigianato, dalla organizzazione di conferenze e dibattiti alla partecipazione diretta a convegni nazionali ed internazionali.<\/p>\n\n\n\n<p>In particolare a partire dagli anni \u201980 del secolo scorso, vengono allestite mostre fotografiche sui Sassi di Matera nelle principali capitali e citt\u00e0 del mondo: New York (1981), San Francisco (1982), Paterson (1982), Toronto (1982), Amburgo (1983), Kieler (1983), Groninga (1983), Zurigo (1983), Stoccarda (1983), Bruxelles (1983), Esch-Sur Alzette (1983), Lussemburgo (1983), Verviers (1983), Amsterdam (1984), Maastricht (1984), Copenaghen (1984), Melbourne (1985), Tokyo (1986), Dublino (1993). A queste mostre itineranti sui Sassi di Matera si accompagna sempre l\u2019esposizione di opere grafiche di sei artisti lucani (Michele Spera, Pasquale Santoro, Luigi Guerricchio, Mauro Masi, Cosimo Lerose e lo stesso Franco Di Pede), uno dei primi tentativi di superare a partire dagli anni \u201980 ed anche in campo artistico l\u2019isolamento dentro e fuori la Lucania per tentare, per vie diverse, l\u2019ingresso nel mondo e nella storia.<\/p>\n\n\n\n<p>Per l\u2019occasione sar\u00e0 esposto parte del materiale d\u2019archivio (locandine, poster, cartoline-invito, libri, fotografie) che aiuter\u00e0 a ripercorrere i sessanta anni di attivit\u00e0 dello Studio.<\/p>\n","protected":false},"excerpt":{"rendered":"<p>Gioved\u00ec 18 aprile 2024 alle ore 19.00 lo Studio Arti Visive organizza, nel proprio spazio espositivo di via delle Beccherie n. 41, una serata-evento dedicata a ripercorre le tappe principali della propria attivit\u00e0 in occasione del sessantesimo anniversario della sua fondazione con la partecipazione della professoressa Mariadelaide Cuozzo (docente Storia dell\u2019Arte Contemporanea presso l\u2019Universit\u00e0 degli&#8230;<\/p>\n","protected":false},"author":4,"featured_media":3360,"comment_status":"open","ping_status":"open","sticky":false,"template":"","format":"standard","meta":{"footnotes":""},"categories":[2],"tags":[8,27],"class_list":["post-3359","post","type-post","status-publish","format-standard","has-post-thumbnail","hentry","category-magazine","tag-matera","tag-studio-arti-visive"],"_links":{"self":[{"href":"https:\/\/www.virtual-press.com\/newsroom\/wp-json\/wp\/v2\/posts\/3359","targetHints":{"allow":["GET"]}}],"collection":[{"href":"https:\/\/www.virtual-press.com\/newsroom\/wp-json\/wp\/v2\/posts"}],"about":[{"href":"https:\/\/www.virtual-press.com\/newsroom\/wp-json\/wp\/v2\/types\/post"}],"author":[{"embeddable":true,"href":"https:\/\/www.virtual-press.com\/newsroom\/wp-json\/wp\/v2\/users\/4"}],"replies":[{"embeddable":true,"href":"https:\/\/www.virtual-press.com\/newsroom\/wp-json\/wp\/v2\/comments?post=3359"}],"version-history":[{"count":1,"href":"https:\/\/www.virtual-press.com\/newsroom\/wp-json\/wp\/v2\/posts\/3359\/revisions"}],"predecessor-version":[{"id":3361,"href":"https:\/\/www.virtual-press.com\/newsroom\/wp-json\/wp\/v2\/posts\/3359\/revisions\/3361"}],"wp:featuredmedia":[{"embeddable":true,"href":"https:\/\/www.virtual-press.com\/newsroom\/wp-json\/wp\/v2\/media\/3360"}],"wp:attachment":[{"href":"https:\/\/www.virtual-press.com\/newsroom\/wp-json\/wp\/v2\/media?parent=3359"}],"wp:term":[{"taxonomy":"category","embeddable":true,"href":"https:\/\/www.virtual-press.com\/newsroom\/wp-json\/wp\/v2\/categories?post=3359"},{"taxonomy":"post_tag","embeddable":true,"href":"https:\/\/www.virtual-press.com\/newsroom\/wp-json\/wp\/v2\/tags?post=3359"}],"curies":[{"name":"wp","href":"https:\/\/api.w.org\/{rel}","templated":true}]}}