{"id":3372,"date":"2024-04-29T00:04:00","date_gmt":"2024-04-28T22:04:00","guid":{"rendered":"https:\/\/www.virtual-press.com\/newsroom\/?p=3372"},"modified":"2024-04-28T21:46:51","modified_gmt":"2024-04-28T19:46:51","slug":"murgia-timone-colpo-docchio-spettacolare-180-tra-amazzoni-e-cavalieri-sullo-sfondo-dei-sassi-per-il-ventiduesimo-raduno-nazionale-di-natura-a-cavallo-citta-di-matera-e-basilicata-2024","status":"publish","type":"post","link":"https:\/\/www.virtual-press.com\/newsroom\/murgia-timone-colpo-docchio-spettacolare-180-tra-amazzoni-e-cavalieri-sullo-sfondo-dei-sassi-per-il-ventiduesimo-raduno-nazionale-di-natura-a-cavallo-citta-di-matera-e-basilicata-2024\/","title":{"rendered":"Murgia Timone, colpo d\u2019occhio spettacolare: 180 tra amazzoni e cavalieri sullo sfondo dei Sassi per il ventiduesimo Raduno nazionale di Natura a Cavallo Citt\u00e0 di Matera e Basilicata 2024"},"content":{"rendered":"\n<figure class=\"wp-block-gallery has-nested-images columns-default is-cropped wp-block-gallery-1 is-layout-flex wp-block-gallery-is-layout-flex\">\n<figure class=\"wp-block-image size-large\"><img loading=\"lazy\" decoding=\"async\" width=\"1024\" height=\"919\" data-id=\"3374\" src=\"https:\/\/www.virtual-press.com\/newsroom\/wp-content\/uploads\/2024\/04\/20240428_113812-1-1024x919.jpg\" alt=\"\" class=\"wp-image-3374\" srcset=\"https:\/\/www.virtual-press.com\/newsroom\/wp-content\/uploads\/2024\/04\/20240428_113812-1-1024x919.jpg 1024w, https:\/\/www.virtual-press.com\/newsroom\/wp-content\/uploads\/2024\/04\/20240428_113812-1-300x269.jpg 300w, https:\/\/www.virtual-press.com\/newsroom\/wp-content\/uploads\/2024\/04\/20240428_113812-1-768x689.jpg 768w, https:\/\/www.virtual-press.com\/newsroom\/wp-content\/uploads\/2024\/04\/20240428_113812-1-1536x1378.jpg 1536w, https:\/\/www.virtual-press.com\/newsroom\/wp-content\/uploads\/2024\/04\/20240428_113812-1-2048x1837.jpg 2048w, https:\/\/www.virtual-press.com\/newsroom\/wp-content\/uploads\/2024\/04\/20240428_113812-1-850x763.jpg 850w\" sizes=\"auto, (max-width: 1024px) 100vw, 1024px\" \/><\/figure>\n<\/figure>\n\n\n\n<p><\/p>\n\n\n\n<p>\u201cIl ventiduesimo Raduno nazionale di Natura a Cavallo Citt\u00e0 di Matera e Basilicata 2024 \u00e8 stato spettacolare, bellissimo perch\u00e9 i territori si prestano davvero tanto al turismo equestre: sono incontaminati e si respira la libert\u00e0 di girare. La cartolina finale sui Sassi di Matera \u00e8 stata la ciliegina sulla torta.\u201d Queste le parole del presidente nazionale di Natura a Cavallo, Mauro Ferrari, a conclusione della tre giorni a cavallo nel territorio compreso tra Matera, il Parco Archeologico Storico Naturale delle Chiese Rupestri del Materano e il Parco Regionale di Gallipoli Cognato e Piccole Dolomiti Lucane.<\/p>\n\n\n\n<p>In un percorso inserito nel Calendario degli eventi organizzati da Natura a Cavallo nelle aree naturali protette italiane, 180 tra amazzoni e cavalieri da ogni parte d\u2019Italia, insieme ai soci gemellati della associazione di turismo equestre VFD tedesca, sono stati ieri mattina sul Belvedere di Murgia Timone \u2013 area protetta del Parco regionale Archeologico Storico Naturale delle Chiese Rupestri del Materano \u2013 dove hanno incontrato il sindaco di Matera Domenico Bennardi e hanno consegnato testimone ai rappresentanti istituzionali di Marino, in provincia di Roma, Citt\u00e0 candidata al XXIII Raduno Nazionale NAC \u201cRoma in Giubileo 2025\u201d.<\/p>\n\n\n\n<p>Lo scorso 25 aprile i soci di Natura a Cavallo hanno fatto tappa nel Villaggio ferroviario dello Scalo Grassano \u2013 Garaguso \u2013 Tricarico per poi visitare Garaguso, le Rovine di Calciano e Tricarico.<\/p>\n\n\n\n<p class=\"has-text-align-right\"><strong>Rossella Montemurro<\/strong><\/p>\n","protected":false},"excerpt":{"rendered":"<p>\u201cIl ventiduesimo Raduno nazionale di Natura a Cavallo Citt\u00e0 di Matera e Basilicata 2024 \u00e8 stato spettacolare, bellissimo perch\u00e9 i territori si prestano davvero tanto al turismo equestre: sono incontaminati e si respira la libert\u00e0 di girare. La cartolina finale sui Sassi di Matera \u00e8 stata la ciliegina sulla torta.\u201d Queste le parole del presidente&#8230;<\/p>\n","protected":false},"author":4,"featured_media":3373,"comment_status":"open","ping_status":"open","sticky":false,"template":"","format":"standard","meta":{"footnotes":""},"categories":[2],"tags":[8,1624,1622,1623,1625],"class_list":["post-3372","post","type-post","status-publish","format-standard","has-post-thumbnail","hentry","category-magazine","tag-matera","tag-mauro-ferrari","tag-natura-a-cavallo","tag-parco-della-murgia-materana","tag-raduno"],"_links":{"self":[{"href":"https:\/\/www.virtual-press.com\/newsroom\/wp-json\/wp\/v2\/posts\/3372","targetHints":{"allow":["GET"]}}],"collection":[{"href":"https:\/\/www.virtual-press.com\/newsroom\/wp-json\/wp\/v2\/posts"}],"about":[{"href":"https:\/\/www.virtual-press.com\/newsroom\/wp-json\/wp\/v2\/types\/post"}],"author":[{"embeddable":true,"href":"https:\/\/www.virtual-press.com\/newsroom\/wp-json\/wp\/v2\/users\/4"}],"replies":[{"embeddable":true,"href":"https:\/\/www.virtual-press.com\/newsroom\/wp-json\/wp\/v2\/comments?post=3372"}],"version-history":[{"count":1,"href":"https:\/\/www.virtual-press.com\/newsroom\/wp-json\/wp\/v2\/posts\/3372\/revisions"}],"predecessor-version":[{"id":3375,"href":"https:\/\/www.virtual-press.com\/newsroom\/wp-json\/wp\/v2\/posts\/3372\/revisions\/3375"}],"wp:featuredmedia":[{"embeddable":true,"href":"https:\/\/www.virtual-press.com\/newsroom\/wp-json\/wp\/v2\/media\/3373"}],"wp:attachment":[{"href":"https:\/\/www.virtual-press.com\/newsroom\/wp-json\/wp\/v2\/media?parent=3372"}],"wp:term":[{"taxonomy":"category","embeddable":true,"href":"https:\/\/www.virtual-press.com\/newsroom\/wp-json\/wp\/v2\/categories?post=3372"},{"taxonomy":"post_tag","embeddable":true,"href":"https:\/\/www.virtual-press.com\/newsroom\/wp-json\/wp\/v2\/tags?post=3372"}],"curies":[{"name":"wp","href":"https:\/\/api.w.org\/{rel}","templated":true}]}}