{"id":3383,"date":"2024-05-02T11:13:28","date_gmt":"2024-05-02T09:13:28","guid":{"rendered":"https:\/\/www.virtual-press.com\/newsroom\/?p=3383"},"modified":"2024-05-02T11:13:28","modified_gmt":"2024-05-02T09:13:28","slug":"2-luglio-tradizione-e-innovazione-nel-progetto-di-digitalizzazione-dellossatura-del-carro-della-bruna","status":"publish","type":"post","link":"https:\/\/www.virtual-press.com\/newsroom\/2-luglio-tradizione-e-innovazione-nel-progetto-di-digitalizzazione-dellossatura-del-carro-della-bruna\/","title":{"rendered":"2 Luglio: tradizione e innovazione nel progetto di digitalizzazione dell\u2019ossatura del carro della Bruna"},"content":{"rendered":"\n<p>In settant\u2019anni settanta \u201cassalti\u201d ogni 2 Luglio e un look sempre diverso: nuove sovrastrutture lignee, a loro volta rivestite con cartapesta, altri decori e sculture. Era necessario una sorta di check up per la struttura permanente del carro trionfale della Bruna, un approfondito monitoraggio realizzato con l\u2019uso di droni e strumentazione idonea per accertarne la solidit\u00e0 e individuare fragilit\u00e0. Nei giorni scorsi a Matera l\u2019Associazione Maria SS. della Bruna ha presentato i risultati del progetto di digitalizzazione dello \u201cscheletro massiccio\u201d.<\/p>\n\n\n\n<p>\u201cL\u2019idea mi fu suggerita da Luca Colacicco che tra l\u2019altro \u00e8 il presidente della sezione Legno-Arredo della Confapi. \u2013 spiega il presidente dell\u2019Associazione Maria SS. Della Bruna, il dott. Bruno Caiella \u2013 Mi fece presente l\u2019importanza di digitalizzare la struttura perch\u00e9 questo avrebbe consentito una manutenzione e uno studio approfondito. Lo scopo \u00e8 stato anche quello di dare risalto a una figura che non viene quasi mai presa in considerazione, il falegname; \u00e8 un modo per mettere in risalto il lavoro artigianale propedeutico alla realizzazione del carro. Un grazie sentito a Luca che mi ha dato l\u2019idea, al geometra Rocco Festa che l\u2019ha sviluppata e a Franco Moliterni, responsabile del settore Cultura dell\u2019Associazione Maria SS. della Bruna, che ha realizzato una brochure sul lavoro svolto\u201d.<\/p>\n\n\n\n<p>\u201cL\u2019idea \u2013 aggiunge Colacicco \u2013 \u00e8 nata proprio per iniziare a creare una copia dell\u2019ossatura, un modello in versione digitale. A mio avviso \u00e8 interessante perch\u00e9 consente in primis di avere una \u201cfotocopia\u201d nel senso che, in qualsiasi momento se dovesse accadere qualcosa, c\u2019\u00e8 la possibilit\u00e0 di replicare l\u2019ossatura. \u00c8 una cosa da non sottovalutare, negli anni ci sono stati dei problemi, quando si presenta un progetto a volte non si riesce ad avere le giuste dimensioni, ci sono state statue sproporzionate o sollecitazioni particolari. Avere un modello digitale significa avere la consapevolezza precisa di quello che \u00e8 lo scheletro massiccio. Potrebbe essere anche un primo passo per costruire in modo digitale il nuovo manufatto. Diventa un bene conservativo, sar\u00e0 a disposizione di chiunque voglia utilizzarlo\u201d.<\/p>\n\n\n\n<p>\u201cQuando finisce la festa, il 2 Luglio, vediamo questa struttura che si incammina e il cammino lo interpretiamo come l\u2019avvio di una nuova fase della festa. \u2013 sottolinea il geom. Rocco Festa, direttore di &nbsp;Erreffe Progetti Srl associata Confapi \u2013 Questa \u00e8 l\u2019unica struttura che non viene distrutta, \u00e8 l\u2019unico elemento che ci d\u00e0 la possibilit\u00e0 di guardare gi\u00e0 al prossimo 2 luglio. Allora valorizziamola: digitalizzarla permette di avere un documento il pi\u00f9 possibile fedele sia perch\u00e9 possa essere facilmente ricostruita per eventuali situazioni che si possono presentare sia per metterla a disposizione. Con queste procedure siamo riusciti a fare una stampa 3D del bozzetto che permetter\u00e0 di evitare interventi aggressivi sulla struttura al fine di poterla conservare il pi\u00f9 possibile. Hanno collaborato anche molti giovani, ho visto ragazzi che si sono incuriositi molto nel portare il loro supporto di tecnologie innovative\u201d.<\/p>\n\n\n\n<p>Secondo Moliterni, \u201cun monitoraggio dello stato di salute dello scheletro massiccio era necessario. Considerando che su di esso salgono decine di ragazzi, si tratta anche di salvaguardare la loro incolumit\u00e0. Grazie alla digitalizzazione si \u00e8 scoperta un lieve fragilit\u00e0 nella parte posteriore, che comunque non avrebbe assolutamente pregiudicato la stabilit\u00e0. Cosimo Coretti, il falegname che collabora con la signora Francesca Cascione, ha provveduto a ripristinare il tutto\u201d.<\/p>\n\n\n\n<p>Entusiasta Massimo De Salvo, presidente di Confapi Matera: \u201cConfapi, come realt\u00e0 del territorio, scende sempre in prima linea quando si tratta di queste operazioni bellissime che determineranno il futuro della nostra citt\u00e0 e della nostra provincia. Dal primo momento in cui Luca Colacicco, il presidente Caiella e Rocco Festa ci hanno esposto il progetto abbiamo assolutamente aderito. Siamo stati onorati, \u00e8 una cosa emozionante come ogni cosa che ha interessato Matera negli ultimi 40 anni\u201d.<\/p>\n\n\n\n<p>Il delegato arcivescovile Don Francesco Di Marzio ha rivelato che \u00e8 intenzione dell\u2019Associazione dedicare lo scheletro massiccio a San Giuseppe, padre putativo di Ges\u00f9 e carpentiere: \u201cLo scheletro massiccio \u00e8 una presenza discreta ma importante, cos\u00ec come lo \u00e8 stata la figura di Giuseppe\u201d.<\/p>\n\n\n\n<p>Realizzata anche una brochure,&nbsp;<em>L\u2019ossatura del carro della Bruna compie 70 anni.<\/em><\/p>\n\n\n\n<p><em>In cammino verso il riconoscimento Unesco<\/em>, che entra nel vivo del progetto sia dal punto di vista tecnico sia da quello teorico, ricco di simbologia come gran parte della Festa: \u201cC\u2019\u00e8 un significato simbolico notevolissimo, \u2013 afferma Moliterni \u2013 in quanto la struttura raffigura la permanenza, la stabilit\u00e0 della tradizione, dell\u2019esistenza. Il carro annuale, invece, \u00e8 la caratterizzazione di questa esistenza, la vita individuale. Quello che appare contraddizione \u2013 stabilit\u00e0 e cambiamento \u2013 nel carro della Bruna viene armonizzato: la vita individuale si interconnette nell\u2019esistenza la storia che poi diventa continuit\u00e0. La Festa della Bruna merita di essere riconosciuta come patrimonio immateriale perch\u00e9 non \u00e8 altro che la raffigurazione dell\u2019esistenza umana\u201d.<\/p>\n\n\n\n<p>Infine, il presidente Caiella ha annunciato che la macchina organizzativa del 2 Luglio 2024 sta procedendo bene: \u201cIl carro \u00e8 in stato avanzato di realizzazione, si presenta di una bellezza straordinaria, tra l\u2019altro le capacit\u00e0 professionali della Cascione sono note. Sono pienamente convinto che i materani saranno soddisfatti di questo lavoro\u201d.<\/p>\n\n\n\n<p class=\"has-text-align-right\"><strong>Rossella Montemurro<\/strong><\/p>\n\n\n\n<p class=\"has-text-align-right\"><strong>Foto Angelo Zimmari<\/strong><\/p>\n","protected":false},"excerpt":{"rendered":"<p>In settant\u2019anni settanta \u201cassalti\u201d ogni 2 Luglio e un look sempre diverso: nuove sovrastrutture lignee, a loro volta rivestite con cartapesta, altri decori e sculture. Era necessario una sorta di check up per la struttura permanente del carro trionfale della Bruna, un approfondito monitoraggio realizzato con l\u2019uso di droni e strumentazione idonea per accertarne la&#8230;<\/p>\n","protected":false},"author":4,"featured_media":3377,"comment_status":"open","ping_status":"open","sticky":false,"template":"","format":"standard","meta":{"footnotes":""},"categories":[1],"tags":[49,1114,398,8],"class_list":["post-3383","post","type-post","status-publish","format-standard","has-post-thumbnail","hentry","category-senza-categoria","tag-2-luglio","tag-associazione-maria-ss-della-bruna","tag-carro","tag-matera"],"_links":{"self":[{"href":"https:\/\/www.virtual-press.com\/newsroom\/wp-json\/wp\/v2\/posts\/3383","targetHints":{"allow":["GET"]}}],"collection":[{"href":"https:\/\/www.virtual-press.com\/newsroom\/wp-json\/wp\/v2\/posts"}],"about":[{"href":"https:\/\/www.virtual-press.com\/newsroom\/wp-json\/wp\/v2\/types\/post"}],"author":[{"embeddable":true,"href":"https:\/\/www.virtual-press.com\/newsroom\/wp-json\/wp\/v2\/users\/4"}],"replies":[{"embeddable":true,"href":"https:\/\/www.virtual-press.com\/newsroom\/wp-json\/wp\/v2\/comments?post=3383"}],"version-history":[{"count":1,"href":"https:\/\/www.virtual-press.com\/newsroom\/wp-json\/wp\/v2\/posts\/3383\/revisions"}],"predecessor-version":[{"id":3384,"href":"https:\/\/www.virtual-press.com\/newsroom\/wp-json\/wp\/v2\/posts\/3383\/revisions\/3384"}],"wp:featuredmedia":[{"embeddable":true,"href":"https:\/\/www.virtual-press.com\/newsroom\/wp-json\/wp\/v2\/media\/3377"}],"wp:attachment":[{"href":"https:\/\/www.virtual-press.com\/newsroom\/wp-json\/wp\/v2\/media?parent=3383"}],"wp:term":[{"taxonomy":"category","embeddable":true,"href":"https:\/\/www.virtual-press.com\/newsroom\/wp-json\/wp\/v2\/categories?post=3383"},{"taxonomy":"post_tag","embeddable":true,"href":"https:\/\/www.virtual-press.com\/newsroom\/wp-json\/wp\/v2\/tags?post=3383"}],"curies":[{"name":"wp","href":"https:\/\/api.w.org\/{rel}","templated":true}]}}