{"id":3399,"date":"2024-05-22T00:04:00","date_gmt":"2024-05-21T22:04:00","guid":{"rendered":"https:\/\/www.virtual-press.com\/newsroom\/?p=3399"},"modified":"2024-05-16T13:13:53","modified_gmt":"2024-05-16T11:13:53","slug":"il-prossimo-6-luglio-riapre-il-parco-della-grancia-a-brindisi-montagna-tra-le-novita-di-questa-edizione-lo-spettacolo-delle-brigantesse","status":"publish","type":"post","link":"https:\/\/www.virtual-press.com\/newsroom\/il-prossimo-6-luglio-riapre-il-parco-della-grancia-a-brindisi-montagna-tra-le-novita-di-questa-edizione-lo-spettacolo-delle-brigantesse\/","title":{"rendered":"Il prossimo 6 luglio riapre il Parco della Grancia a Brindisi Montagna. Tra le novit\u00e0 di questa\u00a0edizione\u00a0lo spettacolo delle brigantesse"},"content":{"rendered":"\n<p>Il prossimo 6 luglio riaprir\u00e0 i suoi cancelli per la stagione estiva 2024, il Parco della Grancia a Brindisi Montagna promettendo un&#8217;esperienza rinnovata e ricca di attivit\u00e0 per tutte le et\u00e0. L&#8217;annuncio questa mattina nel corso di una conferenza stampa, all&#8217;interno del Parco,&nbsp; alla quale sono intervenuti&nbsp;Nicola Manfredelli, presidente del Consorzio ETI-Eccellenze Turistiche Italiane, Rocco Allegretti, presidente della locale Pro loco e Luca Prisco, amministratore di Sud Promotion.&nbsp;La giornata di apertura inizier\u00e0 alle 11:00 con la dimostrazione della tradizionale pigiatura dell&#8217;uva. Le famiglie potranno godere di un&#8217;esperienza educativa alla fattoria degli animali, dove i pi\u00f9 piccoli avranno l&#8217;opportunit\u00e0 di avvicinarsi al mondo rurale in un contesto divertente. Uno degli highlights della giornata sar\u00e0 &#8220;La Contesa maritata&#8221;, uno spettacolo a cura dell&#8217;associazione \u201cI cavalieri di Bianca Lancia\u201d, della durata di 20 minuti, che porter\u00e0 in scena vivaci scenari storici che incanteranno il pubblico.<\/p>\n\n\n\n<p>Dopo il grande successo dello scorso anno, anche quest&#8217;anno il Parco&nbsp; offre l&#8217;opportunit\u00e0 di partecipare alle amate escursioni di Nordic Walking. Per gli amanti dell&#8217;attivit\u00e0 fisica all&#8217;aria aperta, sono previste escursioni sia la mattino che al pomeriggio. Queste passeggiate rappresentano un&#8217;occasione unica per immergersi nella bellezza naturale del parco, godendo della compagnia di altri appassionati e beneficiando dei vantaggi di questa piacevole attivit\u00e0 fisica.<\/p>\n\n\n\n<p>Per i pi\u00f9 piccoli, l&#8217;area dei burattini ospiter\u00e0 la Compagnia Arechi, che delizier\u00e0 i giovani spettatori con avvincenti spettacoli di burattini .<\/p>\n\n\n\n<p>Grande novit\u00e0 di quest\u2019anno a cura dell&#8217;associazione \u201cLe mele marce\u201d di Rionero in Vulture, lo spettacolo delle brigantesse della Grancia. Dopo il grande successo della serie Netflix &#8220;Briganti&#8221;, che ha valorizzato il ruolo delle donne briganti, il Parco celebra le eroiche figure femminili del brigantaggio. La rinnovata attenzione verso le figure femminili del brigantaggio sar\u00e0 evidente nelle numerose attivit\u00e0 del parco, che mirano a mettere in luce le storie di coraggio e resilienza di queste donne eccezionali. Questo impegno si riflette nell&#8217;imminente stagione estiva del parco, dove il contributo delle donne briganti alla storia locale sar\u00e0 celebrato e approfondito attraverso esposizioni, spettacoli e narrazioni, offrendo ai visitatori una nuova prospettiva su un capitolo spesso trascurato del nostro passato.<\/p>\n\n\n\n<p>Per gli appassionati di natura, l&#8217;area falconeria sar\u00e0 aperta per visite guidate, culminando con uno spettacolo di falconeria nel&nbsp;pomeriggio&nbsp;che promette di essere mozzafiato.<\/p>\n\n\n\n<p>L&#8217;area del gusto sar\u00e0 un viaggio attraverso le tradizioni culinarie locali, con il museo e il laboratorio del miele a cura dell&#8217;azienda Andrea Cufino. Qui, i visitatori potranno partecipare a sessioni informative e degustazioni.<\/p>\n\n\n\n<p>Infine, la giornata si concluder\u00e0 con il famoso&nbsp;cine spettacolo&nbsp;&#8220;La Storia Bandita&#8221; che rappresenta in chiave moderna, attraverso le ragioni e le storie dei vinti, la dimensione sociale, culturale e storica della civilt\u00e0 rurale di una delle pagine pi\u00f9 controverse e maggiormente significative della storia della Basilicata: il brigantaggio. Una vicenda, quella della Basilicata e del Mezzogiorno d\u2019Italia tra il 1799 ed il 1861, raccontata senza nostalgie o rancori, alla scoperta del mondo rurale lucano e delle sue inconfondibili radici: la storia diventa racconto e spettacolo e la natura traccia i contorni di un paesaggio che esprime la straordinaria autenticit\u00e0 del mondo contadino. Straordinari i numeri di questo grande evento. 500 effetti pirotecnici, 400 fari teatrali e cinematografici, un impianto sonoro immersivo multitraccia con 12 sorgenti, proiezioni di grandi immagini sulla roccia e su schermo d\u2019acqua, oltre a numerosi altri effetti speciali in scena: un\u2019esperienza \u201c5D\u201d, che coinvolge tutti i sensi, dando allo spettatore la sensazione di trovarsi dentro un set cinematografico che prende forma sotto i suoi occhi; una narrazione spettacolare della durata di circa un\u2019ora e mezza, animata da oltre 200 figuranti che interagiscono su un\u2019area di scena di oltre 25mila metri quadri, nello splendido anfiteatro naturale della foresta della Grancia, un teatro su un dorso di montagna incantevole che ha per scenografia la vegetazione e per sipario la notte.&nbsp;<\/p>\n\n\n\n<p>Sar\u00e0 possibile acquistare i biglietti online su&nbsp;<a href=\"http:\/\/www.parcograncia.it\/\" target=\"_blank\" rel=\"noreferrer noopener\">www.parcograncia.it<\/a><\/p>\n","protected":false},"excerpt":{"rendered":"<p>Il prossimo 6 luglio riaprir\u00e0 i suoi cancelli per la stagione estiva 2024, il Parco della Grancia a Brindisi Montagna promettendo un&#8217;esperienza rinnovata e ricca di attivit\u00e0 per tutte le et\u00e0. L&#8217;annuncio questa mattina nel corso di una conferenza stampa, all&#8217;interno del Parco,&nbsp; alla quale sono intervenuti&nbsp;Nicola Manfredelli, presidente del Consorzio ETI-Eccellenze Turistiche Italiane, Rocco&#8230;<\/p>\n","protected":false},"author":4,"featured_media":3400,"comment_status":"open","ping_status":"open","sticky":false,"template":"","format":"standard","meta":{"footnotes":""},"categories":[2],"tags":[1635,1450,1460],"class_list":["post-3399","post","type-post","status-publish","format-standard","has-post-thumbnail","hentry","category-magazine","tag-brigantesse","tag-brindisi-di-montagna","tag-parco-della-grancia"],"_links":{"self":[{"href":"https:\/\/www.virtual-press.com\/newsroom\/wp-json\/wp\/v2\/posts\/3399","targetHints":{"allow":["GET"]}}],"collection":[{"href":"https:\/\/www.virtual-press.com\/newsroom\/wp-json\/wp\/v2\/posts"}],"about":[{"href":"https:\/\/www.virtual-press.com\/newsroom\/wp-json\/wp\/v2\/types\/post"}],"author":[{"embeddable":true,"href":"https:\/\/www.virtual-press.com\/newsroom\/wp-json\/wp\/v2\/users\/4"}],"replies":[{"embeddable":true,"href":"https:\/\/www.virtual-press.com\/newsroom\/wp-json\/wp\/v2\/comments?post=3399"}],"version-history":[{"count":1,"href":"https:\/\/www.virtual-press.com\/newsroom\/wp-json\/wp\/v2\/posts\/3399\/revisions"}],"predecessor-version":[{"id":3401,"href":"https:\/\/www.virtual-press.com\/newsroom\/wp-json\/wp\/v2\/posts\/3399\/revisions\/3401"}],"wp:featuredmedia":[{"embeddable":true,"href":"https:\/\/www.virtual-press.com\/newsroom\/wp-json\/wp\/v2\/media\/3400"}],"wp:attachment":[{"href":"https:\/\/www.virtual-press.com\/newsroom\/wp-json\/wp\/v2\/media?parent=3399"}],"wp:term":[{"taxonomy":"category","embeddable":true,"href":"https:\/\/www.virtual-press.com\/newsroom\/wp-json\/wp\/v2\/categories?post=3399"},{"taxonomy":"post_tag","embeddable":true,"href":"https:\/\/www.virtual-press.com\/newsroom\/wp-json\/wp\/v2\/tags?post=3399"}],"curies":[{"name":"wp","href":"https:\/\/api.w.org\/{rel}","templated":true}]}}