{"id":3470,"date":"2024-06-21T00:05:00","date_gmt":"2024-06-20T22:05:00","guid":{"rendered":"https:\/\/www.virtual-press.com\/newsroom\/?p=3470"},"modified":"2024-06-20T17:38:59","modified_gmt":"2024-06-20T15:38:59","slug":"si-conclude-oggi-21-giugno-il-programma-migrazioni-2024-giornata-mondiale-del-rifugiato-organizzato-dalla-fondazione-citta-della-pace-per-i-bambini-basilicata","status":"publish","type":"post","link":"https:\/\/www.virtual-press.com\/newsroom\/si-conclude-oggi-21-giugno-il-programma-migrazioni-2024-giornata-mondiale-del-rifugiato-organizzato-dalla-fondazione-citta-della-pace-per-i-bambini-basilicata\/","title":{"rendered":"Si conclude oggi, 21 giugno, il programma migrAzioni 2024 \u2013 Giornata mondiale del rifugiato \u2013 organizzato dalla Fondazione Citt\u00e0 della Pace per i Bambini Basilicata"},"content":{"rendered":"\n<figure class=\"wp-block-gallery has-nested-images columns-default is-cropped wp-block-gallery-1 is-layout-flex wp-block-gallery-is-layout-flex\">\n<figure class=\"wp-block-image size-large\"><img loading=\"lazy\" decoding=\"async\" width=\"1024\" height=\"577\" data-id=\"3471\" src=\"https:\/\/www.virtual-press.com\/newsroom\/wp-content\/uploads\/2024\/06\/giornata-mondiale-del-rifugiato-banner-lavello-1024x577.jpg\" alt=\"\" class=\"wp-image-3471\" srcset=\"https:\/\/www.virtual-press.com\/newsroom\/wp-content\/uploads\/2024\/06\/giornata-mondiale-del-rifugiato-banner-lavello-1024x577.jpg 1024w, https:\/\/www.virtual-press.com\/newsroom\/wp-content\/uploads\/2024\/06\/giornata-mondiale-del-rifugiato-banner-lavello-300x169.jpg 300w, https:\/\/www.virtual-press.com\/newsroom\/wp-content\/uploads\/2024\/06\/giornata-mondiale-del-rifugiato-banner-lavello-768x433.jpg 768w, https:\/\/www.virtual-press.com\/newsroom\/wp-content\/uploads\/2024\/06\/giornata-mondiale-del-rifugiato-banner-lavello-1536x865.jpg 1536w, https:\/\/www.virtual-press.com\/newsroom\/wp-content\/uploads\/2024\/06\/giornata-mondiale-del-rifugiato-banner-lavello-850x479.jpg 850w, https:\/\/www.virtual-press.com\/newsroom\/wp-content\/uploads\/2024\/06\/giornata-mondiale-del-rifugiato-banner-lavello.jpg 1640w\" sizes=\"auto, (max-width: 1024px) 100vw, 1024px\" \/><\/figure>\n<\/figure>\n\n\n\n<p><\/p>\n\n\n\n<p>Oggi, 21 giugno, si conclude il programma \u201cmigrAzioni 2024\u201d organizzato dalla Fondazione Citt\u00e0 della Pace per i Bambini Basilicata che ha celebrato la \u201cGiornata mondiale del rifugiato\u201d nell\u2019ambito delle attivit\u00e0 di accoglienza dei progetti SAI con mostre fotografiche, documentari, eventi culturali e sportivi.<\/p>\n\n\n\n<p>Dal 13 maggio sono stati coinvolti gli abitanti di 4 centri della Basilicata che ospitano i rifugiati per ricordare che nel 2023 oltre 117 milioni di persone sono state costrette a fuggire per guerre e persecuzioni secondo i dati dell\u2019UNHCR.<\/p>\n\n\n\n<p>Oggi alle ore 10,30 a Lavello, presso il Campo sportivo New Camp in Via Rocco Scotellaro si svolger\u00e0 il torneo di calcio \u201cDiamo un calcio al Razzismo\u201d e, insieme al Sindaco di Lavello l\u2019Avv. Antonio Carretta, sar\u00e0 possibile visitare una mostra fotografica realizzata dai Minori Stranieri Non Accompagnati ospiti del progetto SAI del Comune di Lavello.<\/p>\n\n\n\n<p>Sempre oggi alle ore 17,30 sar\u00e0 poi inaugurata a Potenza, presso il Palazzo della Cultura in Via Cesare Battisti 1, la Mostra \u201cWhY\u2019 realizzata da Leonardo Nella.<\/p>\n\n\n\n<p>L\u2019iniziativa \u00e8 finanziata con le risorse del progetto SAI promosso dal Comune di Potenza, in co-progettazione con ARCI Basilicata, Consorzio Officine Sociali e la Cooperativa la Mimosa all\u2019interno delle attivit\u00e0 di animazione sociale.<\/p>\n\n\n\n<p>Il lavoro multimediale \u201cWhy?\u201d, che raccoglie le immagini di 42 fotografie ed un video di 5 minuti, nasce da una riflessione sugli eventi che hanno caratterizzato questi ultimi anni che sono stati impregnati di morti causati da guerre e da migrazioni, da terrorismo religioso e politico, da discriminazioni, repressione, disuguaglianze, dal collasso socio\/climatico rispetto al quale stentano a essere attuate risposte ed interventi con priorit\u00e0 assoluta e globale.<\/p>\n\n\n\n<p>Queste immagini, partendo con uno sguardo al \u201csecolo breve\u201d delle guerre, atterrano sul mar Mediterraneo: insieme crocevia, confine e capolinea dove spesso il destino e la storia si incontrano e dove realt\u00e0 vicine, ma spesso lontanissime, si scontrano sconvolgendo i destini di umanit\u00e0 disperse e povere con torture, proiettili e bombe.<\/p>\n\n\n\n<p>All\u2019inaugurazione della mostra sar\u00e0 presente, oltre all\u2019autore, anche Fiorella Fiore critica e storica dell\u2019arte che offrir\u00e0 la sua lettura di questo coinvolgente e toccante lavoro multimediale.<\/p>\n\n\n\n<p>L\u2019ingresso \u00e8 libero fino ad esaurimento dei posti la mostra sar\u00e0 visitabile fino al 28 giugno dal luned\u00ec al sabato dalle ore 9,00 alle 13,00 e dalle 15,00 alle 19,00.<\/p>\n","protected":false},"excerpt":{"rendered":"<p>Oggi, 21 giugno, si conclude il programma \u201cmigrAzioni 2024\u201d organizzato dalla Fondazione Citt\u00e0 della Pace per i Bambini Basilicata che ha celebrato la \u201cGiornata mondiale del rifugiato\u201d nell\u2019ambito delle attivit\u00e0 di accoglienza dei progetti SAI con mostre fotografiche, documentari, eventi culturali e sportivi. Dal 13 maggio sono stati coinvolti gli abitanti di 4 centri della&#8230;<\/p>\n","protected":false},"author":4,"featured_media":3472,"comment_status":"open","ping_status":"open","sticky":false,"template":"","format":"standard","meta":{"footnotes":""},"categories":[2],"tags":[1657,1656,1655],"class_list":["post-3470","post","type-post","status-publish","format-standard","has-post-thumbnail","hentry","category-magazine","tag-citta-della-pace","tag-migrazioni","tag-rifugiato"],"_links":{"self":[{"href":"https:\/\/www.virtual-press.com\/newsroom\/wp-json\/wp\/v2\/posts\/3470","targetHints":{"allow":["GET"]}}],"collection":[{"href":"https:\/\/www.virtual-press.com\/newsroom\/wp-json\/wp\/v2\/posts"}],"about":[{"href":"https:\/\/www.virtual-press.com\/newsroom\/wp-json\/wp\/v2\/types\/post"}],"author":[{"embeddable":true,"href":"https:\/\/www.virtual-press.com\/newsroom\/wp-json\/wp\/v2\/users\/4"}],"replies":[{"embeddable":true,"href":"https:\/\/www.virtual-press.com\/newsroom\/wp-json\/wp\/v2\/comments?post=3470"}],"version-history":[{"count":1,"href":"https:\/\/www.virtual-press.com\/newsroom\/wp-json\/wp\/v2\/posts\/3470\/revisions"}],"predecessor-version":[{"id":3473,"href":"https:\/\/www.virtual-press.com\/newsroom\/wp-json\/wp\/v2\/posts\/3470\/revisions\/3473"}],"wp:featuredmedia":[{"embeddable":true,"href":"https:\/\/www.virtual-press.com\/newsroom\/wp-json\/wp\/v2\/media\/3472"}],"wp:attachment":[{"href":"https:\/\/www.virtual-press.com\/newsroom\/wp-json\/wp\/v2\/media?parent=3470"}],"wp:term":[{"taxonomy":"category","embeddable":true,"href":"https:\/\/www.virtual-press.com\/newsroom\/wp-json\/wp\/v2\/categories?post=3470"},{"taxonomy":"post_tag","embeddable":true,"href":"https:\/\/www.virtual-press.com\/newsroom\/wp-json\/wp\/v2\/tags?post=3470"}],"curies":[{"name":"wp","href":"https:\/\/api.w.org\/{rel}","templated":true}]}}