{"id":3477,"date":"2024-06-28T00:05:00","date_gmt":"2024-06-27T22:05:00","guid":{"rendered":"https:\/\/www.virtual-press.com\/newsroom\/?p=3477"},"modified":"2024-06-20T17:53:59","modified_gmt":"2024-06-20T15:53:59","slug":"a-matera-fino-al-30-giugno-mostra-alchimia-del-2-di-francesco-paone-elaborati-artistici-di-una-personale-visione-della-festa-della-bruna","status":"publish","type":"post","link":"https:\/\/www.virtual-press.com\/newsroom\/a-matera-fino-al-30-giugno-mostra-alchimia-del-2-di-francesco-paone-elaborati-artistici-di-una-personale-visione-della-festa-della-bruna\/","title":{"rendered":"A Matera fino al 30 giugno mostra \u201cAlchimia del 2\u201d di Francesco Paone: elaborati artistici di una personale visione della festa della Bruna"},"content":{"rendered":"\n<p>Fino al 30 giugno nella Cava Marl\u00f2 in Recinto Santa Maria 8 nei Sassi di Matera \u00e8 possibile visitare \u201cAlchimia del 2\u201d, la prima mostra personale dell\u2019artista Francesco Paone. L&#8217;evento, che \u00e8 organizzato in collaborazione con l\u2019associazione culturale Omega 13 di Matera, esplorer\u00e0 le tradizioni locali attraverso l\u2019arte contemporanea.<br>Le tele di Paone saranno esposte nell\u2019affascinante ipogeo di Cava Marl\u00f2, dove il visitatore potr\u00e0 immergersi in una narrazione visiva che rievoca i momenti salienti del 2 luglio, giorno della festa. L\u2019artista ha sapientemente intrecciato elementi sacri e profani, riflettendo la popolarit\u00e0 e la profondit\u00e0 di una tradizione che affonda le radici nella storia della citt\u00e0.<br>L\u2019ingresso alla mostra \u00e8 libero.<\/p>\n","protected":false},"excerpt":{"rendered":"<p>Fino al 30 giugno nella Cava Marl\u00f2 in Recinto Santa Maria 8 nei Sassi di Matera \u00e8 possibile visitare \u201cAlchimia del 2\u201d, la prima mostra personale dell\u2019artista Francesco Paone. L&#8217;evento, che \u00e8 organizzato in collaborazione con l\u2019associazione culturale Omega 13 di Matera, esplorer\u00e0 le tradizioni locali attraverso l\u2019arte contemporanea.Le tele di Paone saranno esposte nell\u2019affascinante&#8230;<\/p>\n","protected":false},"author":4,"featured_media":3478,"comment_status":"open","ping_status":"open","sticky":false,"template":"","format":"standard","meta":{"footnotes":""},"categories":[2],"tags":[],"class_list":["post-3477","post","type-post","status-publish","format-standard","has-post-thumbnail","hentry","category-magazine"],"_links":{"self":[{"href":"https:\/\/www.virtual-press.com\/newsroom\/wp-json\/wp\/v2\/posts\/3477","targetHints":{"allow":["GET"]}}],"collection":[{"href":"https:\/\/www.virtual-press.com\/newsroom\/wp-json\/wp\/v2\/posts"}],"about":[{"href":"https:\/\/www.virtual-press.com\/newsroom\/wp-json\/wp\/v2\/types\/post"}],"author":[{"embeddable":true,"href":"https:\/\/www.virtual-press.com\/newsroom\/wp-json\/wp\/v2\/users\/4"}],"replies":[{"embeddable":true,"href":"https:\/\/www.virtual-press.com\/newsroom\/wp-json\/wp\/v2\/comments?post=3477"}],"version-history":[{"count":1,"href":"https:\/\/www.virtual-press.com\/newsroom\/wp-json\/wp\/v2\/posts\/3477\/revisions"}],"predecessor-version":[{"id":3479,"href":"https:\/\/www.virtual-press.com\/newsroom\/wp-json\/wp\/v2\/posts\/3477\/revisions\/3479"}],"wp:featuredmedia":[{"embeddable":true,"href":"https:\/\/www.virtual-press.com\/newsroom\/wp-json\/wp\/v2\/media\/3478"}],"wp:attachment":[{"href":"https:\/\/www.virtual-press.com\/newsroom\/wp-json\/wp\/v2\/media?parent=3477"}],"wp:term":[{"taxonomy":"category","embeddable":true,"href":"https:\/\/www.virtual-press.com\/newsroom\/wp-json\/wp\/v2\/categories?post=3477"},{"taxonomy":"post_tag","embeddable":true,"href":"https:\/\/www.virtual-press.com\/newsroom\/wp-json\/wp\/v2\/tags?post=3477"}],"curies":[{"name":"wp","href":"https:\/\/api.w.org\/{rel}","templated":true}]}}