{"id":3493,"date":"2024-07-01T00:21:00","date_gmt":"2024-06-30T22:21:00","guid":{"rendered":"https:\/\/www.virtual-press.com\/newsroom\/?p=3493"},"modified":"2024-06-27T22:23:43","modified_gmt":"2024-06-27T20:23:43","slug":"parco-della-murgia-materana-al-lavoro-per-il-piano-di-gestione-il-presidente-giovanni-mianulli-ha-illustrato-le-attivita-realizzate-e-i-progetti-futuri","status":"publish","type":"post","link":"https:\/\/www.virtual-press.com\/newsroom\/parco-della-murgia-materana-al-lavoro-per-il-piano-di-gestione-il-presidente-giovanni-mianulli-ha-illustrato-le-attivita-realizzate-e-i-progetti-futuri\/","title":{"rendered":"Parco della Murgia Materana, al lavoro per il Piano di gestione. Il presidente Giovanni Mianulli ha illustrato le attivit\u00e0 realizzate e i progetti futuri"},"content":{"rendered":"\n<p>Sono state attivate le procedure per la realizzazione di un Piano di gestione dell\u2019Ente Parco della Murgia materana che favorisca tutela e valorizzazione di tutte le risorse ambientali, artistiche, archeologiche, che insistono su una superficie di otto chilometri quadrati nei territori di Matera e Montescaglioso.<\/p>\n\n\n\n<p id=\"xtp\">Lo ha reso noto il presidente del Parco, Giovanni Mianulli, nel corso di una conferenza stampa organizzata per illustrare le attivit\u00e0 svolte e quelle in programma.<br>&nbsp;&nbsp;&nbsp; \u201dIl Parco \u2013 ha spiegato Mianulli \u2013 \u00e8 per l\u201980 per cento di propriet\u00e0 privata e, in proposito, con le opportunit\u00e0 del Piano che fisser\u00e0 regole di gestione e il confronto e la collaborazione con privati, intendiamo migliorare fruibilit\u00e0, strumenti di tutela e valorizzazione\u201d.<\/p>\n\n\n\n<p>A pochi mesi dall\u2019insediamento del presidente Mianulli, sono quindi state avviate le procedure per la redazione del nuovo Piano del Parco: a distanza di circa 20 anni, il Parco aggiorna e implementa il \u201cPiano\u201d del Parco secondo le procedure previste con l\u2019obiettivo di adeguarlo al contesto attuale e supportarne la propria crescita e, in prospettiva, il suo ampliamento.<\/p>\n\n\n\n<p>In parallelo alla definizione del nuovo Piano, \u00e8 stato avviato lo studio di un Piano della Comunicazione che definisca strategia, strumenti e contenuti di una intensa attivit\u00e0 di comunicazione utile a raccontare il Parco, educare alla ricerca di un equilibrio fra attivit\u00e0 umane e patrimonio complessivo, favorire la consapevolezza e la partecipazione, promuovere le attivit\u00e0, le tipicit\u00e0 e le produzioni del Parco.<\/p>\n\n\n\n<p>Con l\u2019assunzione a tempo determinato di 3 operatori \u00e8 stata adeguata la pianta organica: \u201cfare\u201d il Parco comporta anche avere una adeguata organizzazione; in attesa di poter complessivamente fare fronte alle tante esigenze, si \u00e8 provveduto a integrare la pianta organica con innesti mirati.<\/p>\n\n\n\n<p><strong>Convenzione con il Consorzio di Bonifica<\/strong><\/p>\n\n\n\n<p>Per la Manutenzione del verde nelle aree di maggiore fruizione, \u00e8 stata siglata una convenzione con il Consorzio di Bonifica per realizzare interventi di pulizia, sfalcio e manutenzione nelle seguenti aree: Strada Murgia Timone, Strada Belvedere, Strada Ex Casello Ferroviario, Strada Madonna delle Vergini, Area Parco dei Monaci, Area Centro di Educazione Ambientale in localit\u00e0 Pianelle, Area Centro di Educazione Ambientale Iazzo Gattini e Masseria Radogna.<\/p>\n\n\n\n<p>Interventi di manutenzione reticolo idrografico: \u201cPonte romano\u201d Gravina di Picciano<\/p>\n\n\n\n<p><strong>Lavori realizzati<\/strong><\/p>\n\n\n\n<p>\u2013 Controllo e riapertura Sentiero 406<\/p>\n\n\n\n<p>\u2013 Manutenzione ordinaria e straordinaria passerella Sentiero 406<\/p>\n\n\n\n<p>\u2013 Riapertura Iazzo Gattini<\/p>\n\n\n\n<p>\u2013 Manutenzione Passerelle Villaggio Neolitico<\/p>\n\n\n\n<p>&nbsp;<strong>Interventi infrastrutturali<\/strong><\/p>\n\n\n\n<p>\u2013 Realizzazione interventi per la viabilit\u00e0, di manutenzione straordinaria e recupero \u2013<\/p>\n\n\n\n<p><strong>&nbsp;Lavori fase di appalto:<\/strong><\/p>\n\n\n\n<p>Sentiero 410<\/p>\n\n\n\n<p>\u201cRete escursionistica di Basilicata \u2013 SENTIERI DEL PARCO DELLA MURGIA MATERANA C.da PARCO dei MONACI \u2013 ADEGUAMENTO SENTIERO PARCO DEI MONACI \u2013 PIANELLE E ABBATTIMENTO BARRIERE ARCHITETTONICHE\u201d<\/p>\n\n\n\n<p><strong>Scheda 1 nell\u2019ambito dell\u2019accordo \u201cInnGreenPAF\u201d.<\/strong><\/p>\n\n\n\n<p>Interventi infrastrutturali<\/p>\n\n\n\n<p>\u2013 Realizzazione interventi per la viabilit\u00e0, di manutenzione straordinaria e recupero \u2013<\/p>\n\n\n\n<p>Lavori programmati:<\/p>\n\n\n\n<p>\u2013 Pista forestale Venusio<\/p>\n\n\n\n<p>\u2013 Gestione CRAS<\/p>\n\n\n\n<p>\u2013 Sentieristica per Murgia Timone e Murgecchia<\/p>\n\n\n\n<p>\u2013 Recupero muretti a secco<\/p>\n\n\n\n<p><strong>&nbsp;Emergenza cinghiali<\/strong><\/p>\n\n\n\n<p>\u2013 Disciplinare per affidamento servizio cattura cinghiali 2024-2025 \u2013<\/p>\n\n\n\n<p>&nbsp;Concessione del servizio di contenimento della specie cinghiale<\/p>\n\n\n\n<p>mediante gabbie di cattura all\u2019interno del Parco della Murgia Materana nel rispetto delle<\/p>\n\n\n\n<p>strategie di intervento per la eradicazione della PSA \u2013 Peste Suina Africana.<\/p>\n\n\n\n<p>&nbsp;Determinazione n. 101 del 17\/06\/2024<\/p>\n\n\n\n<p><strong>Protocollo di collaborazione con il CAI di Matera<\/strong><\/p>\n\n\n\n<p>\u2013 Tracciamento e segnaletica dei sentieri \u2013<\/p>\n\n\n\n<p>Trasmissione schede e relativi allegati per l\u2019aggiornamento della rete escursionistica di valenza regionale della Regione Basilicata a partire dai sentieri 406-407-408; su questi sentieri \u00e8 stata realizzata anche la cartellonistica informativa.<\/p>\n\n\n\n<p>Incontri e ascolto di proprietari e titolari di attivit\u00e0<\/p>\n\n\n\n<p>\u2013 Il territorio del Parco \u00e8 in gran parte di propriet\u00e0 privata \u2013<\/p>\n\n\n\n<p>Dare dignit\u00e0 per valorizzare e coinvolgere chi delle molteplici aree di interesse, dei manufatti architettonici, delle chiese rupestri ha la propriet\u00e0 o di chi nell\u2019area del Parco conduce attivit\u00e0 produttive o ha l\u2019opportunit\u00e0 di avviarne di nuove, soprattutto in relazione alle tipicit\u00e0 del Parco stesso, \u00e8 una strategia essenziale per il consolidamento, la tutela e la conservazione.<\/p>\n\n\n\n<p>Sono stati individuati tre principali ambiti su cui intervenire per una corretta e proficua gestione, anche in ordine alle criticit\u00e0 date dalla crescita esponenziale del turismo nella citt\u00e0 di Matera in particolare, e nella prospettiva di una valorizzazione del Parco e della cultura dei Parchi in generale:<\/p>\n\n\n\n<p>\u2013 Bando di affidamento servizi per Porta Pistola \u2013 Murgia Timone<\/p>\n\n\n\n<p>\u2013 Bando di affidamento servizi per Pianelle \u2013 Parco dei Monaci<\/p>\n\n\n\n<p>\u2013 Affidamento punto informativo \u201cPorta dei Parchi\u201d<\/p>\n\n\n\n<p>&nbsp;Attivit\u00e0 di sorveglianza, controllo e monitoraggio<\/p>\n\n\n\n<p>\u2013 Avere cura del Parco \u2013<\/p>\n\n\n\n<p>&nbsp;Far s\u00ec che il Parco conservi il paesaggio, le varie specie, le testimonianze archeologiche e storiche, le tradizioni e le memorie passa da una attivit\u00e0 articolata e intelligente di sorveglianza, controllo e monitoraggio e di condivisione e disponibilit\u00e0 di dati e informazioni<\/p>\n\n\n\n<p>&nbsp;\u2013 Accordo di collaborazione con la Forestale per Punto di presenza e pattugliamento del Parco anche con Carabinieri a cavallo<\/p>\n\n\n\n<p>\u2013 Programma ministeriale di monitoraggio satellitare<\/p>\n\n\n\n<p>\u2013 Convenzioni con Associazioni di volontariato<\/p>\n\n\n\n<p>\u2013 Popolamento RSDI \u2013 Geoportale della Basilicata con dati e cartografie del Parco<\/p>\n\n\n\n<p><strong>Al lavoro per un futuro non troppo lontano<\/strong><\/p>\n\n\n\n<p>Il Parco della Murgia materana non si riduce, si allarga<\/p>\n\n\n\n<p>\u2013 San Giuliano, Timmari, Picciano, Serra d\u2019Alto\u2026<\/p>\n\n\n\n<p>\u2013 Uno sguardo verso Laterza, Ginosa e Santeramo<\/p>\n\n\n\n<p>\u2013 Da Parco regionale a Parco Nazionale?<\/p>\n\n\n\n<p><strong>&nbsp;Del Parco non si butta via niente\u2026<\/strong><\/p>\n\n\n\n<p>\u2013 Il Parco \u00e8 una realt\u00e0 composita<\/p>\n\n\n\n<p>\u2013 Parco archeologico, storico e naturale\u2026<\/p>\n\n\n\n<p>\u2013 Dalla tutela alla conservazione per una fruizione sostenibile<\/p>\n\n\n\n<p>\u2013 Il Parco non \u00e8 solo Murgia Timone<\/p>\n\n\n\n<p>\u2013 Un patrimonio ancora tutto da scoprire<\/p>\n\n\n\n<p>\u2013 Pensare una economia del Parco non \u00e8 necessariamente una contraddizione<\/p>\n\n\n\n<p><strong>&nbsp;Il Parco nella Citt\u00e0, la Citt\u00e0 nel Parco<\/strong><\/p>\n\n\n\n<p>\u2013 Parco e citt\u00e0 convivono, si incontrano, dialogano, si mescolano<\/p>\n\n\n\n<p>\u2013 Le norme esistono, vanno rispettate<\/p>\n\n\n\n<p>\u2013 Oltre ogni inutile contrapposizione di carattere ideologico<\/p>\n","protected":false},"excerpt":{"rendered":"<p>Sono state attivate le procedure per la realizzazione di un Piano di gestione dell\u2019Ente Parco della Murgia materana che favorisca tutela e valorizzazione di tutte le risorse ambientali, artistiche, archeologiche, che insistono su una superficie di otto chilometri quadrati nei territori di Matera e Montescaglioso. Lo ha reso noto il presidente del Parco, Giovanni Mianulli,&#8230;<\/p>\n","protected":false},"author":4,"featured_media":3494,"comment_status":"open","ping_status":"open","sticky":false,"template":"","format":"standard","meta":{"footnotes":""},"categories":[2],"tags":[1663,8,923],"class_list":["post-3493","post","type-post","status-publish","format-standard","has-post-thumbnail","hentry","category-magazine","tag-giovanni-mianulli","tag-matera","tag-parco-murgia"],"_links":{"self":[{"href":"https:\/\/www.virtual-press.com\/newsroom\/wp-json\/wp\/v2\/posts\/3493","targetHints":{"allow":["GET"]}}],"collection":[{"href":"https:\/\/www.virtual-press.com\/newsroom\/wp-json\/wp\/v2\/posts"}],"about":[{"href":"https:\/\/www.virtual-press.com\/newsroom\/wp-json\/wp\/v2\/types\/post"}],"author":[{"embeddable":true,"href":"https:\/\/www.virtual-press.com\/newsroom\/wp-json\/wp\/v2\/users\/4"}],"replies":[{"embeddable":true,"href":"https:\/\/www.virtual-press.com\/newsroom\/wp-json\/wp\/v2\/comments?post=3493"}],"version-history":[{"count":1,"href":"https:\/\/www.virtual-press.com\/newsroom\/wp-json\/wp\/v2\/posts\/3493\/revisions"}],"predecessor-version":[{"id":3495,"href":"https:\/\/www.virtual-press.com\/newsroom\/wp-json\/wp\/v2\/posts\/3493\/revisions\/3495"}],"wp:featuredmedia":[{"embeddable":true,"href":"https:\/\/www.virtual-press.com\/newsroom\/wp-json\/wp\/v2\/media\/3494"}],"wp:attachment":[{"href":"https:\/\/www.virtual-press.com\/newsroom\/wp-json\/wp\/v2\/media?parent=3493"}],"wp:term":[{"taxonomy":"category","embeddable":true,"href":"https:\/\/www.virtual-press.com\/newsroom\/wp-json\/wp\/v2\/categories?post=3493"},{"taxonomy":"post_tag","embeddable":true,"href":"https:\/\/www.virtual-press.com\/newsroom\/wp-json\/wp\/v2\/tags?post=3493"}],"curies":[{"name":"wp","href":"https:\/\/api.w.org\/{rel}","templated":true}]}}