{"id":3503,"date":"2024-07-12T00:06:00","date_gmt":"2024-07-11T22:06:00","guid":{"rendered":"https:\/\/www.virtual-press.com\/newsroom\/?p=3503"},"modified":"2024-06-29T15:48:43","modified_gmt":"2024-06-29T13:48:43","slug":"tinchi-festeggia-la-sua-madonna-del-carmine","status":"publish","type":"post","link":"https:\/\/www.virtual-press.com\/newsroom\/tinchi-festeggia-la-sua-madonna-del-carmine\/","title":{"rendered":"Tinchi festeggia la sua Madonna del Carmine"},"content":{"rendered":"\n<figure class=\"wp-block-gallery has-nested-images columns-default is-cropped wp-block-gallery-1 is-layout-flex wp-block-gallery-is-layout-flex\">\n<figure class=\"wp-block-image size-large\"><img loading=\"lazy\" decoding=\"async\" width=\"731\" height=\"1024\" data-id=\"3504\" src=\"https:\/\/www.virtual-press.com\/newsroom\/wp-content\/uploads\/2024\/06\/Poster-evento-Angelina-Lo-Dico1-731x1024.jpg\" alt=\"\" class=\"wp-image-3504\" srcset=\"https:\/\/www.virtual-press.com\/newsroom\/wp-content\/uploads\/2024\/06\/Poster-evento-Angelina-Lo-Dico1-731x1024.jpg 731w, https:\/\/www.virtual-press.com\/newsroom\/wp-content\/uploads\/2024\/06\/Poster-evento-Angelina-Lo-Dico1-214x300.jpg 214w, https:\/\/www.virtual-press.com\/newsroom\/wp-content\/uploads\/2024\/06\/Poster-evento-Angelina-Lo-Dico1-768x1076.jpg 768w, https:\/\/www.virtual-press.com\/newsroom\/wp-content\/uploads\/2024\/06\/Poster-evento-Angelina-Lo-Dico1-1097x1536.jpg 1097w, https:\/\/www.virtual-press.com\/newsroom\/wp-content\/uploads\/2024\/06\/Poster-evento-Angelina-Lo-Dico1-300x420.jpg 300w, https:\/\/www.virtual-press.com\/newsroom\/wp-content\/uploads\/2024\/06\/Poster-evento-Angelina-Lo-Dico1-850x1190.jpg 850w, https:\/\/www.virtual-press.com\/newsroom\/wp-content\/uploads\/2024\/06\/Poster-evento-Angelina-Lo-Dico1.jpg 1428w\" sizes=\"auto, (max-width: 731px) 100vw, 731px\" \/><\/figure>\n\n\n\n<figure class=\"wp-block-image size-large\"><img loading=\"lazy\" decoding=\"async\" width=\"716\" height=\"1024\" data-id=\"3506\" src=\"https:\/\/www.virtual-press.com\/newsroom\/wp-content\/uploads\/2024\/06\/Manifesto-Celebration-20-luglio-716x1024.jpeg\" alt=\"\" class=\"wp-image-3506\" srcset=\"https:\/\/www.virtual-press.com\/newsroom\/wp-content\/uploads\/2024\/06\/Manifesto-Celebration-20-luglio-716x1024.jpeg 716w, https:\/\/www.virtual-press.com\/newsroom\/wp-content\/uploads\/2024\/06\/Manifesto-Celebration-20-luglio-210x300.jpeg 210w, https:\/\/www.virtual-press.com\/newsroom\/wp-content\/uploads\/2024\/06\/Manifesto-Celebration-20-luglio-768x1098.jpeg 768w, https:\/\/www.virtual-press.com\/newsroom\/wp-content\/uploads\/2024\/06\/Manifesto-Celebration-20-luglio-1074x1536.jpeg 1074w, https:\/\/www.virtual-press.com\/newsroom\/wp-content\/uploads\/2024\/06\/Manifesto-Celebration-20-luglio-300x429.jpeg 300w, https:\/\/www.virtual-press.com\/newsroom\/wp-content\/uploads\/2024\/06\/Manifesto-Celebration-20-luglio-850x1215.jpeg 850w, https:\/\/www.virtual-press.com\/newsroom\/wp-content\/uploads\/2024\/06\/Manifesto-Celebration-20-luglio.jpeg 1119w\" sizes=\"auto, (max-width: 716px) 100vw, 716px\" \/><\/figure>\n<\/figure>\n\n\n\n<p><\/p>\n\n\n\n<p>Tinchi torna a illuminarsi di luci e colori.<\/p>\n\n\n\n<p>\u00c8 completa l\u2019organizzazione della Festa Parrocchiale Madonna del Carmine che si terr\u00e0 da venerd\u00ec 19 luglio a domenica 21 luglio. Una tre giorni in cui la piccola frazione diventa il fulcro di tutta la comunit\u00e0 pisticcese, richiamando numerosi visitatori anche dall\u2019esterno.<\/p>\n\n\n\n<p>Il fitto programma religioso, organizzato da padre Gheorghe Iordache, prender\u00e0 il via marted\u00ec 16 luglio, giorno dedicato alla Beata Vergine Maria del Monte Carmelo, con la celebrazione in parrocchia della Santa Messa alle ore 11:00.&nbsp; Nel pomeriggio, alle ore 18:00, una processione porter\u00e0 la Statua della Madonna dalla parrocchia di Tinchi alla Cappella Madonna del Carmine dell\u2019Accio Soprano, dove verr\u00e0 poi celebrata una Santa Messa.<\/p>\n\n\n\n<p>Venerd\u00ec 19 luglio dalle ore 17:00, accompagnata dal Comitato Feste, la Statua percorrer\u00e0 le strade di Tinchi, con sosta all\u2019Ospedale Distrettuale.<\/p>\n\n\n\n<p>Alle ore 20:00 dello stesso venerd\u00ec 19, presso la Parrocchia Madonna del Carmine, si terr\u00e0 la serata dedicata ad Angelina Lo Dico, l\u2019indimenticata \u201cmaestrina santa\u201d. All\u2019evento, dal titolo \u201c<em>Eroi silenziosi: sfide e conquiste sulla via della missione<\/em>\u201d, coordinato dalla prof.ssa Antonia Maria Marchitelli, parteciperanno il sindaco di Pisticci Domenico Albano, il padre marista Lorenzo Marcucci (gi\u00e0 parroco della comunit\u00e0 di Tinchi), Padre Gianfranco Maronese della Congregazione Missionari del Verbo Divino. Ospite della manifestazione la prof.ssa Gemma Rizzo che, dalla Sicilia, porter\u00e0 la sua personale testimonianza su Angelina Lo Dico. La serata si concluder\u00e0 con l\u2019assegnazione del Premio \u201cAngelina Lo Dico \u2013 Tinchi il Bivio\u201d.<\/p>\n\n\n\n<p>Il programma religioso proseguir\u00e0 sabato 20 luglio alle ore 11:00, quando la Statua della Beata Vergine visiter\u00e0 la REMS \u2013 Residenza per l\u2019Esecuzione delle Misure di Sicurezza \u2013 con la celebrazione di una Santa Messa. Alle ore 18:00 di sabato un corteo di auto porter\u00e0 la Statua della Madonna del Carmine in visita nelle aree rurali limitrofe alla frazione di Tinchi, con benedizione delle auto in via Sardella e la celebrazione della Santa Messa a Centro Agricolo.<\/p>\n\n\n\n<p>Domenica 21 luglio alle ore 11:00 si terr\u00e0 la celebrazione della Messa Solenne con Supplica alla Madonna del Carmine. Alle ore 18:00, in parrocchia, benedizione dei bambini e imposizione degli scapolari, mentre alle 18:30 sar\u00e0 celebrata la Santa Messa a cui seguir\u00e0 la processione per le vie di Tinchi, con benedizione finale.<\/p>\n\n\n\n<p>Il programma civile della festa prevede due serate dedicate alle pi\u00f9 belle voci femminili della discografia italiana. Sabato 20 luglio alle ore 22:00 la Cover Band \u201c<strong>CELEBRATION \u2013 Le regine del Pop Italiano<\/strong>\u201d, inonder\u00e0 piazza Bardessono con le note delle cover di Elisa, Laura Pausini, Emma e Arisa.<\/p>\n\n\n\n<p>Il clou del programma civile si avr\u00e0 domenica 21 luglio, con l\u2019esibizione di&nbsp;<strong>FIORDALISO<\/strong>, la straordinaria artista che quest\u2019anno ha compito i suoi 40 anni di impegno nel panorama della musica italiana. Dopo la recente e felice esperienza al Grande Fratello, Fiordaliso sapr\u00e0 emozionare e coinvolgere il pubblico presente, con la sua voce graffiante e quella straordinaria energia che la contraddistingue da sempre.<\/p>\n\n\n\n<p>Quella che accoglier\u00e0 i visitatori sar\u00e0 una festa bella e coinvolgente per la realizzazione della quale il Comitato Feste ringrazia i Padri Missionari del Verbo Divino, Padre Gheorghe Iordache e Padre Kamal Minj, per l\u2019impegno e la dedizione, ma anche tutte le attivit\u00e0 commerciali, gli imprenditori ed i tanti cittadini che stanno contribuendo con fede e affetto.<\/p>\n\n\n\n<p>Si ringraziano per la collaborazione il Comune di Pisticci,&nbsp;<em>Sanchirico Spettacoli<\/em>&nbsp;e&nbsp;<em>Illuminal\u2019art&nbsp;<\/em>di Nicola Carella.<\/p>\n","protected":false},"excerpt":{"rendered":"<p>Tinchi torna a illuminarsi di luci e colori. \u00c8 completa l\u2019organizzazione della Festa Parrocchiale Madonna del Carmine che si terr\u00e0 da venerd\u00ec 19 luglio a domenica 21 luglio. Una tre giorni in cui la piccola frazione diventa il fulcro di tutta la comunit\u00e0 pisticcese, richiamando numerosi visitatori anche dall\u2019esterno. Il fitto programma religioso, organizzato da&#8230;<\/p>\n","protected":false},"author":4,"featured_media":3505,"comment_status":"open","ping_status":"open","sticky":false,"template":"","format":"standard","meta":{"footnotes":""},"categories":[2],"tags":[1665,1666,1667],"class_list":["post-3503","post","type-post","status-publish","format-standard","has-post-thumbnail","hentry","category-magazine","tag-fiordaliso","tag-madonna-del-carmine","tag-tinchi"],"_links":{"self":[{"href":"https:\/\/www.virtual-press.com\/newsroom\/wp-json\/wp\/v2\/posts\/3503","targetHints":{"allow":["GET"]}}],"collection":[{"href":"https:\/\/www.virtual-press.com\/newsroom\/wp-json\/wp\/v2\/posts"}],"about":[{"href":"https:\/\/www.virtual-press.com\/newsroom\/wp-json\/wp\/v2\/types\/post"}],"author":[{"embeddable":true,"href":"https:\/\/www.virtual-press.com\/newsroom\/wp-json\/wp\/v2\/users\/4"}],"replies":[{"embeddable":true,"href":"https:\/\/www.virtual-press.com\/newsroom\/wp-json\/wp\/v2\/comments?post=3503"}],"version-history":[{"count":1,"href":"https:\/\/www.virtual-press.com\/newsroom\/wp-json\/wp\/v2\/posts\/3503\/revisions"}],"predecessor-version":[{"id":3507,"href":"https:\/\/www.virtual-press.com\/newsroom\/wp-json\/wp\/v2\/posts\/3503\/revisions\/3507"}],"wp:featuredmedia":[{"embeddable":true,"href":"https:\/\/www.virtual-press.com\/newsroom\/wp-json\/wp\/v2\/media\/3505"}],"wp:attachment":[{"href":"https:\/\/www.virtual-press.com\/newsroom\/wp-json\/wp\/v2\/media?parent=3503"}],"wp:term":[{"taxonomy":"category","embeddable":true,"href":"https:\/\/www.virtual-press.com\/newsroom\/wp-json\/wp\/v2\/categories?post=3503"},{"taxonomy":"post_tag","embeddable":true,"href":"https:\/\/www.virtual-press.com\/newsroom\/wp-json\/wp\/v2\/tags?post=3503"}],"curies":[{"name":"wp","href":"https:\/\/api.w.org\/{rel}","templated":true}]}}