{"id":3526,"date":"2024-07-19T00:19:00","date_gmt":"2024-07-18T22:19:00","guid":{"rendered":"https:\/\/www.virtual-press.com\/newsroom\/?p=3526"},"modified":"2024-07-18T15:22:09","modified_gmt":"2024-07-18T13:22:09","slug":"la-doppia-morte-di-camille-claudel-domani-a-casa-cava-a-matera-presentazione-del-saggio-di-virginia-zullo","status":"publish","type":"post","link":"https:\/\/www.virtual-press.com\/newsroom\/la-doppia-morte-di-camille-claudel-domani-a-casa-cava-a-matera-presentazione-del-saggio-di-virginia-zullo\/","title":{"rendered":"\u201cLa doppia morte di Camille Claudel\u201d, domani a Casa Cava a Matera presentazione del saggio di Virginia Zullo"},"content":{"rendered":"\n<p>Sar\u00e0 presentato domani, sabato 20 luglio, alle 19 a Casa Cava, nel Sasso Barisano a Matera, il saggio di Virginia Zullo\u00a0<em>La doppia morte di Camille Claudel<\/em>\u00a0(Altrimedia Edizioni, introduzione di Saverio Simi de Burgis). Con l\u2019Autrice interverranno la scultrice Margherita Serra e la professoressa aggregata di discipline afferenti all\u2019ambito dell\u2019Estetica presso l\u2019universit\u00e0 di Bari Margherita Trombetta. La serata sar\u00e0 moderata dalla direttrice editoriale di Altrimedia Edizioni Gabriella Lanzillotta. Al termine della presentazione sar\u00e0 offerto un aperitivo a buffet.<\/p>\n\n\n\n<p>\u201cIl saggio di Virginia Zullo \u00e8 decisamente dalla parte di Camille Claudel. \u2013 afferma Saverio Simi de Burgis nell\u2019introduzione \u2013 E ci\u00f2 si avverte non tanto nella meticolosa ricostruzione della drammatica vicenda personale vissuta in prima persona da questa sensibilissima artista, ma anche perch\u00e9, attraverso tale assurdo dramma esistenziale, l\u2019autrice, alla fine, ci induce a indagare incondizionatamente la sua arte che finalmente ciascuno di noi dovrebbe sentire di dover riconoscere come percorso fondamentale nella ricerca scultorea del \u2018900.<\/p>\n\n\n\n<p>L\u2019amore totale non corrisposto, prima dall\u2019uomo tanto desiderato, poi addirittura affossato, a seguito della morte del padre, unico a credere in lei e a sostenerla non solo affettivamente, da una perfida madre che per colpire la sua fragilit\u00e0 gi\u00e0 incrinata, non esita a farla relegare in manicomio, annientando definitivamente una certa predisposizione guerriera nel vivere liberamente una precaria, all\u2019epoca, e sensibile condizione femminile.<\/p>\n\n\n\n<p>Non una ma tante morti, che non possono che farci riconsiderare la portata della sua vita e della sua arte che, con una leale onest\u00e0 intellettuale da ripristinare nell\u2019ambito dei nostri attuali sistemi critici, poetici e artistici, dovrebbe ricondurci a comprendere meglio e definitivamente la portata morale di questa grande scultrice.<\/p>\n\n\n\n<p>Ed \u00e8 proprio quello che ci invita a fare Virginia Zullo con questo bel saggio, finemente introspettivo e delicatamente persuasivo\u201d.<\/p>\n\n\n\n<p><em>L\u2019Autrice, l<\/em><em>aureata in filosofia, \u00e8 storica dell\u2019arte e del costume, giornalista, autrice TV, scrive per&nbsp;<\/em><em>testate come&nbsp;<\/em><em>Il Sole 24 ore, Il Fatto Quotidiano e tante altre. Vive e lavora a Roma.&nbsp;<\/em><em>In TV inizia a collaborare nelle strutture dirette da Giovanni Minoli come inviata nel programma Art News (per la quale nel 2015 realizza un servizio a Matera sulla mostra \u201cSplendori del barocco defilato\u201d). Ha ideato, diretto, scritto e condotto alcune puntate per Rai Storia dedicate a grandi personaggi dello spettacolo.&nbsp;<\/em><em>Ha scritto, ideato e diretto programmi sperimentali come \u201cBlow Up\u201d e \u201cDonna, tutto si fa per te\u201d, \u201cA spasso con l\u2019arte\u201d e \u201cVoci al femminile\u201d.<\/em><\/p>\n","protected":false},"excerpt":{"rendered":"<p>Sar\u00e0 presentato domani, sabato 20 luglio, alle 19 a Casa Cava, nel Sasso Barisano a Matera, il saggio di Virginia Zullo\u00a0La doppia morte di Camille Claudel\u00a0(Altrimedia Edizioni, introduzione di Saverio Simi de Burgis). Con l\u2019Autrice interverranno la scultrice Margherita Serra e la professoressa aggregata di discipline afferenti all\u2019ambito dell\u2019Estetica presso l\u2019universit\u00e0 di Bari Margherita Trombetta&#8230;.<\/p>\n","protected":false},"author":4,"featured_media":3527,"comment_status":"open","ping_status":"open","sticky":false,"template":"","format":"standard","meta":{"footnotes":""},"categories":[2],"tags":[588,8,1674],"class_list":["post-3526","post","type-post","status-publish","format-standard","has-post-thumbnail","hentry","category-magazine","tag-altrimedia-edizioni","tag-matera","tag-virginia-zullo"],"_links":{"self":[{"href":"https:\/\/www.virtual-press.com\/newsroom\/wp-json\/wp\/v2\/posts\/3526","targetHints":{"allow":["GET"]}}],"collection":[{"href":"https:\/\/www.virtual-press.com\/newsroom\/wp-json\/wp\/v2\/posts"}],"about":[{"href":"https:\/\/www.virtual-press.com\/newsroom\/wp-json\/wp\/v2\/types\/post"}],"author":[{"embeddable":true,"href":"https:\/\/www.virtual-press.com\/newsroom\/wp-json\/wp\/v2\/users\/4"}],"replies":[{"embeddable":true,"href":"https:\/\/www.virtual-press.com\/newsroom\/wp-json\/wp\/v2\/comments?post=3526"}],"version-history":[{"count":1,"href":"https:\/\/www.virtual-press.com\/newsroom\/wp-json\/wp\/v2\/posts\/3526\/revisions"}],"predecessor-version":[{"id":3528,"href":"https:\/\/www.virtual-press.com\/newsroom\/wp-json\/wp\/v2\/posts\/3526\/revisions\/3528"}],"wp:featuredmedia":[{"embeddable":true,"href":"https:\/\/www.virtual-press.com\/newsroom\/wp-json\/wp\/v2\/media\/3527"}],"wp:attachment":[{"href":"https:\/\/www.virtual-press.com\/newsroom\/wp-json\/wp\/v2\/media?parent=3526"}],"wp:term":[{"taxonomy":"category","embeddable":true,"href":"https:\/\/www.virtual-press.com\/newsroom\/wp-json\/wp\/v2\/categories?post=3526"},{"taxonomy":"post_tag","embeddable":true,"href":"https:\/\/www.virtual-press.com\/newsroom\/wp-json\/wp\/v2\/tags?post=3526"}],"curies":[{"name":"wp","href":"https:\/\/api.w.org\/{rel}","templated":true}]}}