{"id":3532,"date":"2024-08-02T00:06:00","date_gmt":"2024-08-01T22:06:00","guid":{"rendered":"https:\/\/www.virtual-press.com\/newsroom\/?p=3532"},"modified":"2024-07-21T11:03:04","modified_gmt":"2024-07-21T09:03:04","slug":"il-prof-antonio-lerra-eletto-presidente-della-deputazione-lucana-di-storia-patria-istituto-per-gli-studi-storici-dallantichita-alleta-contemporanea-per-il-triennio-2024-27","status":"publish","type":"post","link":"https:\/\/www.virtual-press.com\/newsroom\/il-prof-antonio-lerra-eletto-presidente-della-deputazione-lucana-di-storia-patria-istituto-per-gli-studi-storici-dallantichita-alleta-contemporanea-per-il-triennio-2024-27\/","title":{"rendered":"Il prof. Antonio Lerra eletto presidente della Deputazione lucana di storia patria-Istituto per gli studi storici dall\u2019antichit\u00e0 all\u2019et\u00e0 contemporanea per il triennio 2024-27"},"content":{"rendered":"\n<p>Nell\u2019Assemblea dei Deputati sono stati eletti, per il triennio 2024-2027, il presidente, il vicepresidente e i componenti il Consiglio direttivo della Deputazione lucana di storia patria-Istituto per gli studi storici dall\u2019antichit\u00e0 all\u2019et\u00e0 contemporanea.<\/p>\n\n\n\n<p>Gli eletti: presidente il prof. Antonio Lerra, vicepresidente il prof. Salvatore Lardino; componenti il Consiglio direttivo, oltre al presidente e vicepresidente, la prof.ssa Carmela Biscaglia, il dott. Antonio Capano, la prof.ssa Maria Teresa Imbriani, il prof. Domenico Sacco, la dott.ssa Valeria Verrastro.<\/p>\n\n\n\n<p>\u201cIl triennio 2024-27 \u2013 ha evidenziato il presidente, prof. Antonio Lerra \u2013 dovr\u00e0 caratterizzarsi per un ulteriore sviluppo delle complessive attivit\u00e0 scientifico-culturali, in sede e sul territorio, dei rapporti interistituzionali, a livello centrale e periferico, dell\u2019attivo coinvolgimento di studiosi ed operatori compartecipi del comune obiettivo del recupero, valorizzazione e fruibilit\u00e0 del profilo storico-identitario della Basilicata e relative comunit\u00e0 locali, nel pi\u00f9 generale ambito meridionale e dello spazio euromediterraneo, dall\u2019antichit\u00e0 all\u2019et\u00e0 contemporanea\u201d.<\/p>\n","protected":false},"excerpt":{"rendered":"<p>Nell\u2019Assemblea dei Deputati sono stati eletti, per il triennio 2024-2027, il presidente, il vicepresidente e i componenti il Consiglio direttivo della Deputazione lucana di storia patria-Istituto per gli studi storici dall\u2019antichit\u00e0 all\u2019et\u00e0 contemporanea. Gli eletti: presidente il prof. Antonio Lerra, vicepresidente il prof. Salvatore Lardino; componenti il Consiglio direttivo, oltre al presidente e vicepresidente, la&#8230;<\/p>\n","protected":false},"author":4,"featured_media":3533,"comment_status":"open","ping_status":"open","sticky":false,"template":"","format":"standard","meta":{"footnotes":""},"categories":[2],"tags":[1676,1677],"class_list":["post-3532","post","type-post","status-publish","format-standard","has-post-thumbnail","hentry","category-magazine","tag-antonio-lerra","tag-deputazione-lucana-di-storia-patria"],"_links":{"self":[{"href":"https:\/\/www.virtual-press.com\/newsroom\/wp-json\/wp\/v2\/posts\/3532","targetHints":{"allow":["GET"]}}],"collection":[{"href":"https:\/\/www.virtual-press.com\/newsroom\/wp-json\/wp\/v2\/posts"}],"about":[{"href":"https:\/\/www.virtual-press.com\/newsroom\/wp-json\/wp\/v2\/types\/post"}],"author":[{"embeddable":true,"href":"https:\/\/www.virtual-press.com\/newsroom\/wp-json\/wp\/v2\/users\/4"}],"replies":[{"embeddable":true,"href":"https:\/\/www.virtual-press.com\/newsroom\/wp-json\/wp\/v2\/comments?post=3532"}],"version-history":[{"count":1,"href":"https:\/\/www.virtual-press.com\/newsroom\/wp-json\/wp\/v2\/posts\/3532\/revisions"}],"predecessor-version":[{"id":3534,"href":"https:\/\/www.virtual-press.com\/newsroom\/wp-json\/wp\/v2\/posts\/3532\/revisions\/3534"}],"wp:featuredmedia":[{"embeddable":true,"href":"https:\/\/www.virtual-press.com\/newsroom\/wp-json\/wp\/v2\/media\/3533"}],"wp:attachment":[{"href":"https:\/\/www.virtual-press.com\/newsroom\/wp-json\/wp\/v2\/media?parent=3532"}],"wp:term":[{"taxonomy":"category","embeddable":true,"href":"https:\/\/www.virtual-press.com\/newsroom\/wp-json\/wp\/v2\/categories?post=3532"},{"taxonomy":"post_tag","embeddable":true,"href":"https:\/\/www.virtual-press.com\/newsroom\/wp-json\/wp\/v2\/tags?post=3532"}],"curies":[{"name":"wp","href":"https:\/\/api.w.org\/{rel}","templated":true}]}}