{"id":3560,"date":"2024-08-23T00:11:00","date_gmt":"2024-08-22T22:11:00","guid":{"rendered":"https:\/\/www.virtual-press.com\/newsroom\/?p=3560"},"modified":"2024-08-19T09:17:27","modified_gmt":"2024-08-19T07:17:27","slug":"gezziamoci-gran-finale-estivo-nella-citta-dei-sassi","status":"publish","type":"post","link":"https:\/\/www.virtual-press.com\/newsroom\/gezziamoci-gran-finale-estivo-nella-citta-dei-sassi\/","title":{"rendered":"Gezziamoci, gran finale estivo nella citt\u00e0 dei Sassi"},"content":{"rendered":"\n<p>Gran finale estivo a Matera per Gezziamoci.<\/p>\n\n\n\n<p>Oggi, <strong>venerd\u00ec 23 agosto<\/strong>, dopo la&nbsp;<strong>Bandita Street Parade<\/strong>, la parata di percussioni afro-brasiliane che partir\u00e0 dal Giardino del Silenzio alle 19:30, sar\u00e0 doppio l\u2019appuntamento cullati dalla brezza estiva del terrazzo della&nbsp;<strong>Fondazione Le Monacelle<\/strong>:&nbsp;<strong>alle 21<\/strong>&nbsp;infatti sar\u00e0 possibile ascoltare&nbsp;<strong>Pasquale Innarella<\/strong>&nbsp;ai sassofoni tenore e soprano con Ettore Carucci al pianoforte, Stefano Cantarano al contrabbasso e Lucrezio de Seta alla batteria. Dopo il concerto,&nbsp;<strong>alle 23:30<\/strong>, sullo sfondo della mostra&nbsp;<em>Ego e Narciso tra mito e tragedia<\/em>&nbsp;con i dipinti di&nbsp;<strong>Stefano Sigillino<\/strong>, nella chiesa di San Giuseppe del complesso Le Monacelle, Pasquale Innarella, Gianfranco Menzella, Pepi Romaniello ai sassofoni si esibiranno nella performance&nbsp;<strong>Arte nel Matroneo<\/strong>.<strong>&nbsp;<\/strong><\/p>\n\n\n\n<p><strong>Sabato 24 agosto<\/strong>&nbsp;sar\u00e0&nbsp;&nbsp;<strong>Daniel Karlsson Trio<\/strong>, con Daniel Karlsson al piano, Christian Spering al contrabbasso e&nbsp;Fredrik Rundqvist alla batteria, ad abbassare le temperature estive con il sound nordeuropeo dal suono avvincente e dalle sfolgoranti composizioni: traboccante di creativit\u00e0, la musica di Daniel Karlsson scorre attraverso illusioni ritmiche e sperimentazioni melodiche dal preciso sapore nordico; pianista e compositore, Karlsson \u00e8 considerato uno dei pi\u00f9 brillanti ed emozionanti pianisti svedesi.&nbsp;<\/p>\n\n\n\n<p>E come da tradizione, anche quest\u2019anno torna il&nbsp;<strong>concerto all\u2019alba<\/strong>&nbsp;nella formula secret place, sar\u00e0 Daniel Karlsson con il suo pianoforte a riempire di musica&nbsp;<strong>le prime ore del 25 agosto<\/strong>&nbsp;in un concerto intimo e raccolto. L\u2019appuntamento \u00e8 alle 5.00 in piazza della Visitazione a Matera dove un autobus gratuito porter\u00e0 il pubblico sul luogo del concerto.&nbsp;<\/p>\n\n\n\n<p>I concerti sul terrazzo terminano&nbsp;<strong>domenica 25 agosto alle 21:00<\/strong>&nbsp;con la formazione di&nbsp;<strong>Panagiotis Andreou<\/strong>, bassista di origine greca del dinamico gruppo di musicisti creativi di New York che stanno ridefinendo la scena musicale contemporanea. Panagiotis Andreu \u00e8 l\u2019alchimista sonoro che sta trasformando il jazz elettronico, la musica latina e quella balcanica attraverso la contaminazione, mescolando liberamente pesanti dosi di funk, abbaglianti improvvisazioni vocali e variet\u00e0 ritmica oltre i confini dei generi tradizionali. Insieme a lui sullo stage Tasos Poulios, kanun e voce, Yiannis Papadopoulos, piano e tastiere, Jason Wastor, batteria.&nbsp;<\/p>\n\n\n\n<p>Gezziamoci inoltre aderisce a&nbsp;<strong>Jazz takes the green<\/strong>: costituita da&nbsp;30 festival&nbsp;distribuiti geograficamente tra 15 regioni, da Nord a Sud, Jazz Takes The Green \u00e8 una iniziativa sorta grazie alla sinergia tra&nbsp;Green Fest,&nbsp;Fondazione Ecosistemi&nbsp;e&nbsp;I-Jazz, associazione che riunisce la maggioranza di festival jazz italiani. Fare e proporre musica, e quindi muovere persone e impegnare risorse economiche, non pu\u00f2 oggi prescindere dall\u2019assumersi l\u2019impegno di diffondere valori universali come il rispetto dell\u2019ambiente, la sostenibilit\u00e0, la tutela dei diritti umani, la tolleranza, l\u2019inclusione. Tutto ci\u00f2 con lo scopo di condividere con il pubblico le buone pratiche.<\/p>\n\n\n\n<p>Ed \u00e8 proprio nello spirito di una condivisione attiva di buone pratiche che anche per questa edizione Tra i momenti dedicati proprio alla sostenibilit\u00e0, appuntamento questa sera <strong>venerd\u00ec 23 agosto&nbsp;<\/strong>nel&nbsp;<strong>Giardino del Silenzio&nbsp;<\/strong>in vico Sant\u2019Agostino&nbsp;<strong>alle 18:30<\/strong>: dove&nbsp;<strong>Angela Zaffignani<\/strong>, giornalista ambientalista, appassionata di paesaggio, gi\u00e0 responsabile del Verde Pubblico del Comune di Parma, presenter\u00e0 il suo libro intitolato&nbsp;<em><strong>Birdgarden. Il giardino naturale e i suoi ospiti.<\/strong><\/em>&nbsp;<\/p>\n\n\n\n<p><strong>La biblioteca delle cose<\/strong>&nbsp;\u00e8 un progetto fortemente orientato ai temi della sostenibilit\u00e0, della sharing economy e dell\u2019economia circolare e consiste in una biblioteca dove raccogliere e mettere in condivisione una vasta gamma di oggetti, beni e strumenti che le persone possono prendere in prestito.<\/p>\n\n\n\n<p>Il birdgarden \u2013 scrive Angela Zaffignani \u2013 \u00e8 una provocazione a favore del \u201cdisordine\u201d, della variet\u00e0, del verde selvatico, libero da controlli di ogni tipo. No ad aiuole allineate s\u00ec ad angoli diversi all\u2019interno del giardino, a variet\u00e0 e a forme vegetali spontanee, differenti per altezza, dimensione e colore. Chiunque disponga di un pezzetto di terra o di un terrazzo, pu\u00f2 tentare di renderlo attraente per uccelli, farfalle, ricci e moltissimi altri animaletti\u201d<\/p>\n\n\n\n<p><em>L&#8217;appuntamento \u00e8 realizzato in collaborazione con il Dipartimento della Culture Europee e del Mediterraneo dell\u2019Universit\u00e0 degli Studi della Basilicata.<\/em><em><\/em> \u00c8 possibile acquistare i&nbsp;<strong>biglietti<\/strong>&nbsp;per gli eventi a pagamento sul sito<strong>&nbsp;TicketSMS<\/strong>&nbsp;(<a href=\"http:\/\/www.ticketsms.it\/\" target=\"_blank\" rel=\"noreferrer noopener\">www.ticketsms.it<\/a>).<\/p>\n","protected":false},"excerpt":{"rendered":"<p>Gran finale estivo a Matera per Gezziamoci. Oggi, venerd\u00ec 23 agosto, dopo la&nbsp;Bandita Street Parade, la parata di percussioni afro-brasiliane che partir\u00e0 dal Giardino del Silenzio alle 19:30, sar\u00e0 doppio l\u2019appuntamento cullati dalla brezza estiva del terrazzo della&nbsp;Fondazione Le Monacelle:&nbsp;alle 21&nbsp;infatti sar\u00e0 possibile ascoltare&nbsp;Pasquale Innarella&nbsp;ai sassofoni tenore e soprano con Ettore Carucci al pianoforte, Stefano&#8230;<\/p>\n","protected":false},"author":4,"featured_media":3561,"comment_status":"open","ping_status":"open","sticky":false,"template":"","format":"standard","meta":{"footnotes":""},"categories":[2],"tags":[963,8],"class_list":["post-3560","post","type-post","status-publish","format-standard","has-post-thumbnail","hentry","category-magazine","tag-gezziamoci","tag-matera"],"_links":{"self":[{"href":"https:\/\/www.virtual-press.com\/newsroom\/wp-json\/wp\/v2\/posts\/3560","targetHints":{"allow":["GET"]}}],"collection":[{"href":"https:\/\/www.virtual-press.com\/newsroom\/wp-json\/wp\/v2\/posts"}],"about":[{"href":"https:\/\/www.virtual-press.com\/newsroom\/wp-json\/wp\/v2\/types\/post"}],"author":[{"embeddable":true,"href":"https:\/\/www.virtual-press.com\/newsroom\/wp-json\/wp\/v2\/users\/4"}],"replies":[{"embeddable":true,"href":"https:\/\/www.virtual-press.com\/newsroom\/wp-json\/wp\/v2\/comments?post=3560"}],"version-history":[{"count":1,"href":"https:\/\/www.virtual-press.com\/newsroom\/wp-json\/wp\/v2\/posts\/3560\/revisions"}],"predecessor-version":[{"id":3562,"href":"https:\/\/www.virtual-press.com\/newsroom\/wp-json\/wp\/v2\/posts\/3560\/revisions\/3562"}],"wp:featuredmedia":[{"embeddable":true,"href":"https:\/\/www.virtual-press.com\/newsroom\/wp-json\/wp\/v2\/media\/3561"}],"wp:attachment":[{"href":"https:\/\/www.virtual-press.com\/newsroom\/wp-json\/wp\/v2\/media?parent=3560"}],"wp:term":[{"taxonomy":"category","embeddable":true,"href":"https:\/\/www.virtual-press.com\/newsroom\/wp-json\/wp\/v2\/categories?post=3560"},{"taxonomy":"post_tag","embeddable":true,"href":"https:\/\/www.virtual-press.com\/newsroom\/wp-json\/wp\/v2\/tags?post=3560"}],"curies":[{"name":"wp","href":"https:\/\/api.w.org\/{rel}","templated":true}]}}