{"id":3564,"date":"2024-09-09T00:01:00","date_gmt":"2024-09-08T22:01:00","guid":{"rendered":"https:\/\/www.virtual-press.com\/newsroom\/?p=3564"},"modified":"2024-09-05T13:08:56","modified_gmt":"2024-09-05T11:08:56","slug":"e-atom-egoyan-il-presidente-di-giuria-lungometraggi-del-concorso-internazionale-del-matera-film-festival","status":"publish","type":"post","link":"https:\/\/www.virtual-press.com\/newsroom\/e-atom-egoyan-il-presidente-di-giuria-lungometraggi-del-concorso-internazionale-del-matera-film-festival\/","title":{"rendered":"\u00c8 Atom Egoyan il presidente della giuria lungometraggi del concorso internazionale del Matera Film Festival"},"content":{"rendered":"\n<p>La quinta edizione del&nbsp;<strong>Matera Film Festival<\/strong>, il festival internazionale di cinema della citt\u00e0 di&nbsp;<strong>Matera&nbsp;<\/strong>si terr\u00e0 dal&nbsp;<strong>3 al 10 novembre&nbsp;<\/strong>2024, ed il regista, sceneggiatore e produttore&nbsp;<strong>Atom Egoyan,<\/strong>&nbsp;a cui sar\u00e0 dedicata una retrospettiva, sar\u00e0 il Presidente di giuria per i lungometraggi del concorso internazionale.<\/p>\n\n\n\n<p><strong>Atom Egoyan,&nbsp;<\/strong>regista canadese di origine armena, si \u00e8 affermato nella seconda met\u00e0 degli anni Novanta come uno dei pi\u00f9 significativi nuovi registi del panorama internazionale. Nei film sin qui realizzati due i temi centrali per il regista: la questione dell&#8217;identit\u00e0 e delle radici familiari e il tema dell&#8217;utilizzo delle tecnologia come ambiguo strumento per la registrazione e conservazione della memoria.<\/p>\n\n\n\n<p>Nel&nbsp;<a href=\"https:\/\/it.wikipedia.org\/wiki\/1994\" target=\"_blank\" rel=\"noreferrer noopener\">1994<\/a>&nbsp;Egoyan si \u00e8 aggiudicato il Premio internazionale della critica al&nbsp;<a href=\"https:\/\/it.wikipedia.org\/wiki\/Festival_di_Cannes\" target=\"_blank\" rel=\"noreferrer noopener\">Festival<\/a>&nbsp;di Cannes&nbsp;per il film&nbsp;<strong><em><a href=\"https:\/\/it.wikipedia.org\/wiki\/Exotica_(film)\" target=\"_blank\" rel=\"noreferrer noopener\">Exotica<\/a><\/em>,<\/strong>&nbsp;ambientato nel mondo dei peep-show. Il film successivo,&nbsp;<strong><a href=\"https:\/\/it.wikipedia.org\/wiki\/Il_dolce_domani\" target=\"_blank\" rel=\"noreferrer noopener\"><em>Il dolce domani<\/em><\/a><\/strong>&nbsp;(tratto da un romanzo di&nbsp;<a href=\"https:\/\/it.wikipedia.org\/wiki\/Russell_Banks\" target=\"_blank\" rel=\"noreferrer noopener\">Russell Banks<\/a>) ha vinto nel&nbsp;<a href=\"https:\/\/it.wikipedia.org\/wiki\/1997\" target=\"_blank\" rel=\"noreferrer noopener\">1997<\/a>&nbsp;il&nbsp;<a href=\"https:\/\/it.wikipedia.org\/wiki\/Grand_Prix_Speciale_della_Giuria\" target=\"_blank\" rel=\"noreferrer noopener\">Premio speciale della giuria<\/a>, sempre al Festival di Cannes e ha ricevuto due nomination all&#8217;<a href=\"https:\/\/it.wikipedia.org\/wiki\/Premio_Oscar\" target=\"_blank\" rel=\"noreferrer noopener\">Oscar<\/a>&nbsp;per la regia e la migliore sceneggiatura non originale.<a><\/a><\/p>\n\n\n\n<p><strong>Le iscrizioni al concorso internazionale<\/strong>&nbsp;di lungometraggi, documentari e cortometraggi, a cui potranno partecipare le produzioni realizzate a partire dal 2023, si chiuderanno il prossimo 31 agosto. Per iscrivere le proprie &nbsp;opere sar\u00e0 sufficiente accedere al sito&nbsp;<a href=\"http:\/\/www.materafilmfestival.it\/\" target=\"_blank\" rel=\"noreferrer noopener\">www.materafilmfestival.it<\/a>&nbsp;&nbsp;&nbsp;&nbsp;&nbsp;&nbsp;&nbsp;&nbsp; e seguire le&nbsp; indicazioni riportate in home&nbsp;&nbsp;&nbsp; page.<\/p>\n\n\n\n<p>Successivamente, una commissione di esperti selezioner\u00e0 i migliori film e la giuria sceglier\u00e0, tra questi, i vincitori. Il montepremi del valore di 10 mila euro \u00e8 un voucher offerto dalla societ\u00e0&nbsp;<strong>Cartocci Cinematography and Television<\/strong>&nbsp;partner della manifestazione e sar\u00e0 cos\u00ec suddiviso: 5 mila euro per il miglior lungometraggio; 3 mila euro miglior documentario e 2 mila euro miglior cortometraggio.<\/p>\n\n\n\n<p>Oltre ai principali premi del concorso, l\u2019organizzazione assegner\u00e0 ulteriori riconoscimenti e menzioni.<\/p>\n\n\n\n<p>Il&nbsp;<strong>Matera Film Festival<\/strong>&nbsp;prevede un programma di otto giorni ricco e diversificato, con proiezioni giornaliere di opere in concorso internazionali e fuori concorso, anteprime, un focus dedicato al comics &amp; games e alla serialit\u00e0 televisiva. Ampio spazio sar\u00e0 riservato ai giovani, alle scuole di ogni ordine e grado, e alle universit\u00e0, con percorsi formativi e attivit\u00e0 pensate appositamente per loro.<\/p>\n\n\n\n<p>I gemellaggi con festival internazionali e gli scambi intercontinentali arricchiranno ulteriormente la manifestazione. La&nbsp;<strong>sezione Focus Italia<\/strong>, curata da Domenico Di Noia, che da quest&#8217;anno entra a far parte del comitato scientifico del festival (gi\u00e0 composto da Salvo Bitonti, Angela Mauro, Mariolina Venezia e Fabio Viola), avr\u00e0 un ruolo centrale, come vetrina per le produzioni italiane<strong><em>. I temi sociali di grande rilevanza, come la sostenibilit\u00e0 ambientale, la libert\u00e0 e legalit\u00e0, e la parit\u00e0 di genere<\/em><\/strong>, saranno trattati con particolare attenzione. Questi argomenti saranno affrontati in linea con gli obiettivi dell&#8217;Agenda ONU 2030, promuovendo una visione del cinema come strumento di sensibilizzazione e cambiamento sociale.<\/p>\n\n\n\n<p>Quest\u2019anno, il festival si arricchir\u00e0 ulteriormente con la celebrazione del trentesimo anniversario di&nbsp;<strong>&#8220;Pulp Fiction&#8221;<\/strong>, film cult di Quentin Tarantino con John Travolta, Uma Thurman e Maria De Medeiros.<\/p>\n\n\n\n<p>La manifestazione \u00e8 patrocinata dal&nbsp;<strong>Comune&nbsp;<\/strong>e dalla<strong>&nbsp;Provincia di Matera<\/strong>&nbsp;e dalla&nbsp;<strong>Regione Basilicata.<\/strong><\/p>\n\n\n\n<p>Per maggiori dettagli, per tutti gli aggiornamenti consultare il sito&nbsp;<a href=\"http:\/\/www.materafilmfestival.it\/\" target=\"_blank\" rel=\"noreferrer noopener\">www.materafilmfestival.it<\/a><\/p>\n","protected":false},"excerpt":{"rendered":"<p>La quinta edizione del&nbsp;Matera Film Festival, il festival internazionale di cinema della citt\u00e0 di&nbsp;Matera&nbsp;si terr\u00e0 dal&nbsp;3 al 10 novembre&nbsp;2024, ed il regista, sceneggiatore e produttore&nbsp;Atom Egoyan,&nbsp;a cui sar\u00e0 dedicata una retrospettiva, sar\u00e0 il Presidente di giuria per i lungometraggi del concorso internazionale. Atom Egoyan,&nbsp;regista canadese di origine armena, si \u00e8 affermato nella seconda met\u00e0 degli&#8230;<\/p>\n","protected":false},"author":4,"featured_media":3565,"comment_status":"open","ping_status":"open","sticky":false,"template":"","format":"standard","meta":{"footnotes":""},"categories":[2],"tags":[1687,8,557],"class_list":["post-3564","post","type-post","status-publish","format-standard","has-post-thumbnail","hentry","category-magazine","tag-egoyan","tag-matera","tag-matera-film-festival"],"_links":{"self":[{"href":"https:\/\/www.virtual-press.com\/newsroom\/wp-json\/wp\/v2\/posts\/3564","targetHints":{"allow":["GET"]}}],"collection":[{"href":"https:\/\/www.virtual-press.com\/newsroom\/wp-json\/wp\/v2\/posts"}],"about":[{"href":"https:\/\/www.virtual-press.com\/newsroom\/wp-json\/wp\/v2\/types\/post"}],"author":[{"embeddable":true,"href":"https:\/\/www.virtual-press.com\/newsroom\/wp-json\/wp\/v2\/users\/4"}],"replies":[{"embeddable":true,"href":"https:\/\/www.virtual-press.com\/newsroom\/wp-json\/wp\/v2\/comments?post=3564"}],"version-history":[{"count":2,"href":"https:\/\/www.virtual-press.com\/newsroom\/wp-json\/wp\/v2\/posts\/3564\/revisions"}],"predecessor-version":[{"id":3573,"href":"https:\/\/www.virtual-press.com\/newsroom\/wp-json\/wp\/v2\/posts\/3564\/revisions\/3573"}],"wp:featuredmedia":[{"embeddable":true,"href":"https:\/\/www.virtual-press.com\/newsroom\/wp-json\/wp\/v2\/media\/3565"}],"wp:attachment":[{"href":"https:\/\/www.virtual-press.com\/newsroom\/wp-json\/wp\/v2\/media?parent=3564"}],"wp:term":[{"taxonomy":"category","embeddable":true,"href":"https:\/\/www.virtual-press.com\/newsroom\/wp-json\/wp\/v2\/categories?post=3564"},{"taxonomy":"post_tag","embeddable":true,"href":"https:\/\/www.virtual-press.com\/newsroom\/wp-json\/wp\/v2\/tags?post=3564"}],"curies":[{"name":"wp","href":"https:\/\/api.w.org\/{rel}","templated":true}]}}