{"id":3570,"date":"2024-09-02T00:04:00","date_gmt":"2024-09-01T22:04:00","guid":{"rendered":"https:\/\/www.virtual-press.com\/newsroom\/?p=3570"},"modified":"2024-08-27T14:59:58","modified_gmt":"2024-08-27T12:59:58","slug":"a-matera-scriptalab-mi-scopro-con-il-teatro-e-raccontare-la-storia-con-la-fotografia-laboratori-gratuiti-promossi-dallassociazione-liberalia-e-sostenuti-dal-progetto-neet-flix-del-comu","status":"publish","type":"post","link":"https:\/\/www.virtual-press.com\/newsroom\/a-matera-scriptalab-mi-scopro-con-il-teatro-e-raccontare-la-storia-con-la-fotografia-laboratori-gratuiti-promossi-dallassociazione-liberalia-e-sostenuti-dal-progetto-neet-flix-del-comu\/","title":{"rendered":"A Matera &#8220;ScriptaLab&#8221;, &#8220;Mi scopro con il teatro&#8221; e &#8220;Raccontare la storia con la fotografia&#8221;: laboratori gratuiti promossi dall&#8217;Associazione Liberalia e sostenuti dal progetto Neet-flix del Comune"},"content":{"rendered":"\n<p>Sono &#8220;ScriptaLab&#8221;, &#8220;Mi scopro con il teatro&#8221; e &#8220;Raccontare la storia con la fotografia&#8221; i laboratori gratuiti promossi nella citt\u00e0 dei Sassi dall&#8217;Associazione Liberalia e sostenuti dal progetto \u201c<a href=\"https:\/\/www.huboutmatera.it\/neetflix\/\">Neet-flix<\/a>\u201d del Comune di Matera.&nbsp;<\/p>\n\n\n\n<p>Neet-flix \u00e8 un progetto destinato a ragazzi e ragazze dai 16 ai 35 anni alla ricerca di opportunit\u00e0 per sviluppare le proprie competenze trasversali e aumentare la propria occupabilit\u00e0 attraverso metodi non convenzionali, coinvolgenti e interattivi.<\/p>\n\n\n\n<p>&#8220;ScriptaLab&#8221;, proposto da Francesco Sciannarella, si prefigge lo scopo insegnare le tecniche di scrittura creativa per chi ha la passione per la scrittura, o si vuole approcciare ad essa per la prima volta, e necessita acquisire i metodi giusti per poter creare una storia, partendo da una idea di base. Si svolger\u00e0 il 14 e il 15 settembre dalle 18 alle 20.<\/p>\n\n\n\n<p>Il laboratorio &#8220;Mi scopro con il teatro&#8221;, condotto da Angela Loperfido, avr\u00e0 luogo invece il 16 e 17 settembre dalle 18 alle 20. Gli allievi impareranno, tra le altre cose, a conoscere il proprio corpo e a prenderne consapevolezza attraverso input, sequenze semplici e facilmente sviluppabili (esercizi-gioco). Grazie a questi, impareranno l\u2019uso del diaframma e quindi della voce, altro strumento fondamentale nel teatro.&nbsp;<\/p>\n\n\n\n<p>Il 2 e il 10 settembre, dalle 18 alle 20 ,Michele Morelli condurr\u00e0 &#8220;Raccontare la storia con la fotografia&#8221;: si affronteranno i principi base dello strumento fotografico e le regole della composizione nella fotografia.<br>La seconda parte del laboratorio sar\u00e0 dedicata al racconto fotografico: come raccontare una storia attraverso immagini.<\/p>\n\n\n\n<p>La partecipazione ai vari moduli dei laboratori non \u00e8 obbligatoria, ma vivamente consigliata ed \u00e8 possibile tramite il link <a href=\"https:\/\/liberalia.it\/prenotazione-laboratori-neetflix\/\" target=\"_blank\" rel=\"noreferrer noopener\">https:\/\/liberalia.it\/prenotazione-laboratori-neetflix\/<\/a><\/p>\n\n\n\n<p>Liberalia \u00e8 una associazione di promozione sociale che prende forma, a Matera, da un progetto di volontariato che dal 2005 al 2012 realizza come onlus numerose attivit\u00e0. Oggi quella spinta emozionale di giovani di diverse et\u00e0, che pur provenendo da esperienze, sensibilit\u00e0 e studi assai diversi guardavano alla cultura come a un sentire essenziale, fondamentale e fondante per il futuro e per il miglioramento della vita interiore ed esteriore degli uomini, si organizza con una compagine pi\u00f9 ampia per promuovere iniziative di natura diversa supportata da competenze e formazioni differenti.<\/p>\n","protected":false},"excerpt":{"rendered":"<p>Sono &#8220;ScriptaLab&#8221;, &#8220;Mi scopro con il teatro&#8221; e &#8220;Raccontare la storia con la fotografia&#8221; i laboratori gratuiti promossi nella citt\u00e0 dei Sassi dall&#8217;Associazione Liberalia e sostenuti dal progetto \u201cNeet-flix\u201d del Comune di Matera.&nbsp; Neet-flix \u00e8 un progetto destinato a ragazzi e ragazze dai 16 ai 35 anni alla ricerca di opportunit\u00e0 per sviluppare le proprie&#8230;<\/p>\n","protected":false},"author":4,"featured_media":3571,"comment_status":"open","ping_status":"open","sticky":false,"template":"","format":"standard","meta":{"footnotes":""},"categories":[2],"tags":[920,8,1688],"class_list":["post-3570","post","type-post","status-publish","format-standard","has-post-thumbnail","hentry","category-magazine","tag-liberalia","tag-matera","tag-neet-flix"],"_links":{"self":[{"href":"https:\/\/www.virtual-press.com\/newsroom\/wp-json\/wp\/v2\/posts\/3570","targetHints":{"allow":["GET"]}}],"collection":[{"href":"https:\/\/www.virtual-press.com\/newsroom\/wp-json\/wp\/v2\/posts"}],"about":[{"href":"https:\/\/www.virtual-press.com\/newsroom\/wp-json\/wp\/v2\/types\/post"}],"author":[{"embeddable":true,"href":"https:\/\/www.virtual-press.com\/newsroom\/wp-json\/wp\/v2\/users\/4"}],"replies":[{"embeddable":true,"href":"https:\/\/www.virtual-press.com\/newsroom\/wp-json\/wp\/v2\/comments?post=3570"}],"version-history":[{"count":1,"href":"https:\/\/www.virtual-press.com\/newsroom\/wp-json\/wp\/v2\/posts\/3570\/revisions"}],"predecessor-version":[{"id":3572,"href":"https:\/\/www.virtual-press.com\/newsroom\/wp-json\/wp\/v2\/posts\/3570\/revisions\/3572"}],"wp:featuredmedia":[{"embeddable":true,"href":"https:\/\/www.virtual-press.com\/newsroom\/wp-json\/wp\/v2\/media\/3571"}],"wp:attachment":[{"href":"https:\/\/www.virtual-press.com\/newsroom\/wp-json\/wp\/v2\/media?parent=3570"}],"wp:term":[{"taxonomy":"category","embeddable":true,"href":"https:\/\/www.virtual-press.com\/newsroom\/wp-json\/wp\/v2\/categories?post=3570"},{"taxonomy":"post_tag","embeddable":true,"href":"https:\/\/www.virtual-press.com\/newsroom\/wp-json\/wp\/v2\/tags?post=3570"}],"curies":[{"name":"wp","href":"https:\/\/api.w.org\/{rel}","templated":true}]}}