{"id":3578,"date":"2024-09-13T00:09:00","date_gmt":"2024-09-12T22:09:00","guid":{"rendered":"https:\/\/www.virtual-press.com\/newsroom\/?p=3578"},"modified":"2024-09-14T22:04:42","modified_gmt":"2024-09-14T20:04:42","slug":"santeustachio-naif-nellarte-di-tony-montemurro-il-volume-di-franco-moliterni-responsabile-del-settore-cultura-dellassociazione-maria-ss-della-bruna","status":"publish","type":"post","link":"https:\/\/www.virtual-press.com\/newsroom\/santeustachio-naif-nellarte-di-tony-montemurro-il-volume-di-franco-moliterni-responsabile-del-settore-cultura-dellassociazione-maria-ss-della-bruna\/","title":{"rendered":"\u201cSant\u2019Eustachio naif nell\u2019arte di Tony Montemurro\u201d: il volume di Franco Moliterni, responsabile del settore Cultura dell\u2019Associazione Maria SS. della Bruna"},"content":{"rendered":"\n<figure class=\"wp-block-gallery has-nested-images columns-default is-cropped wp-block-gallery-1 is-layout-flex wp-block-gallery-is-layout-flex\">\n<figure class=\"wp-block-image size-large\"><img loading=\"lazy\" decoding=\"async\" width=\"819\" height=\"1024\" data-id=\"3580\" src=\"https:\/\/www.virtual-press.com\/newsroom\/wp-content\/uploads\/2024\/09\/458289899_930426582444091_374886112471251212_n-1-819x1024.jpg\" alt=\"\" class=\"wp-image-3580\" srcset=\"https:\/\/www.virtual-press.com\/newsroom\/wp-content\/uploads\/2024\/09\/458289899_930426582444091_374886112471251212_n-1-819x1024.jpg 819w, https:\/\/www.virtual-press.com\/newsroom\/wp-content\/uploads\/2024\/09\/458289899_930426582444091_374886112471251212_n-1-240x300.jpg 240w, https:\/\/www.virtual-press.com\/newsroom\/wp-content\/uploads\/2024\/09\/458289899_930426582444091_374886112471251212_n-1-768x960.jpg 768w, https:\/\/www.virtual-press.com\/newsroom\/wp-content\/uploads\/2024\/09\/458289899_930426582444091_374886112471251212_n-1-300x375.jpg 300w, https:\/\/www.virtual-press.com\/newsroom\/wp-content\/uploads\/2024\/09\/458289899_930426582444091_374886112471251212_n-1-850x1063.jpg 850w, https:\/\/www.virtual-press.com\/newsroom\/wp-content\/uploads\/2024\/09\/458289899_930426582444091_374886112471251212_n-1.jpg 1152w\" sizes=\"auto, (max-width: 819px) 100vw, 819px\" \/><\/figure>\n<\/figure>\n\n\n\n<p>\u201cLa speranza \u00e8 la virt\u00f9 di chi ha il cuore giovane\u201d, come ha affermato Papa Francesco, ed \u00e8 anche una virt\u00f9 di chi, non pi\u00f9 bambino, sa guardare con entusiasmo al futuro; e di speranza, in una fanciullezza senza tempo, nell\u2019artista materano Tony Montemurro e nelle sue coloratissime opere, ce n\u2019\u00e8 davvero tanta.<br>A sottolineare questa caratteristica \u00e8 Franco Moliterni, responsabile del settore Cultura dell\u2019Associazione Maria SS. della Bruna, autore del volume \u201cSant\u2019Eustachio naif nell\u2019arte di Tony Montemurro\u201d e curatore dell\u2019omonima mostra che, fino al 30 settembre, \u00e8 stata allestita nella chiesa della Madonna del Carmine (palazzo Lanfranchi), in piazzetta Pascoli, in occasione dei festeggiamenti per il Patrono.<\/p>\n\n\n\n<p>\u201cTempo fa \u2013 spiega Moliterni \u2013 il presidente dell\u2019Associazione, Bruno Caiella, incontr\u00f2 per caso Tony, artista materano noto in campo internazionale, il quale ha realizzato, tra l\u2019altro centinaia di opere sulla Bruna e sui santi venerati a Matera. Cos\u00ec, il presidente gli ha proposto l\u2019idea di una mostra, anche a sostegno dell\u2019impegno del sodalizio nella valorizzazione delle feste patronali. Si decise di concentrare l\u2019attenzione su Sant\u2019Eustachio, un personaggio che col passare del tempo rischia di scivolare nel dimenticatoio. Perci\u00f2, ho selezionato le opere aventi attinenza con la figura del santo per creare un percorso espositivo che, partendo dalla sua vita romanzata, approfondisse poi come \u00e8 nata e come si esprimeva la devozione negli anni Cinquanta e Sessanta del secolo scorso e cosa accadeva nel vicinato dei Sassi e nel piano quando la festa in suo onore era sentita in maniera molto viva.<br>Il culto di Sant\u2019Eustachio \u2013 prosegue \u2013 \u00e8 andato poi in effetti scemando nel momento in cui, col trasferimento degli abitanti dei Sassi nei nuovi rioni, \u00e8 anche cambiato il modo di relazionarsi e di vivere.<br>E Tony, tra l\u2019altro, aveva realizzato proprio le immagini degli ultimi momenti della vita nei Sassi prima dello sfollamento ed era importante, per me, dare una testimonianza della vita improntata al sacro nel vicinato in quel periodo. Un mondo che oggi appare idilliaco, irreale, ma che, pienamente e gioiosamente vissuto da lui, \u00e8 rimasto imprigionato nella sua anima; un mondo che egli ci ripropone con fedelt\u00e0 mediante capolavori creati in uno stile, quello naif, semplice e profondamente umano cos\u00ec come semplice e profondamente umano era l\u2019anima degli abitanti dei vicinati e cos\u00ec come l\u2019artista l\u2019ha vissuto nei Sassi durante l\u2019adolescenza e la preadolescenza\u201d.<br>Secondo Moliterni, il significato profondo delle immagini esposte nella mostra sarebbe stato mortificato senza un\u2019opera scritta che le approfondisse, da qui l\u2019idea di un volume che descrivesse dettagliatamente le opere.<br>\u201cIl nostro artista \u2013 conclude \u2013 fissa quegli eventi che rompevano la quotidianit\u00e0 con estrema sensibilit\u00e0, precisione e soprattutto gioia, trasmettendo quelli stessi sentimenti in chi ammira le sue opere. Giorni festivi e giorni ordinari comunque sempre caratterizzati dall\u2019impronta indelebile del sacro, come del resto impressa sulle pareti delle innumerevoli chiese rupestri che, grandi e piccole, sono mescolate alle case dei Sassi o disseminate nell\u2019agro della citt\u00e0\u201d.<br>Una curiosit\u00e0: in mostra ci sono anche alcuni cuc\u00f9, non dipinti perch\u00e9 per l\u2019artista la loro unica funzione \u00e8 il caratteristico suono.<br>La mostra \u00e8 stata attuata grazie al concreto sostegno della banca BPER, alla disponibilit\u00e0 della direttrice dei Musei Nazionali di Matera, arch. Annamaria Mauro, e alla collaborazione di Luca Colacicco.<br>\u201cSant\u2019Eustachio naif\u201d pu\u00f2 essere visitata dalle 10.30 alle 12.30 e dalle 17.30 alle 19.<br>L\u2019ingresso \u00e8 libero. L\u2019opuscolo, invece, \u00e8 disponibile presso la sede dell\u2019associazione Maria SS.ma della Bruna in via San Francesco.<\/p>\n\n\n\n<p class=\"has-text-align-right\"><strong>Rossella Montemurro<\/strong><\/p>\n\n\n\n<p><em><strong>Foto dalla pagina Facebook ufficiale della Festa della Bruna<\/strong><\/em><\/p>\n","protected":false},"excerpt":{"rendered":"<p>\u201cLa speranza \u00e8 la virt\u00f9 di chi ha il cuore giovane\u201d, come ha affermato Papa Francesco, ed \u00e8 anche una virt\u00f9 di chi, non pi\u00f9 bambino, sa guardare con entusiasmo al futuro; e di speranza, in una fanciullezza senza tempo, nell\u2019artista materano Tony Montemurro e nelle sue coloratissime opere, ce n\u2019\u00e8 davvero tanta.A sottolineare questa&#8230;<\/p>\n","protected":false},"author":4,"featured_media":3579,"comment_status":"open","ping_status":"open","sticky":false,"template":"","format":"standard","meta":{"footnotes":""},"categories":[2],"tags":[1114,1113,1082,8,943],"class_list":["post-3578","post","type-post","status-publish","format-standard","has-post-thumbnail","hentry","category-magazine","tag-associazione-maria-ss-della-bruna","tag-bruno-caiella","tag-franco-moliterni","tag-matera","tag-santeustachio"],"_links":{"self":[{"href":"https:\/\/www.virtual-press.com\/newsroom\/wp-json\/wp\/v2\/posts\/3578","targetHints":{"allow":["GET"]}}],"collection":[{"href":"https:\/\/www.virtual-press.com\/newsroom\/wp-json\/wp\/v2\/posts"}],"about":[{"href":"https:\/\/www.virtual-press.com\/newsroom\/wp-json\/wp\/v2\/types\/post"}],"author":[{"embeddable":true,"href":"https:\/\/www.virtual-press.com\/newsroom\/wp-json\/wp\/v2\/users\/4"}],"replies":[{"embeddable":true,"href":"https:\/\/www.virtual-press.com\/newsroom\/wp-json\/wp\/v2\/comments?post=3578"}],"version-history":[{"count":1,"href":"https:\/\/www.virtual-press.com\/newsroom\/wp-json\/wp\/v2\/posts\/3578\/revisions"}],"predecessor-version":[{"id":3581,"href":"https:\/\/www.virtual-press.com\/newsroom\/wp-json\/wp\/v2\/posts\/3578\/revisions\/3581"}],"wp:featuredmedia":[{"embeddable":true,"href":"https:\/\/www.virtual-press.com\/newsroom\/wp-json\/wp\/v2\/media\/3579"}],"wp:attachment":[{"href":"https:\/\/www.virtual-press.com\/newsroom\/wp-json\/wp\/v2\/media?parent=3578"}],"wp:term":[{"taxonomy":"category","embeddable":true,"href":"https:\/\/www.virtual-press.com\/newsroom\/wp-json\/wp\/v2\/categories?post=3578"},{"taxonomy":"post_tag","embeddable":true,"href":"https:\/\/www.virtual-press.com\/newsroom\/wp-json\/wp\/v2\/tags?post=3578"}],"curies":[{"name":"wp","href":"https:\/\/api.w.org\/{rel}","templated":true}]}}