{"id":3594,"date":"2024-09-27T07:00:00","date_gmt":"2024-09-27T05:00:00","guid":{"rendered":"https:\/\/www.virtual-press.com\/newsroom\/?p=3594"},"modified":"2024-09-19T21:43:37","modified_gmt":"2024-09-19T19:43:37","slug":"giornate-europee-del-patrimonio-2024-ai-musei-nazionali-di-matera","status":"publish","type":"post","link":"https:\/\/www.virtual-press.com\/newsroom\/giornate-europee-del-patrimonio-2024-ai-musei-nazionali-di-matera\/","title":{"rendered":"Giornate Europee del Patrimonio 2024 ai Musei Nazionali di Matera"},"content":{"rendered":"\n<blockquote class=\"wp-block-quote is-layout-flow wp-block-quote-is-layout-flow\">\n<p>Un weekend unico al Museo Archeologico Nazionale &#8220;Domenico Ridola&#8221; e all\u2019Ex Ospedale San Rocco in occasione delle GEP con un ricco programma di attivit\u00e0, che si terranno sabato 28 e domenica 29 settembre. Due giornate interamente dedicate alla scoperta della storia, della cultura e delle collezioni uniche custodite nei musei, con attivit\u00e0 rivolte a tutte le fasce d&#8217;et\u00e0.<\/p>\n\n\n\n<p><strong>SABATO 28 SETTEMBRE<\/strong><\/p>\n\n\n\n<p><strong>Mattina [ore 9:00 \u2013 13:00]<\/strong><\/p>\n\n\n\n<p>Presso le sedi del Museo Ridola e dell\u2019Ex ospedale San Rocco, il personale del museo sar\u00e0 a disposizione dei visitatori per guidarli attraverso le collezioni esposte. Attraverso brevi descrizioni, racconteranno le storie e i dettagli dei reperti esposti, offrendo uno sguardo unico sul patrimonio storico di Matera.<\/p>\n\n\n\n<p><strong>Pomeriggio [ore 17:00 \u2013 19:00]<\/strong><\/p>\n\n\n\n<p>A partire dal <strong>Museo Archeologico Nazionale \u201cDomenico Ridola\u201d<\/strong>, il <strong>CEA di Matera<\/strong> propone <strong>&#8220;I Cammini Raccontati dai Musei di Matera&#8221;<\/strong>, un percorso per bambini dai 7 ai 10 anni (max 15 partecipanti, su prenotazione). Utilizzando mappe e piante, i partecipanti cammineranno tra le sedi museali alla ricerca di oggetti che narrano l&#8217;importanza delle vie di comunicazione e delle connessioni tra popoli. <strong>L\u2019attivit\u00e0 terminer\u00e0 presso l\u2019Ex Ospedale San Rocco.<\/strong><\/p>\n\n\n\n<p><strong>Sera [ore 20:00 \u2013 23:00]<\/strong><\/p>\n\n\n\n<p><strong>Apertura serale in entrambe le sedi.<\/strong><\/p>\n\n\n\n<p>Al <strong>Museo Ridola<\/strong>, a partire dalle ore 19:00, il Gruppo Didattica, in collaborazione con il maestro cartapestaio <strong>Eustachio Santochirico<\/strong>, l&#8217;associazione <strong>Oltre l\u2019Arte Matera<\/strong> e l\u2019associazione \u201c<strong>Nati per Leggere\u201d <\/strong>offrir\u00e0 giochi e attivit\u00e0 a tema &#8220;balena Giuliana&#8221;.<\/p>\n\n\n\n<p>Presso <strong>l\u2019Ex Ospedale San Rocco<\/strong>, il personale del museo guider\u00e0 i visitatori attraverso la mostra &#8220;A c\u00ec appartjn? Vicinati. Etnografie di oggetti&#8221;, un viaggio tra fotografie e aneddoti che riportano alla Matera dei primi del Novecento. In programma anche una speciale degustazione \u201cAlla scoperta degli antichi sapori di Matera\u201d<\/p>\n\n\n\n<p><strong>DOMENICA 29 SETTEMBRE<\/strong><\/p>\n\n\n\n<p><strong>Mattina [ore 10:00 \u2013 12:00]<\/strong><\/p>\n\n\n\n<p>Al <strong>Museo Ridola<\/strong>, il Gruppo Didattica invita i bambini dai 6 agli 11 anni (max 15 partecipanti, su prenotazione) a partecipare all\u2019attivit\u00e0 <strong>&#8220;Dalle Avventure di Ulisse alle Rotte dei Mercanti&#8221;.<\/strong> Un gioco interattivo che permetter\u00e0 ai pi\u00f9 piccoli di esplorare la storia di Ulisse e il fascino delle vie del mare, attraverso racconti, prove ed enigmi.<\/p>\n\n\n\n<p><strong>Pomeriggio [ore 17:00 \u2013 19:00]<\/strong><\/p>\n\n\n\n<p>Presso la sede <strong>dell\u2019Ex Ospedale San Rocco<\/strong>, il Gruppo Didattica propone <strong>&#8220;Saperi d\u2019Argilla&#8221;,<\/strong> un laboratorio creativo per bambini dai 6 agli 11 anni (max 15 partecipanti, su prenotazione). Ispirati dai manufatti del museo, i partecipanti sperimenteranno le antiche tecniche artigianali con l&#8217;argilla, un materiale povero ma ricco di potenzialit\u00e0 creative. L&#8217;attivit\u00e0 offrir\u00e0 un\u2019esperienza tattile e sensoriale, dando vita a vasi decorati con incisioni e impressioni.<\/p>\n\n\n\n<p>Al Museo Archeologico Nazionale \u201cDomenico Ridola\u201d torna l\u2019appuntamento con i \u201c<strong>CONCERTI ALL&#8217;ORA DEL T\u00c8<\/strong><strong>\u201d <\/strong>organizzati in collaborazione con <strong>Basilicata Circuito Musicale<\/strong>. Questa settimana in programma <strong>\u201c<\/strong><strong>VI RACCONTO SALGARI<\/strong><strong>\u201d<\/strong> con Davide Riondino voce, Fabio Battistelli clarinetto e l\u2019Orchestra di fiati della Magna Grecia (info e ticket Basilicata circuito musicale).<\/p>\n<\/blockquote>\n","protected":false},"excerpt":{"rendered":"<p>Un weekend unico al Museo Archeologico Nazionale &#8220;Domenico Ridola&#8221; e all\u2019Ex Ospedale San Rocco in occasione delle GEP con un ricco programma di attivit\u00e0, che si terranno sabato 28 e domenica 29 settembre. Due giornate interamente dedicate alla scoperta della storia, della cultura e delle collezioni uniche custodite nei musei, con attivit\u00e0 rivolte a tutte&#8230;<\/p>\n","protected":false},"author":4,"featured_media":3595,"comment_status":"open","ping_status":"open","sticky":false,"template":"","format":"standard","meta":{"footnotes":""},"categories":[2],"tags":[8],"class_list":["post-3594","post","type-post","status-publish","format-standard","has-post-thumbnail","hentry","category-magazine","tag-matera"],"_links":{"self":[{"href":"https:\/\/www.virtual-press.com\/newsroom\/wp-json\/wp\/v2\/posts\/3594","targetHints":{"allow":["GET"]}}],"collection":[{"href":"https:\/\/www.virtual-press.com\/newsroom\/wp-json\/wp\/v2\/posts"}],"about":[{"href":"https:\/\/www.virtual-press.com\/newsroom\/wp-json\/wp\/v2\/types\/post"}],"author":[{"embeddable":true,"href":"https:\/\/www.virtual-press.com\/newsroom\/wp-json\/wp\/v2\/users\/4"}],"replies":[{"embeddable":true,"href":"https:\/\/www.virtual-press.com\/newsroom\/wp-json\/wp\/v2\/comments?post=3594"}],"version-history":[{"count":1,"href":"https:\/\/www.virtual-press.com\/newsroom\/wp-json\/wp\/v2\/posts\/3594\/revisions"}],"predecessor-version":[{"id":3596,"href":"https:\/\/www.virtual-press.com\/newsroom\/wp-json\/wp\/v2\/posts\/3594\/revisions\/3596"}],"wp:featuredmedia":[{"embeddable":true,"href":"https:\/\/www.virtual-press.com\/newsroom\/wp-json\/wp\/v2\/media\/3595"}],"wp:attachment":[{"href":"https:\/\/www.virtual-press.com\/newsroom\/wp-json\/wp\/v2\/media?parent=3594"}],"wp:term":[{"taxonomy":"category","embeddable":true,"href":"https:\/\/www.virtual-press.com\/newsroom\/wp-json\/wp\/v2\/categories?post=3594"},{"taxonomy":"post_tag","embeddable":true,"href":"https:\/\/www.virtual-press.com\/newsroom\/wp-json\/wp\/v2\/tags?post=3594"}],"curies":[{"name":"wp","href":"https:\/\/api.w.org\/{rel}","templated":true}]}}