{"id":3597,"date":"2024-09-23T00:07:00","date_gmt":"2024-09-22T22:07:00","guid":{"rendered":"https:\/\/www.virtual-press.com\/newsroom\/?p=3597"},"modified":"2024-09-20T15:41:56","modified_gmt":"2024-09-20T13:41:56","slug":"de-gasperi-e-la-giustizia-sociale-a-matera-una-delle-tappe-del-road-show-celebrativo-dellanno-degasperiano-2024","status":"publish","type":"post","link":"https:\/\/www.virtual-press.com\/newsroom\/de-gasperi-e-la-giustizia-sociale-a-matera-una-delle-tappe-del-road-show-celebrativo-dellanno-degasperiano-2024\/","title":{"rendered":"\u201cDe Gasperi e la giustizia sociale\u201d, a Matera una delle tappe del\u00a0road show\u00a0celebrativo dell\u2019Anno degasperiano 2024"},"content":{"rendered":"\n<figure class=\"wp-block-gallery has-nested-images columns-default is-cropped wp-block-gallery-1 is-layout-flex wp-block-gallery-is-layout-flex\">\n<figure class=\"wp-block-image size-large\"><img loading=\"lazy\" decoding=\"async\" width=\"768\" height=\"1024\" data-id=\"3600\" src=\"https:\/\/www.virtual-press.com\/newsroom\/wp-content\/uploads\/2024\/09\/WhatsApp-Image-2024-09-20-at-09.15.45-768x1024.jpeg\" alt=\"\" class=\"wp-image-3600\" srcset=\"https:\/\/www.virtual-press.com\/newsroom\/wp-content\/uploads\/2024\/09\/WhatsApp-Image-2024-09-20-at-09.15.45-768x1023.jpeg 768w, https:\/\/www.virtual-press.com\/newsroom\/wp-content\/uploads\/2024\/09\/WhatsApp-Image-2024-09-20-at-09.15.45-225x300.jpeg 225w, https:\/\/www.virtual-press.com\/newsroom\/wp-content\/uploads\/2024\/09\/WhatsApp-Image-2024-09-20-at-09.15.45-1153x1536.jpeg 1153w, https:\/\/www.virtual-press.com\/newsroom\/wp-content\/uploads\/2024\/09\/WhatsApp-Image-2024-09-20-at-09.15.45-300x400.jpeg 300w, https:\/\/www.virtual-press.com\/newsroom\/wp-content\/uploads\/2024\/09\/WhatsApp-Image-2024-09-20-at-09.15.45-850x1133.jpeg 850w, https:\/\/www.virtual-press.com\/newsroom\/wp-content\/uploads\/2024\/09\/WhatsApp-Image-2024-09-20-at-09.15.45.jpeg 1200w\" sizes=\"auto, (max-width: 768px) 100vw, 768px\" \/><\/figure>\n<\/figure>\n\n\n\n<p><br>\u201cLa libert\u00e0 politica \u00e8 legata alla libert\u00e0 economica e la democrazia senza la giustizia sociale sarebbe una chimera o una truffa. Accanto a quella che fu detta la democrazia formale bisogna costruire la democrazia sostanziale, riformare cio\u00e8 la struttura sociale.\u201d Le parole di De Gasperi testimoniano la sua lungimiranza, di pari passo con un\u2019attenzione particolare rispetto alla questione meridionale. La figura del grande statista \u00e8 stata protagonista nei giorni scorsi a Matera con la tappa del\u00a0road show\u00a0celebrativo dell\u2019Anno degasperiano 2024. Si tratta di una serie\u00a0di eventi e incontri in alcune citt\u00e0 italiane per ricordare i\u00a070 anni dalla scomparsa del fondatore della Democrazia cristiana.<\/p>\n\n\n\n<p>\u201cDe Gasperi e la giustizia sociale\u201d \u00e8 stato il tema affrontato dal Prof. Donato Verrastro, Professore associato di Storia contemporanea presso l\u2019Universit\u00e0 della Basilicata, e dal dott. Paolo Alli, Segretario Generale della Fondazione De Gasperi.<\/p>\n\n\n\n<p>Dopo i saluti del Direttore Generale dell\u2019APT Basilicata&nbsp; dott. Antonio Nicoletti, del consigliere della Provincia di Matera. dott. Pasquale Doria e dell\u2019assessore comunale dottoressa Angela Mazzone in rappresentanza del sindaco, si \u00e8 entrati nel vivo del dibattito esaminando alcuni passaggi fondamentali dell\u2019opera degasperiana. In particolare, la ricostruzione del dopoguerra, la giustizia sociale contro le derive di destra e sinistra, la coesione nazionale, le politiche per il Sud e la Cassa per il Mezzogiorno che dot\u00f2 il Sud di infrastrutture e servizi fino a quel momento inesistenti e diede avvio al percorso della riforma agraria.<\/p>\n\n\n\n<p>Sono state ricordate dal prof. Verrastro gli avvenimenti strettamente legati all\u2019attenzione di De Gasperi nei confronti di Matera: la visita nei Sassi del 23 luglio 1950, accompagnato dal giovane deputato lucano Emilio Colombo, il giorno in cui fu approvata la Legge speciale numero 619 sui Sassi di Matera, 17 maggio 1952. Alcide De Gasperi torn\u00f2 a Matera il 17 maggio del 1953 (un anno dopo la promulgazione della legge di risanamento dei Sassi) per l\u2019inaugurazione e la consegna delle prime chiavi agli abitanti del borgo La Martella, progettato e finanziato con i fondi dell\u2019Unrra-Casas. Partecip\u00f2 anche alla chiusura simbolica di una casa-grotta nei Sassi liberata da una famiglia trasferita proprio a La Martella. Infine, visit\u00f2 l\u2019area in cui sarebbero state costruite le nuove case rurali del borgo Venusio.<\/p>\n\n\n\n<p>In sostanza, De Gasperi riusc\u00ec a dare un nuovo volto al nostro Sud e ripercorrere la sua opera in relazione al Meridione significa, ogni volta, anche riflettere sulla grandezza di una figura umana e politica probabilmente ineguagliabile.<\/p>\n\n\n\n<p>Il convegno \u00e8 stato organizzato in collaborazione con IASEM \u2013 Istituto Alti Studi Euro Mediterranei, presente ieri il presidente Giuseppe Papaleo \u2013 e con il Dipartimento per l\u2019Innovazione Umanistica, Scientifica e Sociale dell\u2019Universit\u00e0 degli Studi della Basilicata.<br>Ha avuto il patrocinio gratuito della Presidenza del Consiglio regionale della Basilicata, della Provincia di Matera e del Comune di Matera e il contributo della Presidenza del Consiglio dei ministri Struttura di missione anniversari nazionali ed eventi sportivi nazionali e internazionali.<\/p>\n\n\n\n<p>Il convegno ha avuto il supporto degli sponsor istituzionali Intesa San Paolo ed Enel e il sostegno della Fondazione Cariplo.<\/p>\n","protected":false},"excerpt":{"rendered":"<p>\u201cLa libert\u00e0 politica \u00e8 legata alla libert\u00e0 economica e la democrazia senza la giustizia sociale sarebbe una chimera o una truffa. Accanto a quella che fu detta la democrazia formale bisogna costruire la democrazia sostanziale, riformare cio\u00e8 la struttura sociale.\u201d Le parole di De Gasperi testimoniano la sua lungimiranza, di pari passo con un\u2019attenzione particolare&#8230;<\/p>\n","protected":false},"author":4,"featured_media":3602,"comment_status":"open","ping_status":"open","sticky":false,"template":"","format":"standard","meta":{"footnotes":""},"categories":[2],"tags":[598,1692,1691,8,1693],"class_list":["post-3597","post","type-post","status-publish","format-standard","has-post-thumbnail","hentry","category-magazine","tag-de-gasperi","tag-donato-verrastro","tag-iasem","tag-matera","tag-paolo-alli"],"_links":{"self":[{"href":"https:\/\/www.virtual-press.com\/newsroom\/wp-json\/wp\/v2\/posts\/3597","targetHints":{"allow":["GET"]}}],"collection":[{"href":"https:\/\/www.virtual-press.com\/newsroom\/wp-json\/wp\/v2\/posts"}],"about":[{"href":"https:\/\/www.virtual-press.com\/newsroom\/wp-json\/wp\/v2\/types\/post"}],"author":[{"embeddable":true,"href":"https:\/\/www.virtual-press.com\/newsroom\/wp-json\/wp\/v2\/users\/4"}],"replies":[{"embeddable":true,"href":"https:\/\/www.virtual-press.com\/newsroom\/wp-json\/wp\/v2\/comments?post=3597"}],"version-history":[{"count":1,"href":"https:\/\/www.virtual-press.com\/newsroom\/wp-json\/wp\/v2\/posts\/3597\/revisions"}],"predecessor-version":[{"id":3603,"href":"https:\/\/www.virtual-press.com\/newsroom\/wp-json\/wp\/v2\/posts\/3597\/revisions\/3603"}],"wp:featuredmedia":[{"embeddable":true,"href":"https:\/\/www.virtual-press.com\/newsroom\/wp-json\/wp\/v2\/media\/3602"}],"wp:attachment":[{"href":"https:\/\/www.virtual-press.com\/newsroom\/wp-json\/wp\/v2\/media?parent=3597"}],"wp:term":[{"taxonomy":"category","embeddable":true,"href":"https:\/\/www.virtual-press.com\/newsroom\/wp-json\/wp\/v2\/categories?post=3597"},{"taxonomy":"post_tag","embeddable":true,"href":"https:\/\/www.virtual-press.com\/newsroom\/wp-json\/wp\/v2\/tags?post=3597"}],"curies":[{"name":"wp","href":"https:\/\/api.w.org\/{rel}","templated":true}]}}