{"id":3608,"date":"2024-10-02T00:06:00","date_gmt":"2024-10-01T22:06:00","guid":{"rendered":"https:\/\/www.virtual-press.com\/newsroom\/?p=3608"},"modified":"2024-09-27T23:04:14","modified_gmt":"2024-09-27T21:04:14","slug":"siglato-a-matera-nellambito-dellevento-komen-accanto-alle-donne-ascoltando-le-loro-storie-il-protocollo-dintesa-tra-lassociazione-maria-ss-della","status":"publish","type":"post","link":"https:\/\/www.virtual-press.com\/newsroom\/siglato-a-matera-nellambito-dellevento-komen-accanto-alle-donne-ascoltando-le-loro-storie-il-protocollo-dintesa-tra-lassociazione-maria-ss-della\/","title":{"rendered":"Siglato a Matera nell\u2019ambito dell\u2019evento Komen \u201cAccanto alle donne. Ascoltando le loro storie\u201d il Protocollo d\u2019Intesa tra l\u2019Associazione Maria SS. della Bruna e le Donne Imprenditrici del Territorio"},"content":{"rendered":"\n<figure class=\"wp-block-gallery has-nested-images columns-default is-cropped wp-block-gallery-1 is-layout-flex wp-block-gallery-is-layout-flex\">\n<figure class=\"wp-block-image size-large\"><img loading=\"lazy\" decoding=\"async\" width=\"1024\" height=\"576\" data-id=\"3612\" src=\"https:\/\/www.virtual-press.com\/newsroom\/wp-content\/uploads\/2024\/09\/20240927_191613-1024x576.jpg\" alt=\"\" class=\"wp-image-3612\" srcset=\"https:\/\/www.virtual-press.com\/newsroom\/wp-content\/uploads\/2024\/09\/20240927_191613-1024x576.jpg 1024w, https:\/\/www.virtual-press.com\/newsroom\/wp-content\/uploads\/2024\/09\/20240927_191613-300x169.jpg 300w, https:\/\/www.virtual-press.com\/newsroom\/wp-content\/uploads\/2024\/09\/20240927_191613-768x432.jpg 768w, https:\/\/www.virtual-press.com\/newsroom\/wp-content\/uploads\/2024\/09\/20240927_191613-1536x864.jpg 1536w, https:\/\/www.virtual-press.com\/newsroom\/wp-content\/uploads\/2024\/09\/20240927_191613-2048x1152.jpg 2048w, https:\/\/www.virtual-press.com\/newsroom\/wp-content\/uploads\/2024\/09\/20240927_191613-850x478.jpg 850w\" sizes=\"auto, (max-width: 1024px) 100vw, 1024px\" \/><\/figure>\n\n\n\n<figure class=\"wp-block-image size-large\"><img loading=\"lazy\" decoding=\"async\" width=\"1024\" height=\"576\" data-id=\"3611\" src=\"https:\/\/www.virtual-press.com\/newsroom\/wp-content\/uploads\/2024\/09\/20240927_191430-1024x576.jpg\" alt=\"\" class=\"wp-image-3611\" srcset=\"https:\/\/www.virtual-press.com\/newsroom\/wp-content\/uploads\/2024\/09\/20240927_191430-1024x576.jpg 1024w, https:\/\/www.virtual-press.com\/newsroom\/wp-content\/uploads\/2024\/09\/20240927_191430-300x169.jpg 300w, https:\/\/www.virtual-press.com\/newsroom\/wp-content\/uploads\/2024\/09\/20240927_191430-768x432.jpg 768w, https:\/\/www.virtual-press.com\/newsroom\/wp-content\/uploads\/2024\/09\/20240927_191430-1536x864.jpg 1536w, https:\/\/www.virtual-press.com\/newsroom\/wp-content\/uploads\/2024\/09\/20240927_191430-2048x1152.jpg 2048w, https:\/\/www.virtual-press.com\/newsroom\/wp-content\/uploads\/2024\/09\/20240927_191430-850x478.jpg 850w\" sizes=\"auto, (max-width: 1024px) 100vw, 1024px\" \/><\/figure>\n\n\n\n<figure class=\"wp-block-image size-large\"><img loading=\"lazy\" decoding=\"async\" width=\"1024\" height=\"576\" data-id=\"3610\" src=\"https:\/\/www.virtual-press.com\/newsroom\/wp-content\/uploads\/2024\/09\/20240927_191258-1024x576.jpg\" alt=\"\" class=\"wp-image-3610\" srcset=\"https:\/\/www.virtual-press.com\/newsroom\/wp-content\/uploads\/2024\/09\/20240927_191258-1024x576.jpg 1024w, https:\/\/www.virtual-press.com\/newsroom\/wp-content\/uploads\/2024\/09\/20240927_191258-300x169.jpg 300w, https:\/\/www.virtual-press.com\/newsroom\/wp-content\/uploads\/2024\/09\/20240927_191258-768x432.jpg 768w, https:\/\/www.virtual-press.com\/newsroom\/wp-content\/uploads\/2024\/09\/20240927_191258-1536x864.jpg 1536w, https:\/\/www.virtual-press.com\/newsroom\/wp-content\/uploads\/2024\/09\/20240927_191258-2048x1152.jpg 2048w, https:\/\/www.virtual-press.com\/newsroom\/wp-content\/uploads\/2024\/09\/20240927_191258-850x478.jpg 850w\" sizes=\"auto, (max-width: 1024px) 100vw, 1024px\" \/><\/figure>\n<\/figure>\n\n\n\n<p>&nbsp;\u201cLa nostra Associazione \u00e8 profondamente radicata nel territorio, ha sempre portato avanti valori di inclusione, di sostegno reciproco e di promozione sociale. Ed \u00e8 proprio con questi valori nel cuore che oggi ci poniamo al fianco di tutte voi, donne imprenditrici, per dire che&nbsp;noi ci siamo. Noi ci siamo per sostenervi, per incoraggiare le vostre attivit\u00e0 e per difendere il vostro diritto di essere protagoniste del mondo del lavoro, senza compromessi. Vogliamo ribadire un messaggio chiaro: riconosciamo e sosteniamo l\u2019immenso valore di voi donne nella crescita economica, nel vostro spirito di iniziativa e nella vostra capacit\u00e0 di innovare e trasformare la societ\u00e0.\u201d<\/p>\n\n\n\n<p>Ha un forte significato il Protocollo d\u2019Intesa tra l\u2019Associazione Maria SS. della Bruna e le Donne Imprenditrici del Territorio siglato nell\u2019ambito dell\u2019evento \u201cAccanto alle donne. Ascoltando le loro storie\u201d. L\u2019iniziativa \u00e8 stata inserita all\u2019interno della manifestazione \u201cStoria di donne\u201d nell\u2019ambito della Race for the Cure organizzata da Komen al Campo Scuola \u2013 Villaggio della Salute di Matera.<\/p>\n\n\n\n<p>L\u2019accordo nasce con l\u2019obiettivo di sostenere concretamente l\u2019imprenditoria femminile, creando una rete di collaborazione e supporto per promuovere la crescita delle attivit\u00e0 imprenditoriali delle donne.<\/p>\n\n\n\n<p>\u201cQuesto protocollo \u00e8 un patto, un\u2019alleanza. \u2013 ha sottolineato Michele Marchitelli, ideatore del progetto \u201cStoria di donne\u201d, in rappresentanza del presidente dell\u2019Associazione Maria SS. della Bruna Bruno Caiella, impossibilitato a partecipare \u2013 &nbsp;\u00c8 l\u2019impegno a sostenervi con azioni concrete che valorizzino il vostro lavoro, tutelino i vostri diritti e creino una rete di supporto capace di dare forza e opportunit\u00e0. Perch\u00e9 quando una donna si afferma, tutta la comunit\u00e0 cresce. Promuovere l\u2019imprenditoria femminile significa dare alle donne strumenti, voce, competenze, opportunit\u00e0. Significa abbattere quegli ostacoli che troppo spesso le hanno tenute ai margini del mondo economico e imprenditoriale. Significa combattere per la parit\u00e0 di genere, per una reale conciliazione tra vita e lavoro, e per garantire che il valore del lavoro femminile sia riconosciuto e rispettato in tutte le sue forme.<\/p>\n\n\n\n<p>Oggi celebriamo non solo un protocollo, ma una causa, una missione, che trova in \u201cStoria di Donne\u201d la sua pi\u00f9 alta espressione\u201d.<\/p>\n\n\n\n<p>\u00c8 stata ringraziata in particolare l\u2019imprenditrice Nisia Martino di Clo\u00e8 Estetica Spa Pilates, \u201cper essere stata la promotrice instancabile di questo progetto e la principale sostenitrice di queste cause. Sei stata e continui ad essere una guida, una fonte di ispirazione. Grazie per il tuo impegno, la tua passione, la tua determinazione nell\u2019aiutarci a difendere i diritti delle donne, nel far emergere la loro voce, nel porre sotto i riflettori il loro talento, le loro storie, le loro sfide e le loro conquiste\u201d.<\/p>\n\n\n\n<p>Clo\u00e8 di Martino \u00e8 stato il main sponsor di \u201cStoria di donne\u201d, un format \u2013 quest\u2019anno giunto alla seconda edizione, si \u00e8 svolto dal 24 giugno al primo luglio nel piazzale antistante la Fabbrica del Carro \u2013, dedicato all\u2019ascolto di storie eccellenti e al dialogo aperto con ospiti illustri e rappresentative, invitate a raccontare la propria esperienza nel campo dell\u2019imprenditoria, della salute, del sociale, della sicurezza, della cultura e del sostengono a cause e diritti civili fondamentali.<\/p>\n\n\n\n<p>All\u2019incontro, oltre al dott. Matteo Marchitelli, sono intervenuti il delegato vescovile Don Francesco Di Marzio, l\u2019imprenditrice Nisia Martino, la giornalista Rossella Montemurro, la vicepresidente del Comitato Komen Basilicata Maria Merlino, l\u2019attivista e scrittrice Federippi (Federica Fabrizio), la psicologa Federica Cavicchini e Patrizia Minardi, componente della Commissione Pari Opportunit\u00e0 del Soroptimist Club International.<\/p>\n","protected":false},"excerpt":{"rendered":"<p>&nbsp;\u201cLa nostra Associazione \u00e8 profondamente radicata nel territorio, ha sempre portato avanti valori di inclusione, di sostegno reciproco e di promozione sociale. Ed \u00e8 proprio con questi valori nel cuore che oggi ci poniamo al fianco di tutte voi, donne imprenditrici, per dire che&nbsp;noi ci siamo. Noi ci siamo per sostenervi, per incoraggiare le vostre&#8230;<\/p>\n","protected":false},"author":4,"featured_media":3609,"comment_status":"open","ping_status":"open","sticky":false,"template":"","format":"standard","meta":{"footnotes":""},"categories":[2],"tags":[1179,8,1694],"class_list":["post-3608","post","type-post","status-publish","format-standard","has-post-thumbnail","hentry","category-magazine","tag-associazione-maria-ss-della-bruna-2","tag-matera","tag-storia-di-donne"],"_links":{"self":[{"href":"https:\/\/www.virtual-press.com\/newsroom\/wp-json\/wp\/v2\/posts\/3608","targetHints":{"allow":["GET"]}}],"collection":[{"href":"https:\/\/www.virtual-press.com\/newsroom\/wp-json\/wp\/v2\/posts"}],"about":[{"href":"https:\/\/www.virtual-press.com\/newsroom\/wp-json\/wp\/v2\/types\/post"}],"author":[{"embeddable":true,"href":"https:\/\/www.virtual-press.com\/newsroom\/wp-json\/wp\/v2\/users\/4"}],"replies":[{"embeddable":true,"href":"https:\/\/www.virtual-press.com\/newsroom\/wp-json\/wp\/v2\/comments?post=3608"}],"version-history":[{"count":1,"href":"https:\/\/www.virtual-press.com\/newsroom\/wp-json\/wp\/v2\/posts\/3608\/revisions"}],"predecessor-version":[{"id":3613,"href":"https:\/\/www.virtual-press.com\/newsroom\/wp-json\/wp\/v2\/posts\/3608\/revisions\/3613"}],"wp:featuredmedia":[{"embeddable":true,"href":"https:\/\/www.virtual-press.com\/newsroom\/wp-json\/wp\/v2\/media\/3609"}],"wp:attachment":[{"href":"https:\/\/www.virtual-press.com\/newsroom\/wp-json\/wp\/v2\/media?parent=3608"}],"wp:term":[{"taxonomy":"category","embeddable":true,"href":"https:\/\/www.virtual-press.com\/newsroom\/wp-json\/wp\/v2\/categories?post=3608"},{"taxonomy":"post_tag","embeddable":true,"href":"https:\/\/www.virtual-press.com\/newsroom\/wp-json\/wp\/v2\/tags?post=3608"}],"curies":[{"name":"wp","href":"https:\/\/api.w.org\/{rel}","templated":true}]}}