{"id":3614,"date":"2024-09-30T00:04:00","date_gmt":"2024-09-29T22:04:00","guid":{"rendered":"https:\/\/www.virtual-press.com\/newsroom\/?p=3614"},"modified":"2024-09-27T23:05:52","modified_gmt":"2024-09-27T21:05:52","slug":"lente-parco-della-murgia-materana-interviene-sulla-questione-pale-eoliche","status":"publish","type":"post","link":"https:\/\/www.virtual-press.com\/newsroom\/lente-parco-della-murgia-materana-interviene-sulla-questione-pale-eoliche\/","title":{"rendered":"L\u2019Ente Parco della Murgia Materana interviene sulla questione pale eoliche"},"content":{"rendered":"\n<p>Le recenti notizie relative all\u2019Avviso pubblico che d\u00e0 l\u2019avvio all\u2019iter di valutazione ambientale per la realizzazione di due impianti eolici nel territorio comunale di Matera e a ridosso delle aree del Parco, oltre che riaprire il dibattito pubblico su temi delicati quanto complessi, pongono anche l\u2019Ente Parco, nell\u2019esercizio delle sue precipue funzioni di salvaguardia e conservazione del territorio di cui il \u201cpaesaggio\u201d \u00e8 parte integrante, di fronte a una responsabilit\u00e0 oggettiva.<\/p>\n\n\n\n<p>L\u2019Ente Parco ha l\u2019obbligo di un ruolo vigile nei limiti delle competenze e dei ruoli istituzionali e pro-attivo alla realizzazione degli scopi dell\u2019Ente per cui, a fronte di procedure pur legittimate dalle norme in vigore e tese a realizzare interventi impattanti come quello citato, \u00e8 altrettanto chiaro che esse dovranno essere valutate con meticolosit\u00e0 da tutti gli attori coinvolti (Ministero, Regione, Comuni, Enti) in ordine al possesso dei requisiti, all\u2019impatto su territorio e paesaggio, all\u2019esistenza di vincoli e aree di protezione, assumendo tutta la complessit\u00e0 delle situazioni e senza alcuna inutile semplificazione.<\/p>\n\n\n\n<p>Per lo stesso motivo va ritrovata una strategia comune fra quegli stessi soggetti \u2013 in modo particolare quelli direttamente interessati per competenza territoriale \u2013 volta a disinnescare ogni criticit\u00e0 e porre basi solide e incontrovertibili alla salvaguardia e alla \u201ccura\u201d del paesaggio, delle testimonianze storiche e archeologiche, a una pianificazione degli investimenti sul territorio coerente con la vocazione specifica di quegli stessi territori.<\/p>\n\n\n\n<p>L\u2019Ente Parco ha gi\u00e0 nel mese di gennaio 2024 definito di febbraio 2024 una&nbsp;<em>proposta di ampliamento dell\u2019attuale perimetro del Parco<\/em>&nbsp;nelle contrade di Serra d\u2019Alto e di Tirlecchia (prot.n.23 dell\u201911 gennaio 2024), formalizzata da un proprio consigliere, Vinicio Camerini, che nel mese di febbraio \u00e8 stata recepita attraverso la relazione programmatica al bilancio pluriennale; nello scorso mese di giugno l\u2019iter amministrativo per l\u2019ampliamento alle contrade di Serra d\u2019Alto e Tirlecchia \u00e8 stato ufficialmente avviato con l\u2019approvazione da parte del Consiglio Direttivo dell\u2019Ente. Diventa ora urgente e necessario dare concretezza a questa strategia comune e procedere senza indugio con un incontro congiunto dei comuni membri della Comunit\u00e0 del Parco, Matera e Montescaglioso, e di quelli interessati all\u2019ampliamento dello stesso, Miglionico, Pomarico, Grottole e Irsina, senza dimenticare il ruolo della Provincia e della Regione, per consolidare il percorso nella consapevolezza che questo approccio \u00e8 l\u2019unico risolutivo di ogni criticit\u00e0. Nel contempo esso \u00e8 tappa fondamentale nella direzione di una pi\u00f9 ampia pianificazione territoriale dove diritti e regole, economia e bene comune, infrastrutture e conservazione trovano un quadro coerente e univoco di riferimento.<\/p>\n\n\n\n<p>Il Presidente dell\u2019Ente Parco ha gi\u00e0 avviato i contatti necessari con tutti i diretti interessati per procedere celermente.<\/p>\n","protected":false},"excerpt":{"rendered":"<p>Le recenti notizie relative all\u2019Avviso pubblico che d\u00e0 l\u2019avvio all\u2019iter di valutazione ambientale per la realizzazione di due impianti eolici nel territorio comunale di Matera e a ridosso delle aree del Parco, oltre che riaprire il dibattito pubblico su temi delicati quanto complessi, pongono anche l\u2019Ente Parco, nell\u2019esercizio delle sue precipue funzioni di salvaguardia e&#8230;<\/p>\n","protected":false},"author":4,"featured_media":3615,"comment_status":"open","ping_status":"open","sticky":false,"template":"","format":"standard","meta":{"footnotes":""},"categories":[2],"tags":[1059,8],"class_list":["post-3614","post","type-post","status-publish","format-standard","has-post-thumbnail","hentry","category-magazine","tag-ente-parco-della-murgia-materana","tag-matera"],"_links":{"self":[{"href":"https:\/\/www.virtual-press.com\/newsroom\/wp-json\/wp\/v2\/posts\/3614","targetHints":{"allow":["GET"]}}],"collection":[{"href":"https:\/\/www.virtual-press.com\/newsroom\/wp-json\/wp\/v2\/posts"}],"about":[{"href":"https:\/\/www.virtual-press.com\/newsroom\/wp-json\/wp\/v2\/types\/post"}],"author":[{"embeddable":true,"href":"https:\/\/www.virtual-press.com\/newsroom\/wp-json\/wp\/v2\/users\/4"}],"replies":[{"embeddable":true,"href":"https:\/\/www.virtual-press.com\/newsroom\/wp-json\/wp\/v2\/comments?post=3614"}],"version-history":[{"count":1,"href":"https:\/\/www.virtual-press.com\/newsroom\/wp-json\/wp\/v2\/posts\/3614\/revisions"}],"predecessor-version":[{"id":3616,"href":"https:\/\/www.virtual-press.com\/newsroom\/wp-json\/wp\/v2\/posts\/3614\/revisions\/3616"}],"wp:featuredmedia":[{"embeddable":true,"href":"https:\/\/www.virtual-press.com\/newsroom\/wp-json\/wp\/v2\/media\/3615"}],"wp:attachment":[{"href":"https:\/\/www.virtual-press.com\/newsroom\/wp-json\/wp\/v2\/media?parent=3614"}],"wp:term":[{"taxonomy":"category","embeddable":true,"href":"https:\/\/www.virtual-press.com\/newsroom\/wp-json\/wp\/v2\/categories?post=3614"},{"taxonomy":"post_tag","embeddable":true,"href":"https:\/\/www.virtual-press.com\/newsroom\/wp-json\/wp\/v2\/tags?post=3614"}],"curies":[{"name":"wp","href":"https:\/\/api.w.org\/{rel}","templated":true}]}}