{"id":3632,"date":"2024-10-11T08:50:05","date_gmt":"2024-10-11T06:50:05","guid":{"rendered":"https:\/\/www.virtual-press.com\/newsroom\/?p=3632"},"modified":"2024-10-11T08:50:05","modified_gmt":"2024-10-11T06:50:05","slug":"anche-il-centro-riabilitativo-imparola-dal-16-al-18-ottobre-a-bari-a-didacta-italia-edizione-puglia-il-17-presentazione-in-anteprima-del-protocollo-mepp-monitoraggio-e-potenziamento-perso","status":"publish","type":"post","link":"https:\/\/www.virtual-press.com\/newsroom\/anche-il-centro-riabilitativo-imparola-dal-16-al-18-ottobre-a-bari-a-didacta-italia-edizione-puglia-il-17-presentazione-in-anteprima-del-protocollo-mepp-monitoraggio-e-potenziamento-perso\/","title":{"rendered":"Anche il Centro Riabilitativo Imparola dal 16 al 18 ottobre a Bari a Didacta Italia \u2013 Edizione Puglia. Il 17 presentazione in anteprima del protocollo MePP &#8211; Monitoraggio e Potenziamento Personalizzato dei disturbi e delle difficolt\u00e0 di apprendimento"},"content":{"rendered":"\n<figure class=\"wp-block-gallery has-nested-images columns-default is-cropped wp-block-gallery-1 is-layout-flex wp-block-gallery-is-layout-flex\">\n<figure class=\"wp-block-image size-large\"><img loading=\"lazy\" decoding=\"async\" width=\"1024\" height=\"1024\" data-id=\"3634\" src=\"https:\/\/www.virtual-press.com\/newsroom\/wp-content\/uploads\/2024\/10\/Dott.ssa-Imma-Bruno-1024x1024.jpg\" alt=\"\" class=\"wp-image-3634\" srcset=\"https:\/\/www.virtual-press.com\/newsroom\/wp-content\/uploads\/2024\/10\/Dott.ssa-Imma-Bruno-1024x1024.jpg 1024w, https:\/\/www.virtual-press.com\/newsroom\/wp-content\/uploads\/2024\/10\/Dott.ssa-Imma-Bruno-300x300.jpg 300w, https:\/\/www.virtual-press.com\/newsroom\/wp-content\/uploads\/2024\/10\/Dott.ssa-Imma-Bruno-150x150.jpg 150w, https:\/\/www.virtual-press.com\/newsroom\/wp-content\/uploads\/2024\/10\/Dott.ssa-Imma-Bruno-768x768.jpg 768w, https:\/\/www.virtual-press.com\/newsroom\/wp-content\/uploads\/2024\/10\/Dott.ssa-Imma-Bruno-850x850.jpg 850w, https:\/\/www.virtual-press.com\/newsroom\/wp-content\/uploads\/2024\/10\/Dott.ssa-Imma-Bruno.jpg 1500w\" sizes=\"auto, (max-width: 1024px) 100vw, 1024px\" \/><\/figure>\n\n\n\n<figure class=\"wp-block-image size-large\"><img loading=\"lazy\" decoding=\"async\" width=\"1024\" height=\"683\" data-id=\"3633\" src=\"https:\/\/www.virtual-press.com\/newsroom\/wp-content\/uploads\/2024\/10\/Imparola-1024x683.jpg\" alt=\"\" class=\"wp-image-3633\" srcset=\"https:\/\/www.virtual-press.com\/newsroom\/wp-content\/uploads\/2024\/10\/Imparola-1024x683.jpg 1024w, https:\/\/www.virtual-press.com\/newsroom\/wp-content\/uploads\/2024\/10\/Imparola-300x200.jpg 300w, https:\/\/www.virtual-press.com\/newsroom\/wp-content\/uploads\/2024\/10\/Imparola-768x512.jpg 768w, https:\/\/www.virtual-press.com\/newsroom\/wp-content\/uploads\/2024\/10\/Imparola-1536x1024.jpg 1536w, https:\/\/www.virtual-press.com\/newsroom\/wp-content\/uploads\/2024\/10\/Imparola-2048x1365.jpg 2048w, https:\/\/www.virtual-press.com\/newsroom\/wp-content\/uploads\/2024\/10\/Imparola-850x567.jpg 850w\" sizes=\"auto, (max-width: 1024px) 100vw, 1024px\" \/><\/figure>\n<\/figure>\n\n\n\n<p><\/p>\n\n\n\n<p>A <strong>Didacta Italia \u2013 Edizione Puglia<\/strong>, il pi\u00f9 importante evento sulla formazione e l\u2019innovazione del mondo della scuola, sar\u00e0 presente anche il <strong>Centro Riabilitativo Imparola<\/strong> (stand nel Padiglione esterno Ionio 18) <strong>dal 16 al 18 ottobre a Bari<\/strong> nella Nuova Fiera del Levante.<\/p>\n\n\n\n<p>Imparola, forte della sua esperienza ventennale, offre un servizio integrato che coniuga valutazione e riabilitazione neuropsicologica con un supporto specializzato agli apprendimenti scolastici,&nbsp;sar\u00e0 presente con la sua proposta completa di&nbsp;protocolli, formazioni e progetti&nbsp;dedicati al mondo della scuola.<\/p>\n\n\n\n<p>In particolare, <strong>il 17 ottobre dalle 17.30 alle 18.20<\/strong> nello stand E1 del Padiglione Puglia, Imparola illustrer\u00e0 <strong>in anteprima il protocollo MePP<\/strong> \u2013 Monitoraggio e Potenziamento Personalizzato dei disturbi e delle difficolt\u00e0 di apprendimento, l&#8217;<strong>evento \u00e8 accreditato su Sofia<\/strong> \u2013, un&#8217;imperdibile opportunit\u00e0 di formazione per i docenti e i dirigenti scolastici. Si tratta di un approccio innovativo che, attraverso la somministrazione ecologica di questionari e agili griglie di osservazione, permette di ottenere una fotografia delle diverse potenzialit\u00e0 e abilit\u00e0 della classe. Questo strumento \u00e8 pensato per aiutare i docenti a realizzare un progetto di potenziamento delle abilit\u00e0 che sostengono gli apprendimenti attraverso l\u2019osservazione in classe.<\/p>\n\n\n\n<p>Durante l&#8217;incontro saranno esplorati gli indici predittivi che possono emergere gi\u00e0 nell&#8217;ultimo anno della scuola dell&#8217;infanzia tra cui il profilo linguistico come indicato nelle Linee Guida del 2022.&nbsp;<\/p>\n\n\n\n<p>\u00c8 stato dimostrato che il Disturbo del Linguaggio (DL) si associa ad un elevato rischio di problemi di apprendimento scolastico (Conti-Ramsden et al., 2012; Durkin et al., 2013). In et\u00e0 prescolare si svolgono attualmente programmi che volgono a prevenire e limitare la problematica del Disturbo Specifico dell\u2019Apprendimento (DSA), ma \u00e8 importante considerare l\u2019evoluzione del DL nel corso del tempo.<\/p>\n\n\n\n<p>Il protocollo MePP sar\u00e0 presentato dalla dottoressa <strong>Mariangela Bruno<\/strong>, logopedista, presidente e responsabile di tutte le attivit\u00e0 tecniche di Imparola. La dottoressa Bruno, che collabora ad attivit\u00e0 di studio e ricerca con aziende e istituti di caratura nazionale, \u00e8 formatore nazionale dell&#8217;Associazione Italiana Dislessia (AID), formatore esperto dell&#8217;Associazione per il CNIS (Coordinamento Nazionale degli Insegnanti Specializzati e la ricerca sulle situazioni di Handicap), formatore e insegnante della scuola B612 Infinito. Dal 2020 \u00e8 responsabile del gruppo logopedisti del Polo Apprendimento.&nbsp; Ha organizzato molteplici corsi di formazione anche ECM e seminari formativi relativi al trattamento dei disturbi del linguaggio, dell&#8217;apprendimento e della dislessia.<\/p>\n\n\n\n<p>Il <strong>Centro Imparola<\/strong>, nato nel 2003 a Matera (la sede \u00e8 in via Montescaglioso 31\/A), dieci anni fa \u00e8 stato accreditato dal MIUR come soggetto qualificato alla formazione del personale della Scuola. Nel corso del tempo, gli esperti del Centro \u2013 25 professionisti tra medici, psicologi, logopedisti, neuropsicomotricisti, educatori e esperti in didattica compensativa e strategie di apprendimento personalizzate \u2013 hanno realizzato numerosi progetti nelle scuole con attivit\u00e0 di formazione e laboratori didattici e nelle discipline STEM.<\/p>\n\n\n\n<p>Imparola, con la sua \u00e9quipe multidisciplinare, \u00e8 un fiore all&#8217;occhiello nel settore, punto di riferimento imprescindibile per l&#8217;universo della scuola. In accordo ai protocolli clinici standardizzati, l\u2019\u00e9quipe realizza interventi valutativi e riabilitativi dall\u2019et\u00e0 evolutiva all\u2019et\u00e0 adulta.<\/p>\n\n\n\n<p><strong>Didacta Scuola<\/strong>, organizzata da Firenze Fiera con la&nbsp;presenza istituzionale&nbsp;della&nbsp;Regione Puglia, per la prima volta nel capoluogo pugliese, \u00e8 un appuntamento rivolto a tutti i livelli di istruzione: 0-6 (scuola dell\u2019infanzia), scuole primarie, scuole secondarie di primo e secondo grado, istituti professionali, ITS (Istituti Tecnici Superiori), universit\u00e0, istituti di ricerca scientifica e di formazione professionale, oltre ai professionisti del mondo della scuola, alle aziende, a tutto il personale e addetti ai lavori. Saranno coinvolte tutte le categorie del settore: dirigenti scolastici, insegnanti, istruttori, oltre alle principali associazioni professionali e agli enti locali.<\/p>\n\n\n\n<p><em>I posti per l&#8217;evento formativo sul Protocollo MePP sono limitati. Per iscriversi anche sulla piattaforma SOFIA bisogna cercare direttamente nella sezione \u201ccatalogo\u201d o con il titolo&nbsp;PROTOCOLLO MePP: Monitoraggio e Potenziamento Personalizzato dei disturbi e delle difficolt\u00e0 di apprendimento&nbsp;o con il&nbsp;codice identificativo&nbsp;95694.<\/em><\/p>\n","protected":false},"excerpt":{"rendered":"<p>A Didacta Italia \u2013 Edizione Puglia, il pi\u00f9 importante evento sulla formazione e l\u2019innovazione del mondo della scuola, sar\u00e0 presente anche il Centro Riabilitativo Imparola (stand nel Padiglione esterno Ionio 18) dal 16 al 18 ottobre a Bari nella Nuova Fiera del Levante. Imparola, forte della sua esperienza ventennale, offre un servizio integrato che coniuga&#8230;<\/p>\n","protected":false},"author":4,"featured_media":3635,"comment_status":"open","ping_status":"open","sticky":false,"template":"","format":"standard","meta":{"footnotes":""},"categories":[2],"tags":[1700,1697,1698,1699],"class_list":["post-3632","post","type-post","status-publish","format-standard","has-post-thumbnail","hentry","category-magazine","tag-didacta-italia","tag-imparola","tag-mariangela-bruno","tag-mepp"],"_links":{"self":[{"href":"https:\/\/www.virtual-press.com\/newsroom\/wp-json\/wp\/v2\/posts\/3632","targetHints":{"allow":["GET"]}}],"collection":[{"href":"https:\/\/www.virtual-press.com\/newsroom\/wp-json\/wp\/v2\/posts"}],"about":[{"href":"https:\/\/www.virtual-press.com\/newsroom\/wp-json\/wp\/v2\/types\/post"}],"author":[{"embeddable":true,"href":"https:\/\/www.virtual-press.com\/newsroom\/wp-json\/wp\/v2\/users\/4"}],"replies":[{"embeddable":true,"href":"https:\/\/www.virtual-press.com\/newsroom\/wp-json\/wp\/v2\/comments?post=3632"}],"version-history":[{"count":1,"href":"https:\/\/www.virtual-press.com\/newsroom\/wp-json\/wp\/v2\/posts\/3632\/revisions"}],"predecessor-version":[{"id":3636,"href":"https:\/\/www.virtual-press.com\/newsroom\/wp-json\/wp\/v2\/posts\/3632\/revisions\/3636"}],"wp:featuredmedia":[{"embeddable":true,"href":"https:\/\/www.virtual-press.com\/newsroom\/wp-json\/wp\/v2\/media\/3635"}],"wp:attachment":[{"href":"https:\/\/www.virtual-press.com\/newsroom\/wp-json\/wp\/v2\/media?parent=3632"}],"wp:term":[{"taxonomy":"category","embeddable":true,"href":"https:\/\/www.virtual-press.com\/newsroom\/wp-json\/wp\/v2\/categories?post=3632"},{"taxonomy":"post_tag","embeddable":true,"href":"https:\/\/www.virtual-press.com\/newsroom\/wp-json\/wp\/v2\/tags?post=3632"}],"curies":[{"name":"wp","href":"https:\/\/api.w.org\/{rel}","templated":true}]}}