{"id":3641,"date":"2024-10-14T00:42:00","date_gmt":"2024-10-13T22:42:00","guid":{"rendered":"https:\/\/www.virtual-press.com\/newsroom\/?p=3641"},"modified":"2024-10-12T17:43:36","modified_gmt":"2024-10-12T15:43:36","slug":"matera-10-anni-di-capitale-il-17-ottobre-tavola-rotonda-per-i-10-anni-dalla-proclamazione-di-matera-a-capitale-europea-della-cultura-2019","status":"publish","type":"post","link":"https:\/\/www.virtual-press.com\/newsroom\/matera-10-anni-di-capitale-il-17-ottobre-tavola-rotonda-per-i-10-anni-dalla-proclamazione-di-matera-a-capitale-europea-della-cultura-2019\/","title":{"rendered":"\u201cMatera, 10 anni di Capitale\u201d, il 17 ottobre\u00a0tavola rotonda per i 10 anni dalla proclamazione di Matera a Capitale Europea della Cultura 2019"},"content":{"rendered":"\n<p>Il 17 ottobre del 2014 la citt\u00e0 di Matera veniva proclamata Capitale Europea della Cultura per il 2019. Un annuncio accolto con una grande esplosione di gioia in una gremita piazza San Giovanni, in collegamento con la sede del Ministero della Cultura dove era riunita la Giuria di valutazione insieme ai rappresentanti delle sei citt\u00e0 italiane finaliste per il titolo. Un ricordo indelebile nella mente di tutta la comunit\u00e0 lucana, un momento di svolta per il territorio intero, che da quel momento ha iniziato una grande trasformazione per prepararsi al grande appuntamento del 2019 e raccoglierne poi l\u2019eredit\u00e0.<\/p>\n\n\n\n<p>A dieci anni da quel momento storico, la Fondazione Matera Basilicata 2019, con il sostegno di Regione Basilicata e Comune di Matera, in partnership con Ego55, TRM Network ed ECoCNews e la partecipazione dell\u2019associazione Volontari Open Culture 2019, organizza la tavola rotonda \u201c<strong>Matera, 10 anni di Capitale<\/strong>\u201d in programma il prossimo&nbsp;<strong>17 ottobre a partire dalle 10.30&nbsp;<\/strong><strong>a Matera in Casa Cava<\/strong>, con l\u2019obiettivo di tracciare un bilancio del percorso fatto dal 2014 sino ad oggi ed individuare nuovi obiettivi comuni per gli anni a venire. Diversi i temi che saranno affrontati nel dibattito insieme ai rappresentanti di istituzioni ed enti pubblici nazionali e locali, oltre che insieme ad esperti, che ricoprono un ruolo chiave nel settore culturale e creativo a livello locale, nazionale e internazionale e nel progetto \u201cCapitali Europee della Cultura\u201d.<\/p>\n\n\n\n<p>Si comincia con un punto sulle politiche europee e nazionali sulla cultura per poi concentrarsi su quelle regionali e sulle strategie per i prossimi anni.<\/p>\n\n\n\n<p>A seguire, focus sui dieci anni da Capitale Europea della Cultura 2014-2024 (Fondazione Matera Basilicata 2019), sugli effetti della Capitale sul turismo e sull\u2019industria cinematografica lucana (Agenzia di Promozione Territoriale della Basilicata e Lucana Film Commission) e, in chiusura di sessione, una ricostruzione del percorso da Patrimonio Unesco alla ZES Cultura passando per la Capitale Europea della Cultura.&nbsp;<br>Grande attenzione sar\u00e0 altres\u00ec dedicata agli impatti economici e sociali della cultura e creativit\u00e0, grazie al keynote speech del Prof. Pierluigi Sacco, e al posizionamento dell\u2019industria culturale e creativa lucana sul mercato internazionale (Project leader di Matera 2019 e Cluster Basilicata Creativa).<\/p>\n\n\n\n<p>Infine, spazio al tema dell\u2019onda lunga della Capitale europea della cultura, con le esperienze di Potenza Citt\u00e0 italiana dei giovani 2024, Aliano Citt\u00e0 candidata a Capitale italiana della cultura 2027, Associazione Volontari Open Culture 2019 ed ECoCNews, la piattaforma di approfondimento dedicata alle Capitali europee della cultura.<\/p>\n\n\n\n<p>La partecipazione agli incontri \u00e8 gratuita, previa registrazione sia sulla piattaforma Eventbrite che in loco (il giorno della manifestazione), fino ad esaurimento dei posti disponibili.<\/p>\n\n\n\n<p>Link diretto per la registrazione:&nbsp;<a href=\"https:\/\/customer42670.musvc1.net\/e\/tr?q=4%3dIRLXO%26B%3dG%26E%3dHVJ%26F%3dFYKUJ%26K%3dxK9F9_Ifsf_TP_Hgte_RV_Ifsf_SUMCN.tLuE928095.yK_7qiq_Gfu_Ifsf_SU2y819uK99-Ga-pD40-s9-s2590215-GaHSJYLULYFSM_Ifsf_TU1v7_7qiq_Hdu3sI93s59K85qIr8_8rhp_HWpC6_Ifsf_TQ_72_Ifsf_TSQ_8rhp_HbFKJUI60_Ifsf_SP_K6_Ifsf_SPmg.._Ifsf_SP_7q_Ifsf_SPmjzCoTfBoTnCmyUCnFjImFBDmzbF_Hgte_RQ_8p_tgwTsKwKsX_Ifs2p1qf_SPmj4DoTnJmzjBnSUClzb0mj4DoTnJmzjBnSUBlzb0mQ%265%3d2K9MrQ.469%2699%3dSMZPW%269I%3dHaGTGaOXGTHXKV%26w%3dXN5rUt3L2KXr2OZLXu3HXqRL5qTIWLXFXGZH3N5t6MZN3J3M4IXMUtWpZqXOVHWO&amp;mupckp=mupAtu4m8OiX0wt\" target=\"_blank\" rel=\"noreferrer noopener\">https:\/\/www.eventbrite.it\/e\/biglietti-10-anni-di-capitale-1033487568137?aff=ebdssbdestsearch&amp;_gl=1*1u444ft*_up*MQ..*_ga*MTYxODEwODMxMi4xNzI4MzkyMjA1*_ga_TQVES5V6SH*MTcyODM5MjIwNC4xLjAuMTcyODM5MjIwNC4wLjAuMA<\/a>.<\/p>\n","protected":false},"excerpt":{"rendered":"<p>Il 17 ottobre del 2014 la citt\u00e0 di Matera veniva proclamata Capitale Europea della Cultura per il 2019. Un annuncio accolto con una grande esplosione di gioia in una gremita piazza San Giovanni, in collegamento con la sede del Ministero della Cultura dove era riunita la Giuria di valutazione insieme ai rappresentanti delle sei citt\u00e0&#8230;<\/p>\n","protected":false},"author":4,"featured_media":3642,"comment_status":"open","ping_status":"open","sticky":false,"template":"","format":"standard","meta":{"footnotes":""},"categories":[2],"tags":[442,8],"class_list":["post-3641","post","type-post","status-publish","format-standard","has-post-thumbnail","hentry","category-magazine","tag-capitale-europea-della-cultura","tag-matera"],"_links":{"self":[{"href":"https:\/\/www.virtual-press.com\/newsroom\/wp-json\/wp\/v2\/posts\/3641","targetHints":{"allow":["GET"]}}],"collection":[{"href":"https:\/\/www.virtual-press.com\/newsroom\/wp-json\/wp\/v2\/posts"}],"about":[{"href":"https:\/\/www.virtual-press.com\/newsroom\/wp-json\/wp\/v2\/types\/post"}],"author":[{"embeddable":true,"href":"https:\/\/www.virtual-press.com\/newsroom\/wp-json\/wp\/v2\/users\/4"}],"replies":[{"embeddable":true,"href":"https:\/\/www.virtual-press.com\/newsroom\/wp-json\/wp\/v2\/comments?post=3641"}],"version-history":[{"count":1,"href":"https:\/\/www.virtual-press.com\/newsroom\/wp-json\/wp\/v2\/posts\/3641\/revisions"}],"predecessor-version":[{"id":3643,"href":"https:\/\/www.virtual-press.com\/newsroom\/wp-json\/wp\/v2\/posts\/3641\/revisions\/3643"}],"wp:featuredmedia":[{"embeddable":true,"href":"https:\/\/www.virtual-press.com\/newsroom\/wp-json\/wp\/v2\/media\/3642"}],"wp:attachment":[{"href":"https:\/\/www.virtual-press.com\/newsroom\/wp-json\/wp\/v2\/media?parent=3641"}],"wp:term":[{"taxonomy":"category","embeddable":true,"href":"https:\/\/www.virtual-press.com\/newsroom\/wp-json\/wp\/v2\/categories?post=3641"},{"taxonomy":"post_tag","embeddable":true,"href":"https:\/\/www.virtual-press.com\/newsroom\/wp-json\/wp\/v2\/tags?post=3641"}],"curies":[{"name":"wp","href":"https:\/\/api.w.org\/{rel}","templated":true}]}}