{"id":3644,"date":"2024-10-21T00:01:00","date_gmt":"2024-10-20T22:01:00","guid":{"rendered":"https:\/\/www.virtual-press.com\/newsroom\/?p=3644"},"modified":"2024-10-19T17:52:06","modified_gmt":"2024-10-19T15:52:06","slug":"nuove-corone-per-la-sacra-effigie-della-protettrice-di-matera-un-dono-prezioso-alla-madonna-della-bruna-per-dimostrare-la-venerazione-dei-fedeli","status":"publish","type":"post","link":"https:\/\/www.virtual-press.com\/newsroom\/nuove-corone-per-la-sacra-effigie-della-protettrice-di-matera-un-dono-prezioso-alla-madonna-della-bruna-per-dimostrare-la-venerazione-dei-fedeli\/","title":{"rendered":"Nuove corone per la sacra effigie della Protettrice di Matera: un dono prezioso alla Madonna della Bruna per dimostrare la venerazione dei fedeli"},"content":{"rendered":"\n<figure class=\"wp-block-gallery has-nested-images columns-default is-cropped wp-block-gallery-1 is-layout-flex wp-block-gallery-is-layout-flex\">\n<figure class=\"wp-block-image size-large\"><img loading=\"lazy\" decoding=\"async\" width=\"1024\" height=\"576\" data-id=\"3645\" src=\"https:\/\/www.virtual-press.com\/newsroom\/wp-content\/uploads\/2024\/10\/Iacovone-1024x576.jpg\" alt=\"\" class=\"wp-image-3645\" srcset=\"https:\/\/www.virtual-press.com\/newsroom\/wp-content\/uploads\/2024\/10\/Iacovone-1024x576.jpg 1024w, https:\/\/www.virtual-press.com\/newsroom\/wp-content\/uploads\/2024\/10\/Iacovone-300x169.jpg 300w, https:\/\/www.virtual-press.com\/newsroom\/wp-content\/uploads\/2024\/10\/Iacovone-768x432.jpg 768w, https:\/\/www.virtual-press.com\/newsroom\/wp-content\/uploads\/2024\/10\/Iacovone-1536x864.jpg 1536w, https:\/\/www.virtual-press.com\/newsroom\/wp-content\/uploads\/2024\/10\/Iacovone-850x478.jpg 850w, https:\/\/www.virtual-press.com\/newsroom\/wp-content\/uploads\/2024\/10\/Iacovone.jpg 1600w\" sizes=\"auto, (max-width: 1024px) 100vw, 1024px\" \/><\/figure>\n\n\n\n<figure class=\"wp-block-image size-large\"><img loading=\"lazy\" decoding=\"async\" width=\"1024\" height=\"768\" data-id=\"3646\" src=\"https:\/\/www.virtual-press.com\/newsroom\/wp-content\/uploads\/2024\/10\/WhatsApp-Image-2024-10-18-at-21.34.45-1024x768.jpeg\" alt=\"\" class=\"wp-image-3646\" srcset=\"https:\/\/www.virtual-press.com\/newsroom\/wp-content\/uploads\/2024\/10\/WhatsApp-Image-2024-10-18-at-21.34.45-1024x768.jpeg 1024w, https:\/\/www.virtual-press.com\/newsroom\/wp-content\/uploads\/2024\/10\/WhatsApp-Image-2024-10-18-at-21.34.45-300x225.jpeg 300w, https:\/\/www.virtual-press.com\/newsroom\/wp-content\/uploads\/2024\/10\/WhatsApp-Image-2024-10-18-at-21.34.45-768x576.jpeg 768w, https:\/\/www.virtual-press.com\/newsroom\/wp-content\/uploads\/2024\/10\/WhatsApp-Image-2024-10-18-at-21.34.45-1536x1152.jpeg 1536w, https:\/\/www.virtual-press.com\/newsroom\/wp-content\/uploads\/2024\/10\/WhatsApp-Image-2024-10-18-at-21.34.45-850x638.jpeg 850w, https:\/\/www.virtual-press.com\/newsroom\/wp-content\/uploads\/2024\/10\/WhatsApp-Image-2024-10-18-at-21.34.45.jpeg 2048w\" sizes=\"auto, (max-width: 1024px) 100vw, 1024px\" \/><\/figure>\n<\/figure>\n\n\n\n<p><\/p>\n\n\n\n<p>\u201cLa loro preziosit\u00e0 \u00e8 data dalla comunit\u00e0 dal popolo dei devoti che vogliono amare anche attraverso questo gesto questa mamma.\u201d Lo ha affermato venerd\u00ec sera a Matera nella Basilica Cattedrale,\u00a0<strong>Don Francesco Di Marzio<\/strong>, delegato arcivescovile, alla presenza di\u00a0<strong>S. E. Mons. Antonio Giuseppe Caiazzo<\/strong>, Arcivescovo di Matera-Irsina e Vescovo di Tricarico presentando il progetto per la realizzazione delle Nuove Corone per la Sacra Effigie della nostra Protettrice.<\/p>\n\n\n\n<p>\u201cL\u2019idea di realizzarle nasce dal voler omaggiare la nostra mamma con un dono prezioso e per dimostrare la venerazione del popolo dei fedeli di Matera e dell\u2019intera Arcidiocesi. Vogliono sottolineare di essere figli che amano una mamma dolcissima. Se dovessimo chiedere alla Madonna della Bruna se vuole questi doni, come ogni mamma direbbe di no, sa che i suoi figli hanno altri bisogni e altre necessit\u00e0. Decidendo di farle questi doni, non \u00e8 perch\u00e9 siamo disobbedienti ma perch\u00e9 l\u2019amiamo e vogliamo donarle un segno prezioso sia per il metallo che verr\u00e0 utilizzato sia perch\u00e9 espressione della devozione popolare. Ognuno di noi, con la propria goccia \u2013 economica o sotto forma di monile offerto per essere fuso \u2013 testimonier\u00e0 il proprio essere figli che amano il Vangelo della pace, della salvezza e della gioia. Sono due segni, insomma, che vanno al di l\u00e0 della preziosit\u00e0 materiale\u201d.<\/p>\n\n\n\n<p>La fase progettuale \u00e8 stata avviata da un orafo materano,&nbsp;<strong>Francesco Iacovone<\/strong>, da quarant\u2019anni a Vicenza dove \u00e8 titolare di un\u2019azienda orafa: \u201cCon questa iniziativa desideriamo ricordare la figura di nostro padre Giovanni, fortemente legato alla festa della Bruna non soltanto per essere stato per molti anni cavaliere prima e poi vessillifero della Cavalcata, ma anche perch\u00e9 \u00e8 stato il creatore di corazze e di elmi metallici che completano l\u2019abbigliamento dei Cavalieri della Bruna. Con la collaborazione del designer Alberto Ruperti di Bassano del Grappa, abbiamo inoltre progettato e realizzato anche una riproduzione in scala delle due tipologie di elmi caratteristici della sfilata della festa: quello del cavaliere e quello del generale\u201d.<\/p>\n\n\n\n<p>Una curiosit\u00e0: il figlio di Francesco, Giovanni, gioca a calcio in Veneto ed \u00e8 stato riconosciuto come fra i migliori portieri della la provincia. Il titolo che riportava il Giornale di Vicenza era \u201cIacovone, Matera nel cuore e un cavaliere portafortuna\u201d in quanto gli era stata regalata una maglietta con l\u2019immagine di un cavaliere.<\/p>\n\n\n\n<p>I rilievi preliminari e l\u2019analisi tecnica sono stati curati da&nbsp;<strong>Rocco Festa di Erreffe Progetti Srl<\/strong>.<\/p>\n\n\n\n<p>\u201cQuella dell\u2019incoronazione \u00e8 una tradizione che risale all\u2019antichit\u00e0. \u2013 precisa&nbsp;<strong>Franco Moliterni,<\/strong>&nbsp;responsabile del settore Cultura dell\u2019Associazione Maria SS. della Bruna e curatore della brochure&nbsp;<em>In onore di Maria SS. della Bruna e a devozione del popolo<\/em>&nbsp;a supporto del progetto \u2013 Infatti molte Madonne, anche in epoca medievale, sono incoronate, una caratteristica regolamentato dopo il 1636 a seguito del lascito di Alessandro Sforza. Con il suo testamento dispose una cospicua rendita a favore del Capitolo Vaticano per poter incoronare le immagini mariane note per antichit\u00e0 e miracolosit\u00e0. Proprio da questo fondo ci furono i proventi con cui il Capitolo Vaticano assegn\u00f2 alla nostra Madonna della Bruna il grande privilegio di essere incornata, nel 1843, con una corona d\u2019oro. Nel testamento era disposto che la corona non poteva essere tolta dall\u2019immagine: nella sua bont\u00e0, il conte Sforza pensava che nessuno avrebbe mai potuto sottrarre un oggetto cos\u00ec sacro dal capo della Madonna. Cosa che invece accadde a Matera nel novembre 1964. L\u2019anno successivo il canonico don Giacinto Paolicelli promosse una raccolta fondi e fu incoronata nuovamente la Madonna della Bruna che viene intronizzata in cattedrale.<\/p>\n\n\n\n<p>Le corone che noi vorremmo fosse fossero create di nuovo riguardano la statua della Madonna della Bruna portata in processione sul carro: le sue corone furono trafugate a loro volta nel 1983 e, da allora, porta corone non sue, non sappiamo a quali statue appartengono\u201d.<\/p>\n\n\n\n<p>Nell\u2019opuscolo curato da Moliterni sono narrati l\u2019aspetto liturgico e le vicende storiche con interventi del presidente dell\u2019Associazione Maria SS. della Bruna&nbsp;<strong>Bruno Caiella, don Francesco Di Marzio, don Angelo Gallitelli, Marco Pelosi, Rocco Festa, Francesco e Giuseppe Iacovone.<\/strong><\/p>\n\n\n\n<p>L\u2019iniziativa pu\u00f2 essere sostenuta secondo le seguenti modalit\u00e0: donazione, raccolta di monili e preziosi e raccolta fondi. Ogni offerente verr\u00e0 iscritto\/a nell\u2019albo dei donatori.<\/p>\n\n\n\n<p class=\"has-text-align-right\"><strong>Rossella Montemurro<\/strong><\/p>\n\n\n\n<p class=\"has-text-align-right\"><strong>Foto Michelangelo Tarasco<\/strong><\/p>\n\n\n\n<figure class=\"wp-block-gallery has-nested-images columns-default is-cropped wp-block-gallery-2 is-layout-flex wp-block-gallery-is-layout-flex\">\n<figure class=\"wp-block-image size-large\"><img loading=\"lazy\" decoding=\"async\" width=\"1024\" height=\"650\" data-id=\"3648\" src=\"https:\/\/www.virtual-press.com\/newsroom\/wp-content\/uploads\/2024\/10\/20241019_094925-1024x650.jpg\" alt=\"\" class=\"wp-image-3648\" srcset=\"https:\/\/www.virtual-press.com\/newsroom\/wp-content\/uploads\/2024\/10\/20241019_094925-1024x650.jpg 1024w, https:\/\/www.virtual-press.com\/newsroom\/wp-content\/uploads\/2024\/10\/20241019_094925-300x190.jpg 300w, https:\/\/www.virtual-press.com\/newsroom\/wp-content\/uploads\/2024\/10\/20241019_094925-768x488.jpg 768w, https:\/\/www.virtual-press.com\/newsroom\/wp-content\/uploads\/2024\/10\/20241019_094925-1536x975.jpg 1536w, https:\/\/www.virtual-press.com\/newsroom\/wp-content\/uploads\/2024\/10\/20241019_094925-2048x1300.jpg 2048w, https:\/\/www.virtual-press.com\/newsroom\/wp-content\/uploads\/2024\/10\/20241019_094925-850x540.jpg 850w\" sizes=\"auto, (max-width: 1024px) 100vw, 1024px\" \/><\/figure>\n<\/figure>\n","protected":false},"excerpt":{"rendered":"<p>\u201cLa loro preziosit\u00e0 \u00e8 data dalla comunit\u00e0 dal popolo dei devoti che vogliono amare anche attraverso questo gesto questa mamma.\u201d Lo ha affermato venerd\u00ec sera a Matera nella Basilica Cattedrale,\u00a0Don Francesco Di Marzio, delegato arcivescovile, alla presenza di\u00a0S. E. Mons. Antonio Giuseppe Caiazzo, Arcivescovo di Matera-Irsina e Vescovo di Tricarico presentando il progetto per la&#8230;<\/p>\n","protected":false},"author":4,"featured_media":3647,"comment_status":"open","ping_status":"open","sticky":false,"template":"","format":"standard","meta":{"footnotes":""},"categories":[2],"tags":[1179,1701,8],"class_list":["post-3644","post","type-post","status-publish","format-standard","has-post-thumbnail","hentry","category-magazine","tag-associazione-maria-ss-della-bruna-2","tag-corone","tag-matera"],"_links":{"self":[{"href":"https:\/\/www.virtual-press.com\/newsroom\/wp-json\/wp\/v2\/posts\/3644","targetHints":{"allow":["GET"]}}],"collection":[{"href":"https:\/\/www.virtual-press.com\/newsroom\/wp-json\/wp\/v2\/posts"}],"about":[{"href":"https:\/\/www.virtual-press.com\/newsroom\/wp-json\/wp\/v2\/types\/post"}],"author":[{"embeddable":true,"href":"https:\/\/www.virtual-press.com\/newsroom\/wp-json\/wp\/v2\/users\/4"}],"replies":[{"embeddable":true,"href":"https:\/\/www.virtual-press.com\/newsroom\/wp-json\/wp\/v2\/comments?post=3644"}],"version-history":[{"count":3,"href":"https:\/\/www.virtual-press.com\/newsroom\/wp-json\/wp\/v2\/posts\/3644\/revisions"}],"predecessor-version":[{"id":3652,"href":"https:\/\/www.virtual-press.com\/newsroom\/wp-json\/wp\/v2\/posts\/3644\/revisions\/3652"}],"wp:featuredmedia":[{"embeddable":true,"href":"https:\/\/www.virtual-press.com\/newsroom\/wp-json\/wp\/v2\/media\/3647"}],"wp:attachment":[{"href":"https:\/\/www.virtual-press.com\/newsroom\/wp-json\/wp\/v2\/media?parent=3644"}],"wp:term":[{"taxonomy":"category","embeddable":true,"href":"https:\/\/www.virtual-press.com\/newsroom\/wp-json\/wp\/v2\/categories?post=3644"},{"taxonomy":"post_tag","embeddable":true,"href":"https:\/\/www.virtual-press.com\/newsroom\/wp-json\/wp\/v2\/tags?post=3644"}],"curies":[{"name":"wp","href":"https:\/\/api.w.org\/{rel}","templated":true}]}}