{"id":3658,"date":"2024-10-28T00:15:00","date_gmt":"2024-10-27T23:15:00","guid":{"rendered":"https:\/\/www.virtual-press.com\/newsroom\/?p=3658"},"modified":"2024-10-23T15:17:33","modified_gmt":"2024-10-23T13:17:33","slug":"il-matera-film-festival-compie-5-anni-unedizione-doro-e-quella-che-si-prospetta-dal-3-al-10-novembre-nella-citta-dei-sassi-atom-egoyan-tra-i-massimi-esponenti-del-cinema-canadese","status":"publish","type":"post","link":"https:\/\/www.virtual-press.com\/newsroom\/il-matera-film-festival-compie-5-anni-unedizione-doro-e-quella-che-si-prospetta-dal-3-al-10-novembre-nella-citta-dei-sassi-atom-egoyan-tra-i-massimi-esponenti-del-cinema-canadese\/","title":{"rendered":"Il Matera Film Festival compie 5 anni: un\u2019edizione d\u2019oro \u00e8 quella che si prospetta dal 3 al 10 novembre nella Citt\u00e0 dei Sassi. Atom Egoyan, tra i massimi esponenti del cinema canadese, ospite d\u2019onore"},"content":{"rendered":"\n<figure class=\"wp-block-embed is-type-video is-provider-youtube wp-block-embed-youtube wp-embed-aspect-16-9 wp-has-aspect-ratio\"><div class=\"wp-block-embed__wrapper\">\n<iframe loading=\"lazy\" title=\"Trailer Ufficiale  &quot;The Golden Age&quot; - Matera Film Festival 2024\" width=\"640\" height=\"360\" src=\"https:\/\/www.youtube.com\/embed\/uLqfDXhXSgc?feature=oembed\" frameborder=\"0\" allow=\"accelerometer; autoplay; clipboard-write; encrypted-media; gyroscope; picture-in-picture; web-share\" referrerpolicy=\"strict-origin-when-cross-origin\" allowfullscreen><\/iframe>\n<\/div><\/figure>\n\n\n\n<p><strong>Il Matera Film Festival<\/strong>&nbsp;si terr\u00e0 dal&nbsp;<strong>3 al 10 Novembre 2024<\/strong>&nbsp;nella \u201cCitt\u00e0 dei Sassi\u201d.<\/p>\n\n\n\n<p>Anche quest\u2019anno, l\u2019obiettivo \u00e8 quello di consolidare un Festival che si muova nella direzione dell\u2019innovazione, dei nuovi linguaggi, della transmedialit\u00e0.<br>Per farlo, \u00e8 stata fondamentale la scelta di partner e ospiti di rilievo sul piano nazionale ed internazionale.<br>Tra i tanti, spicca&nbsp;<strong>Atom Egoyan<\/strong>, regista, sceneggiatore e produttore, tra i massimi esponenti del cinema canadese, Presidente di giuria lungometraggi, che per l\u2019occasione presenter\u00e0 durante una masterclass il suo ultimo lavoro in anteprima nazionale \u201c<em>Seven Veils<\/em>\u201d e sar\u00e0 dedicata a lui una retrospettiva.&nbsp;<strong>Arsine\u00e9 Khanjian<\/strong>, attrice nota a livello internazionale, sar\u00e0 la Presidente di giuria documentari.<\/p>\n\n\n\n<p>Il&nbsp;<strong>comitato di selezione<\/strong>&nbsp;del Matera Film Festival 2024, composto da Adelaide De Fino, Bianca Fenizia, Manuela Gieri, Giuseppe Mattia e Maria Vittoria Pellecchia (head programmer) si \u00e8 occupato delle tre linee di concorso,&nbsp;<strong>lungometraggi<\/strong>,&nbsp;<strong>documentari<\/strong>&nbsp;e&nbsp;<strong>cortometraggi<\/strong>. Saranno presenti come autori Giorgio Cugno per&nbsp;<em>Alien Food<\/em>, Pavo Marinkovi\u0107 per&nbsp;<em>Bosnian Pot<\/em>&nbsp;e Rodrigo Areias per<em>&nbsp;A Pedra Sonha Dar Flor<\/em>. Per i&nbsp; documentari, dopo il debutto alla 19esima Festa del Cinema di Roma, Isabella Mari presenter\u00e0&nbsp;<em>Si Dice di Me<\/em>. Per&nbsp;<em>The Performance<\/em>, incontrer\u00e0 il pubblico regista Alfredo Chiarappa. Tra i corti si segnalano:&nbsp;<em>Amarela&nbsp;<\/em>di Andr\u00e9 Hayato Saito,&nbsp;<em>Studies for a Close Up<\/em>,&nbsp;<em>Sea Salt&nbsp;<\/em>di Nicol\u00f2 Bressan Degli Antoni,&nbsp;<em>La Doppia Vita di Kore&nbsp;<\/em>di Maria Antonietta Mariani e&nbsp;<em>Reem Al Shammary \u2013 The Bedouin Boxer&nbsp;<\/em>di Mattia Ramberti. Infine, per l\u2019attenzione che ogni anno il festival rivolge alle opere di animazione,&nbsp;<em>Dagon<\/em>&nbsp;di Paolo Gaudio ,&nbsp;<em>Wan<\/em>&nbsp;di Victor Monigote e Balam di Mar\u00eda Jos\u00e9 Loredo.<\/p>\n\n\n\n<p>Novit\u00e0 di quest\u2019anno \u00e8 la&nbsp;<strong>Fall School<\/strong>&nbsp;dal titolo&nbsp;<strong>\u201cRicerca Artistica e Pratiche Audiovisuali\u201d<\/strong>&nbsp;&nbsp;dell\u2019Accademia di Belle Arti di Napoli, in partenariato con l\u2019 Accademia di Belle Arti di Catania e di Torino, realizzata all\u2019interno del Matera Film Festival. Gli incontri si terranno dal 7 al 10 Novembre e prevedono l\u2019alternanza di tavole rotonde, proiezioni e incontri che coinvolgeranno gli studenti delle Accademie coinvolte. Particolare attenzione sar\u00e0 dedicata all\u2019approccio filmico e artistico dei magister&nbsp;<strong>Atom Egoyan<\/strong>,&nbsp;<strong>Peter Greenaway<\/strong>&nbsp;e&nbsp;<strong>Saskia Boddeke<\/strong>, che terranno seminari e masterclass.<\/p>\n\n\n\n<p>Ampio spazio sar\u00e0 dedicato alle serie tv con la sezione \u201cFuori Serie\u201d, sviluppata in collaborazione con&nbsp;<strong>Rai Fiction<\/strong>, che celebrer\u00e0 i 28 anni di&nbsp;<strong><em>Un posto al sole<\/em><\/strong>&nbsp;e presenter\u00e0 in anteprima la prima serata della nuova stagione di&nbsp;<strong><em>Vincenzo Malinconico \u2013 Avvocato d\u2019insuccesso.<\/em><\/strong>&nbsp;In sala, presente anche il cast.<\/p>\n\n\n\n<p>Presente anche un focus su&nbsp;<strong><em>The Bad Guy \u2013 Seconda Stagione<\/em><\/strong>con i registi Giuseppe G. Stasi e Giancarlo Fontana che presenteranno i primi due episodi dell\u2019attesissimo nuovo capitolo dell\u2019acclamata serie che arriver\u00e0 su Prime Video dal 5 dicembre, interpretata da un cast d\u2019eccezione composto da Luigi Lo Cascio, Claudia Pandolfi, Stefano Accorsi, Selene Caramazza, Giulia Maenza, Antonio Catania, Fabrizio Ferracane, Carolina Crescentini, Aldo Baglio tra gli altri.<\/p>\n\n\n\n<p>Confermata anche la sezione \u201cEroi per casa\u201d, che diventa sempre pi\u00f9 una certezza del Festival, quest\u2019anno arricchita da due partnership fondamentali.<br>La prima \u00e8 quella pluriennale con&nbsp;<strong>Lucca Comics&amp;Games,&nbsp;<\/strong>grazie alla quale Matera accoglier\u00e0&nbsp;<strong>Henk Rogers,&nbsp;<\/strong>co-fondatore della Tetris Company, che terr\u00e0 una masterclass, in cui racconter\u00e0 la storia del celebre Tetris, videogioco che quest\u2019anno compie ben quarant\u2019anni e sar\u00e0 proiettato il film Tetris.<br>La seconda \u00e8 quella con&nbsp;<strong>MondoTV<\/strong>, studio di animazione che permetter\u00e0 la creazione di due importanti momenti dedicati ai pi\u00f9 piccoli: l\u2019incontro con&nbsp;<em>Gris\u00f9<\/em>, cui seguir\u00e0 la manifestazione&nbsp;<strong>Pompieropoli<\/strong>, organizzata in collaborazione con il Comando dei Vigili del Fuoco di Matera e l\u2019Associazione Nazionale dei Vigili del Fuoco, e quello con i&nbsp;<em>MeteoHeroes<\/em>, seguito dall\u2019incontro sulla sostenibilit\u00e0 ambientale tenuto dal meteorologo e climatologo&nbsp;&nbsp;<strong>Andrea Giuliacci<\/strong>. Sempre con Mondo TV, sar\u00e0 inoltre realizzato un panel dedicato al racconto dell\u2019importazione in Italia degli anime giapponesi dal titolo \u201cDa Yattaman a Goldrake \u2013 Il Caso Corradi e Doro TV: La Rivoluzione degli Anime Giapponesi in Italia\u201d.<\/p>\n\n\n\n<p>Confermata anche la sezione \u201cFocus Italia\u201d, arricchita dalla partecipazione numerosi registi (Edoardo De Angelis, Francesco Costabile, Ciro De Caro), attori e istituzioni la&nbsp;<strong>FICE (Federazione Italiana Cinema d\u2019Essai)<\/strong>&nbsp;e film (Familia, Taxi Monamour) che prenderanno parte a masterclass e panel sul cinema italiano a cui il pubblico potr\u00e0 partecipare e una tavola rotonda sul cinema italiano con le principali istituzioni del cinema italiano.<\/p>\n\n\n\n<p>Seguono le sezioni \u201cCitt\u00e0 invisibili o condivisibili\u201d, \u201cQui e ora\u201d, che prevede le masterclass con i grandi autori internazionali e \u201cMatera edu\u201d (arricchita dalla collaborazione con il&nbsp;<strong>BookTrailer Film Festival<\/strong>) con la partecipazione di otto istituti superiori di tutto il sud italia e \u201cMatera for the World\u201d (con il rinnovato gemellaggio con il&nbsp;<strong>Montreal<\/strong>&nbsp;<strong>First Peoples\u2019 Festival).<\/strong><\/p>\n\n\n\n<p>La&nbsp;<strong>Lucana Film Commission<\/strong>&nbsp;parteciper\u00e0 al Matera Film Festival con un evento dedicato al gaming, in collaborazione con IIDEA e Stormind Games, esplorando l\u2019integrazione tra cinema e videogiochi attraverso un\u2019esperienza immersiva tra reale e virtuale.<\/p>\n\n\n\n<p>Continua la collaborazione con il Gli<strong>&nbsp;Amici del Borgo La Martella<\/strong>, con cui, durante l\u2019estate 2024, \u00e8 stata realizzata la prima edizione di CineMusic presso l\u2019Arena Estiva del Teatro Quaroni e Piazza della Concordia a Ecopolis.&nbsp;<\/p>\n\n\n\n<p>Altra importante collaborazione che si rinnova \u00e8 quella con i&nbsp;<strong>Volontari Open Culture 2019<\/strong>.<\/p>\n\n\n\n<p>Per la prima volta, il Matera Film Festival propone un<strong>&nbsp;Extra Festival<\/strong>&nbsp;dedicato a performance artistiche e musicali, a cura di&nbsp;<strong>Killer Bob<\/strong>, con il coinvolgimento di talenti locali. Inoltre, il bookshop sar\u00e0 curato dal&nbsp;<strong>TAM \u2013 Tower Art Museum<\/strong>, partner culturale.<\/p>\n\n\n\n<p><strong>I NUMERI DEL FESTIVAL<\/strong><\/p>\n\n\n\n<p>Sono 4 le location allestite, 8 giorni di cartellone, 50 eventi programmati, 5 masterclass, 5 anteprime nazionali, pi\u00f9 di 50 ore di proiezioni, 46 talk. Circa 200 gli ospiti presenti, 9 istituti scolastici da fuori regione, pi\u00f9 di 700 notti prenotate e circa 1600 pasti, decine le strutture ricettive e i ristoranti coinvolti.<br>Tutte le proiezioni si terranno nel CineTeatro Guerrieri di Matera, mentre i luoghi coinvolti per i panel e le masterclass sono il CineTeatro Guerrieri e le sedi di Matera dell\u2019APT Basilicata, il CTE Casa delle Tecnologie Emergenti, il CineTeatro Bellocchio di Ferrandina e l\u2019Info Point Matera Film Festival.<br><br><strong>IL SIMBOLO E IL MANIFESTO<\/strong><\/p>\n\n\n\n<p><strong>ll simbolo<\/strong>&nbsp;del festival \u00e8 la balena&nbsp;<strong>\u2018Giuliana\u2019<\/strong>, il pi\u00f9 grande cetaceo del Pleistocene mai scoperto, rinvenuto nel 2006 sulle sponde del Lago di San Giuliano, da cui prende &nbsp;il nome.<\/p>\n\n\n\n<p><br><strong>Il manifesto&nbsp;<\/strong>del Matera Film Festival 2024, ad opera del direttore creativo e visual artist&nbsp;<strong>Silvio Giordano<\/strong>, celebra lo splendore delle ossa dorate della nostra Balena Giuliana, a voler celebrare un lustro di vita.<\/p>\n\n\n\n<p>Questo antico scheletro del Pleistocene, simbolo di inesauribile fantasia, ci ispira nella missione di scoprire e presentare nuovi film e opere audiovisive, che risplenderanno come pepite d\u2019oro.<\/p>\n\n\n\n<p><br><strong>OSPITE D\u2019ONORE: ATOM EGOYAN<\/strong><\/p>\n\n\n\n<p>Regista, sceneggiatore e produttore cinematografico, \u00e8 considerato tra gli autori pi\u00f9 rappresentativi del cinema canadese.<br>In occasione della quinta edizione del Matera Film Festival, Atom Egoyan terr\u00e0 una&nbsp;<strong>masterclass&nbsp;<\/strong>il giorno&nbsp;<strong>8 Novembre alle ore 21:00<\/strong>, al seguito della quale presenter\u00e0 in&nbsp;<strong>anteprima nazionale<\/strong>&nbsp;il film&nbsp;<em>Seven Veils<\/em>. A lui sar\u00e0 dedicata la retrospettiva del Festival con i seguenti titoli:&nbsp;<strong><em>Il viaggio di Felicia&nbsp;<\/em><\/strong>(il 3 Novembre alle ore 18:00, presso il CineTeatro Guerrieri di Matera),&nbsp;<strong><em>Exotica<\/em><\/strong>(il 5 Novembre alle ore 20:00, presso il CineTeatro Bellocchio di Ferrandina, con successivo incontro del regista con il pubblico) e&nbsp;<strong><em>Remember<\/em><\/strong>&nbsp;(il 10 Novembre alle ore 12:00, presso il CineTeatro Guerrieri di Matera)<\/p>\n\n\n\n<p><strong>CONCORSO<\/strong><\/p>\n\n\n\n<p>Per l\u2019edizione 2024 sono pervenute sulla piattaforma del festival circa&nbsp;<strong>500 iscrizioni suddivise nelle tre sezioni concorsuali, per un totale di 26 opere selezionate (15 cortometraggi, 5 lungometraggi e 6 documentari)&nbsp;<\/strong>che verranno valutate dalla giuria tecnica e dalla giuria del pubblico. I titoli provengono da ogni parte del mondo, facendo dell\u2019internazionalit\u00e0 una cifra stilistica e preponderante della selezione. Un\u2019attenzione particolare \u00e8 stata riservata alle cinematografie emergen0.ti e alle produzioni indipendenti, nonch\u00e9 a opere prime e seconde. Tra i Paesi presenti ci sono: Georgia, Iran, Svizzera, Russia, Spagna, Libano, Repubblica Ceca, solo per citarne alcuni. Tra i temi&nbsp;<strong>trattati dalle opere in concorso,&nbsp;<\/strong>emergono tra i tanti:&nbsp;<strong>l\u2019equilibrio tra realismo e magia (<em>La doppia vita di Kore)<\/em>, i limiti della percezione umana (<em>Dentro la luce&nbsp;<\/em>e&nbsp;<em>Studies for a Close Up<\/em>), la mobilitazione dell\u2019uomo finalizzato allo sviluppo del lavoro e del territorio (<em>Uomini in marcia)<\/em>, i diritti umani e la libert\u00e0 di pensiero (<em>Sebasti\u00e0n Moro \u2013 the walker)<\/em>, l\u2019inseguimento della gloria (<em>The performer),&nbsp;<\/em>il confronto dell\u2019uomo con i propri demoni interiori&nbsp;<em>(Alien food).<\/em><\/strong>&nbsp;Nella serata di premiazione saranno assegnati, per ciascuna sezione concorsuale, i premi per il Miglior Film e per la Miglior Interpretazione. La direzione artistica attribuir\u00e0 inoltre le menzioni speciali, mentre il Comune di Matera assegner\u00e0 il premio \u201cCitt\u00e0&nbsp;di&nbsp;Matera\u201d.<\/p>\n\n\n\n<p><br><strong>GIURIE<\/strong><\/p>\n\n\n\n<p>Anche in questa edizione del&nbsp;<strong>Matera Film Festival<\/strong>, a giudicare le opere in concorso, sono figure di grande autorevolezza.<br>La giuria della sezione<strong>&nbsp;Futures&nbsp;<\/strong>\u00e8 composta da:&nbsp;<strong>Atom Egoyan<\/strong>&nbsp;(Presidente di giuria),&nbsp;<strong>Benedetta Caponi&nbsp;<\/strong>e&nbsp;<strong>Andrea Bellavita.<br><\/strong>Per quanto riguarda i&nbsp;<strong>Documentari<\/strong>&nbsp;i giurati sono&nbsp;<strong>Arsin\u00e9e Khanjian&nbsp;<\/strong>(Presidente di giuria),&nbsp;<strong>Maurizio Di Rienzo&nbsp;<\/strong>e&nbsp;<strong>Andrea Di Consoli.<br><\/strong>Infine la sezione&nbsp;<strong>SHORT&nbsp;<\/strong>\u00e8 stata affidata al giudizio di&nbsp;<strong>Donatella Finocchiaro&nbsp;<\/strong>(Presidente di giuria)<strong>, Gabriella Genisi&nbsp;<\/strong>e&nbsp;<strong>Antonio Andrisani.<\/strong><\/p>\n\n\n\n<p><strong>PROGRAMMA<\/strong><\/p>\n\n\n\n<p><strong>Domenica 3 Novembre&nbsp;<\/strong>il Matera Film Festival apre le sue porte al pubblico: ad inaugurarlo \u00e8 l\u2019Orchestra del Liceo Musicale T. Stigliani di Matera, che presenter\u00e0 una selezione di musiche da film a cura della dirigente scolastica Maria Rosaria Santeramo e del professor Francesco Paolicelli, diretta da Angelo Basile.<br>Seguono i saluti istituzionali alle ore 17:00 presso il CineTeatro Guerrieri di Matera, che aprono ufficialmente la V edizione del MFF: partecipano&nbsp;<strong>Elissa Goldberg<\/strong>, Ambasciatrice del Canada,&nbsp;<strong>Piera Detassis<\/strong>, Presidente e Direttrice Artistica Premi David di Donatello,&nbsp;<strong>Atom Egoyan&nbsp;<\/strong>e&nbsp;<strong>Arsin\u00e9e Khanjian<\/strong>, ospiti d\u2019onore di quest\u2019anno, con la conduzione di Alina Liccione.<\/p>\n\n\n\n<p><br>A seguire, sar\u00e0 proiettata la prima delle tre opere della retrospettiva dedicata ad Atom Egoyan,&nbsp;<em>Il Viaggio di Felicia.<br><\/em>La sezione \u201cFuori serie\u201d sar\u00e0 inaugurata alle ore 20:00 con&nbsp;<strong>Rai Fiction<\/strong>&nbsp;e i protagonisti di&nbsp;<strong><em>Un posto al sole<\/em><\/strong>: Patrizio Rispo, Samuele Cavallo, Luigi Miele, Daniela Ioia, Gina Amarante, in dialogo con la giornalista Angela Mauro.<\/p>\n\n\n\n<p>Chiude la giornata il primo lungometraggio in concorso,&nbsp;<em>Junks &amp; Dolls,<\/em>&nbsp;alle ore 22:00.<\/p>\n\n\n\n<p><strong>Luned\u00ec 4 Novembre&nbsp;<\/strong>alle ore 9:30 presso il CineTeatro Guerrieri si terr\u00e0 un panel dal titolo \u201c<strong>VISIONI, NUOVE TECNOLOGIE E AMBIENTE\u201d&nbsp;<\/strong>dedicato alla presentazione dell\u2019app di ARPA Basilicata con la partecipazione di Donato Ramunno, Direttore ARPAB, e Anna Cammarota, Responsabile Area Comunicazione ed Educazione Ambientale ARPAB; segue la visione dei corti realizzati dal Liceo Duni-Levi di Matera (introdotto da Geo Coretti) e l\u2019Istituto Agrario di Villa d\u2019Agri (introdotto da Antonella Marinelli), con la moderazione della giornalista Rossella Montemurro.<\/p>\n\n\n\n<p><br>Segue un momento dedicato alle tradizioni locali con la proiezione del cortometraggio&nbsp;<em>La Festa della Bruna 2024<\/em>&nbsp;e il successivo dialogo sulla storia della Festa materana e le prospettive future, a cura dell\u2019Associazione Maria SS. della Bruna nelle persone del Presidente Bruno Caiella e Matteo Marchitelli.<br>Successiva \u00e8 la proiezione del film fuori concorso&nbsp;<em>La Festa del ritorno<\/em>, con il regista Lorenzo Adorisio che incontrer\u00e0 il pubblico in sala.<br>Alle ore 14:00 \u00e8 invece prevista l\u2019anteprima italiana fuori concorso di&nbsp;<em>Ultimo film,&nbsp;<\/em>cui seguir\u00e0 l\u2019incontro con i registi.<br><br>Alle ore 16:00, al CineTeatro Guerrieri, continua il concorso con il lungometraggio&nbsp;<em>Bosnian Pot<\/em>, con il regista Pavo Marinkovi\u0107 che incontrer\u00e0 il pubblico in dialogo con Bianca Fenizia, componente del comitato di selezione del Matera Film Festival.<\/p>\n\n\n\n<p><br>Alle 18:30, invece, ci sar\u00e0 un panel realizzato grazie alla partnership con&nbsp;<strong>Mondo TV,&nbsp;<\/strong>dedicato al&nbsp;<strong>Caso Coradi e Doro TV<\/strong>&nbsp;dal titolo&nbsp;<strong>\u201cLa Rivoluzione degli anime giapponesi in Italia\u201d<\/strong>, durante il quale interverranno&nbsp;<strong>Mino Ciciriello,&nbsp;<\/strong>Project &amp; Team Manager Mondo tv Groupe&nbsp;<strong>Silvio Giordano<\/strong>, Direttore Creativo del Matera Film Festival, in dialogo con la giornalista Margherita Sarli.<\/p>\n\n\n\n<p>A partire dalle ore 19:30, presso il CineTeatro Guerrieri, saranno proiettati i cortometraggi in gara&nbsp;<em>La doppia vita di Kore, Studies for a close-up, Dagon&nbsp;<\/em>(per ciascuno dei quali seguir\u00e0 l\u2019incontro con i registi) e&nbsp;<em>Wan.<\/em><\/p>\n\n\n\n<p>Alle ore 21:00 i registi&nbsp;<strong>Giuseppe G. Stasi e Giancarlo Fontana<\/strong>&nbsp;incontreranno il pubblico e presenteranno in anteprima i primi due episodi della nuova stagione&nbsp;<strong><em>The bad guy,&nbsp;<\/em><\/strong>in dialogo con la giornalista Carmela Cosentino.<br>Chiude la seconda serata del Matera Film Festival il lungometraggio in gara&nbsp;<em>Under the hanging tree<\/em>.<\/p>\n\n\n\n<p><br><strong>Marted\u00ec 5 Novembre&nbsp;<\/strong>la mattinata, condotta da Marina Vita, sar\u00e0 dedicata ai pi\u00f9 piccoli: a partire dalle ore 10:15, presso il CineTeatro Guerrieri, i bambini potranno guardare due movie di&nbsp;<em>MeteoHeroes,&nbsp;<\/em>abbracciare il protagonista Fulmen e assistere ad una lezione sulla sostenibilit\u00e0 ambientale tenuta dal meteorologo e climatologo&nbsp;<strong>Andrea Giuliacci.<\/strong><\/p>\n\n\n\n<p>Il tema sar\u00e0 ripreso anche nel pomeriggio alle ore 16:30 presso l\u2019APT OpenSpace Basilicata, con il talk&nbsp;<strong>\u201cIL FUTURO DEL PIANETA:<\/strong>&nbsp;<strong>Come i nuovi linguaggi possono influenzare i comportamenti ecologici delle nuove generazioni<\/strong>\u201d, durante il quale sono previsti gli interventi di&nbsp;<strong>Andrea Giuliacci&nbsp;<\/strong>(meteorologo e climatologo),&nbsp;<strong>Jacopo Gubitosi<\/strong>&nbsp;(Direttore Generale Giffoni),&nbsp;<strong>Laura Mongiello&nbsp;<\/strong>(Assessore all\u2019ambiente e alla transizione energetica) e&nbsp;<strong>Giorgio Costantino<\/strong>&nbsp;(Direttore Generale BCC Basilicata), moderati dalla conduttrice Alina Liccione.<\/p>\n\n\n\n<p><br>Al CineTeatro Guerrieri, dopo la proiezione del documentario in concorso&nbsp;<em>Uomini in marcia,<\/em>&nbsp;delle ore 15:00, il regista&nbsp;<strong>Edoardo De Angelis<\/strong>&nbsp;arricchir\u00e0 la sezione \u201cFocus Italia\u201d con una masterclass che si terr\u00e0 alle ore 16:30, in dialogo con&nbsp;<strong>Federico Pontiggia<\/strong>, giornalista e critico cinematografico.<br>A seguire, alle ore 18:00,<strong>&nbsp;Rai Fiction<\/strong>&nbsp;presenter\u00e0 in anteprima la seconda stagione della serie&nbsp;<strong><em>Vincenzo Malinconico \u2013 Avvocato d\u2019insuccesso<\/em><\/strong>; saranno presenti Ivan Carlei, Vice Direttore Rai Fiction, Walter Ingrassia, Responsabile Marketing operativo e Promozione, il produttore&nbsp;<strong>Alessandro Passadore<\/strong>, l\u2019autore&nbsp;<strong>Diego De Silva&nbsp;<\/strong>e parte del cast (<strong>Massimiliano Gallo<\/strong>,&nbsp;<strong>Teresa Saponangelo e Giulia Bevilacqua<\/strong>), in dialogo con la conduttrice televisiva Alina Liccione.<\/p>\n\n\n\n<p>Alle ore 20:00, invece, vi \u00e8 un panel dal titolo&nbsp;<strong>\u201cVIDEOGIOCHI E CINEMA: Un viaggio di andata e ritorno\u201d<\/strong>, a cura della&nbsp;<strong>Lucana Film Commission&nbsp;<\/strong>in collaborazione con&nbsp;<strong>IIDEA,&nbsp;<\/strong>durante il quale interverranno&nbsp;<strong>Mario Petillo<\/strong>&nbsp;(PR Manager \u2013 Stormind Games),&nbsp;<strong>Thalita Malago&nbsp;<\/strong>(Direttore Generale e Consigliere Delegato \u2013 IIDEA),&nbsp;<strong>Davide Mancini<\/strong>&nbsp;(Developer Relations Manager \u2013 IIDEA) e&nbsp;<strong>Margherita Gina Romaniello&nbsp;<\/strong>(Presidente Lucana Film Commission).La giornata termina con la proiezione delle opere in concorso: il documentario&nbsp;<em>Si dice di me<\/em>, cui seguir\u00e0 l\u2019incontro con la regista in dialogo con Maria Vittoria Pellecchia (comitato di selezione Matera Film Festival), e i cortometraggi&nbsp;<em>Los Mosquitos, Basri and Salma in a never-ending comedy<\/em>&nbsp;e&nbsp;<em>Sea Salt<\/em>.<\/p>\n\n\n\n<p>Al CineTeatro Bellocchio di Ferrandina, alle ore 20:00, sar\u00e0 invece proiettato il secondo film della retrospettiva dedicata ad Egoyan:&nbsp;<em>Exotica<\/em>, alla presenza del regista che incontrer\u00e0 il pubblico in sala, in dialogo con Donato Santeramo, Direttore Artistico del Matera Film Festival.<\/p>\n\n\n\n<p><strong>Mercoled\u00ec 6 Novembre&nbsp;<\/strong>la giornata comincia nuovamente al CineTeatro Guerrieri con una mattinata, condotta da Alina Liccione, dedicata ai bambini, che dalle ore 9:00 potranno incontrare&nbsp;<em>Gris\u00f9,&nbsp;<\/em>il draghetto pompiere, assistere alla proiezione di 3 movie del cartone e successivamente prendere parte alla manifestazione&nbsp;<strong>Pompieropoli<\/strong>, in collaborazione con il Comando Provinciale dei Vigili del Fuoco di Matera e l\u2019Associazione Nazionale Vigili del Fuoco del Comando Nazionale.<br><br>Nella stessa mattinata, alle ore 10:30 presso il CTE \u2013 Casa delle Tecnologie, si terr\u00e0 un seminario sul rapporto tra i&nbsp;<strong>videogiochi e cinema,&nbsp;<\/strong>in collaborazione con&nbsp;<strong>IIDEA e la Lucana Film Commission.<\/strong><\/p>\n\n\n\n<p><strong><br><\/strong>Alle ore 16:00, dopo la proiezione del film fuori concorso&nbsp;<em>Caronte<\/em>, cui seguir\u00e0 l\u2019incontro con il produttore, continua il concorso del Matera Film Festival con uno slot dedicato ai cortometraggi:&nbsp;<em>Titanic, suitable version for iranian families&nbsp;<\/em>(con la produzione che incontra il pubblico),&nbsp;<em>Amarela, Nada de todo esto, Reem al shammary \u2013 The bedouin boxeur, Toy Story&nbsp;<\/em>e&nbsp;<em>Dentro la luce.<\/em><\/p>\n\n\n\n<p><strong><br><\/strong>Di grande importanza sono i festeggiamenti per i 40 anni di Tetris, grazie alla&nbsp;<strong>partnership con Lucca Comics&amp;Games:<\/strong>&nbsp;alle ore 18:00,&nbsp;<strong>Henk Rogers<\/strong>, co-fondatore della Tetris Company, in dialogo con Fabio Viola (comitato scientifico del Matera Film Festival), terr\u00e0 una&nbsp;<strong>masterclass&nbsp;<\/strong>dal titolo&nbsp;<strong>\u201cBLOCCO SU BLOCCO: LA STORIA DI TETRIS\u201d<\/strong>, cui seguir\u00e0 la proiezione del film&nbsp;<em>Tetris&nbsp;<\/em>di Jon S. Baird.<br>Segue la proiezione del film fuori concorso&nbsp;<em>Desir\u00e9e<\/em>, con successivo incontro del regista e del cast con il pubblico, e del documentario in concorso&nbsp;<em>The last mainland<\/em>, seguito dall\u2019incontro con il pubblico dei registi, in dialogo con Adelaide De Fino (comitato di selezione del Matera Film Festival).<\/p>\n\n\n\n<p><br><strong>Gioved\u00ec 7 Novembre<\/strong>&nbsp;alle ore 11:00 ci sar\u00e0 un importante momento di condivisione con alcune scuole provenienti da tutto il sud Italia, realizzato in collaborazione con il&nbsp;<strong>Book Trailer Film Festival<\/strong>&nbsp;del liceo \u201cCalini\u201d di Brescia, che presenter\u00e0 i booktrailer realizzati da alcuni istituti scolastici, con la partecipazione degli studenti provenienti da: Istituto Comprensivo Collecorvino di Pescara, Liceo \u201cD\u2019Ovidio\u201d di Larino, Liceo \u201cCarlo Levi\u201d di Matera, Liceo \u201cDelfico Montauti\u201d di Teramo, Liceo \u201cAlfano Primo\u201d di Salerno, Liceo \u201cA. Genoino\u201d di Cava de\u2019 Tirreni, Liceo \u201cDe Giorgi\u201d di Lecce. L\u2019incontro sar\u00e0 introdotto dai saluti istituzionali di&nbsp;<strong>Margherita Gina Romaniello<\/strong>, Presidente Lucana Film Commission.<\/p>\n\n\n\n<p>Alle ore 14:45 \u00e8 previsto uno slot di cortometraggi fuori concorso:&nbsp;<em>Prova d\u2019amore, Dopo il 7 Ottobre, diario di un viaggio in Israele&nbsp;<\/em>(entrambi seguiti dall\u2019incontro dei registi con il pubblico) e&nbsp;<em>Matera, an ancient city carved in stone in Italy.<\/em><\/p>\n\n\n\n<p><em><br><\/em>A partire dalle ore 16:00, sar\u00e0 invece dedicato ampio spazio al concorso internazionale del Matera Film Festival, con la proiezione di due cortometraggi in gara,&nbsp;&nbsp;<em>Radio perla del Tirreno<\/em>&nbsp;e&nbsp;<em>Balam<\/em>&nbsp;(con successivo talk dei registi), del lungometraggio&nbsp;<em>A Pedra Sonha Dar Flor<\/em>, con il regista in dialogo con Maria Vittoria Pellecchia, e del documentario&nbsp;<em>The Performance<\/em>, con regista e produzione in dialogo con Adelaide De Fino.<\/p>\n\n\n\n<p>In contemporanea, presso l\u2019ATP OpenSpace Basilicata di Matera, si terranno gli incontri a cura di Basilicata Creativa dal titolo&nbsp;<strong>\u201cTECNOLOGIE EMERGENTI PER IL TEATRO E LO SPETTACOLO DAL VIVO\u201d&nbsp;<\/strong>e&nbsp;<strong>\u201cINTELLIGENZA ARTIFICIALE GENERATIVA \u2013 ESPERIMENTI E NUOVE PRODUZIONI\u201d,&nbsp;<\/strong>durante i quali saranno presentati i progetti&nbsp;<em>Algoritmo<\/em>&nbsp;di Valerio Calabrese,&nbsp;<em>The Golden Age<\/em>&nbsp;di Silvio Giordano<strong>,&nbsp;<\/strong><em>Generativa<\/em>&nbsp;de l\u2019Academy italiana sulla Generative AI, Consorzio Materahub, Basilicata Creativa, Sineglossa, Tlon e l\u2019Universit\u00e0 di Napoli L\u2019Orientale.<\/p>\n\n\n\n<p>Alle ore 20:00, presso il CineTeatro Bellocchio di Ferrandina, sar\u00e0 proiettato il film vincitore dell\u2019Air Canada Montreal-Matera Best Film Award,&nbsp;<em>Caf\u00e9 Daughter<\/em>, con la regista Shelley Niro che incontrer\u00e0 il pubblico.<\/p>\n\n\n\n<p><br>Al CineTeatro Guerrieri di Matera invece, alle ore 20:30, sar\u00e0 proiettato il film&nbsp;<strong><em>Taxi Monamour<\/em><\/strong>&nbsp;per la sezione \u201cFocus Italia\u201d, con il regista&nbsp;<strong>Ciro de Caro<\/strong>&nbsp;e la protagonista&nbsp;<strong>Rosa Palasciano<\/strong>, in dialogo con il giornalista e critico cinematografico&nbsp;<strong>Maurizio Di Rienzo<\/strong>.<br>Chiude la giornata la proiezione di&nbsp;<em>Sebastian Moro, The Walker,&nbsp;<\/em>lungometraggio in gara.<\/p>\n\n\n\n<p><strong>Venerd\u00ec 8 Novembre<\/strong>, a partire dalle 11:30, \u00e8 previsto uno slot di cortometraggi fuori concorso:&nbsp;<em>Turisti, Ada Il trionfo del tempo e del disinganno, Shortage&nbsp;<\/em>(seguiti dall\u2019incontro con i rispettivi registi) e&nbsp;<em>Aura.<\/em><\/p>\n\n\n\n<p>A seguire, dopo il documentario in concorso&nbsp;<em>Twin Fences<\/em>, alle 16:30 sar\u00e0 proiettato il film Fuori concorso&nbsp;<em>Eroici! 100 anni di passione e racconti di sport<\/em>, con il regista Giuseppe Marco Albano che incontrer\u00e0 il pubblico, in dialogo con il giornalista Damiano Laterza.<br>Segue la proiezione del lungometraggio in gara&nbsp;<em>Alien food&nbsp;<\/em>con il regista in dialogo con Maria Vittoria Pellecchia.L\u2019evento clou del Festival sar\u00e0 alle ore 21:00:&nbsp;<strong>Atom Egoyan&nbsp;<\/strong>incontrer\u00e0 il pubblico e terr\u00e0 una&nbsp;<strong>masterclass<\/strong>&nbsp;in dialogo con Donato Santeramo; segue l\u2019<strong>anteprima nazionale<\/strong>&nbsp;del suo film&nbsp;<em>Seven Veils<\/em>.<\/p>\n\n\n\n<p><br><strong>Sabato 9 Novembre<\/strong>&nbsp;alle ore 10:00 sar\u00e0 inaugurata la prima edizione della&nbsp;<strong>Fall School<\/strong>, progetto realizzato in collaborazione con l\u2019Accademia di Belle Arti di Napoli (ABANA), finalizzata ad approfondire tematiche quali la ricerca artistica e le pratiche audiovisuali; durante l\u2019incontro, moderato da Elisa Laraia (docente Accademia di Belle Arti di Napoli), \u00e8 previsto l\u2019intervento di Giuseppe Gaeta (Direttore Accademia di Belle Arti di Napoli) e Salvo Bitonti (Direttore Accademia di Belle Arti di Torino).<br>Alle ore 11:00 invece \u00e8 la volta di un\u2019importante tavola rotonda dal titolo&nbsp;<strong>\u201cCINEMA ITALIANO: AUTORI, GENERI, PUBBLICO<\/strong>\u201d, alla presenza di numerosi esponenti della produzione cinematografica italiana:&nbsp;<strong>Lionello Cerri<\/strong>, Produttore e Amministratore Delegato di Anteo spa,&nbsp;<strong>Laura Delli Colli<\/strong>, Presidente Sindacato Nazionale Giornalisti Cinematografici Italiani,&nbsp;<strong>Giampaolo Letta<\/strong>, Vicepresidente e Amministratore Delegato di Medusa Film,&nbsp;<strong>Luigi Lonigro<\/strong>, Direttore Generale di 01 Distribution,&nbsp;<strong>Francesco Martinotti<\/strong>, Presidente A.N.A.C. (Associazione Nazionale Autori Cinematografici),&nbsp;<strong>Margherita Gina Romaniello<\/strong>, Presidente Lucana Film Commission e&nbsp;<strong>Mariella Troccoli,<\/strong>&nbsp;Commissario Straordinario e Direttore Generale ad interim Fondazione Film Commission di Roma e del Lazio. L\u2019incontro \u00e8 moderato da Domenico Dinoia, curatore della sezione \u201cFocus Italia\u201d e membro del comitato scientifico del Matera Film Festival.<\/p>\n\n\n\n<p><strong><br><\/strong>Alle ore 16:00 sar\u00e0 invece proiettato il film&nbsp;<em>Familia<\/em>, con il regista Francesco Costabile che incontrer\u00e0 il pubblico, introdotto da Nando Irene (Direttore Generale del Matera Film Festival)<br>Alle ore 20:30 \u00e8 invece prevista la&nbsp;<strong>Cerimonia di Premiazione della V Edizione del Matera Film Festival,<\/strong>&nbsp;con la conduzione di Marina Vita.<\/p>\n\n\n\n<p><strong>Domenica 10 Novembre&nbsp;<\/strong>L\u2019ultima giornata del Festival si apre con l\u2019ultima opera della retrospettiva dedicata ad Atom Egoyan,&nbsp;<em>Remember<\/em>, prevista alle ore 12:00.<br>Nel pomeriggio ci saranno due slot dedicati alla proiezione dei cortometraggi migliori dell\u2019anno selezionati dalla&nbsp;<strong><em>FICE (Federazione Italiana Cinema d\u2019Essai),&nbsp;<\/em><\/strong>il primo alle ore 15:45 e il secondo alle 20:45.<\/p>\n\n\n\n<p><br>Durante il pomeriggio si susseguiranno le proiezioni della sezione Fuori Concorso:&nbsp;<em>Dyspnea&nbsp;<\/em>(ore 17:00)<em>,&nbsp;<\/em>con il regista in dialogo con Giuseppe Mattia,&nbsp;<em>Il Sogno dei pastori&nbsp;<\/em>(ore 17:45)con il regista in dialogo con Maria Vittoria Pellecchia e&nbsp;<em>Pi\u00f9 di ieri&nbsp;<\/em>(ore 21:15), con successivo incontro del regista, produzione, sceneggiatore e cast con il pubblico, moderati dalla giornalista Antonella Matranga.<\/p>\n\n\n\n<p><br>In nome della transmedialit\u00e0 che caratterizza da sempre il Festival, alle ore 20:00, presso il CineTeatro Guerrieri di Matera, l\u2019attrice&nbsp;<strong>Aurora Ruffino&nbsp;<\/strong>presenter\u00e0 il suo ultimo romanzo dal titolo&nbsp;<em>\u201cVolevo salvare i colori\u201d<strong>,&nbsp;<\/strong><\/em>in dialogo con&nbsp;<strong>Roberto Moliterni<\/strong>, scrittore e sceneggiatore.<\/p>\n\n\n\n<p>Il Presidente della Provincia di Matera,&nbsp;<strong>Francesco Mancini<\/strong>, afferma: \u201cIl Matera Film Festival \u00e8 un evento di grande valore per il nostro territorio, capace di promuovere non solo la cultura cinematografica, ma anche l\u2019immagine della citt\u00e0 e della provincia a livello internazionale. Questa manifestazione rappresenta una vetrina unica per le eccellenze locali, nazionali e internazionali, rafforzando il legame tra il cinema e la nostra comunit\u00e0. Sostenere il festival significa investire nella crescita culturale, sociale ed economica di Matera e di tutta la provincia.\u201d<\/p>\n\n\n\n<p>Per<strong>&nbsp;Carmine Lisanti<\/strong>, Sindaco di Ferrandina, sostiene che \u201cl\u2019impegno del Matera Film Festival nel coinvolgere le aree circostanti con progetti di qualit\u00e0 sia una mossa strategica. Creare sinergie tra Enti locali, imprese e associazioni \u00e8 il miglior modo per favorire uno sviluppo completo delle comunit\u00e0, fondamentali per il nostro Paese\u201d.<\/p>\n\n\n\n<p>Per&nbsp;<strong>Donato Ramunno<\/strong>, Direttore di Arpa Basilicata, sottolinea che essere green partner del festival consente di utilizzare il cinema e i nuovi linguaggi per sensibilizzare le nuove generazioni sulle tematiche ambientali, svolgendo un\u2019importante attivit\u00e0 educativa nelle scuole. In questo modo, i giovani diventano protagonisti nella diffusione della cultura del territorio e nell\u2019adozione di abitudini sostenibili, favorendo uno sviluppo ecologico.<\/p>\n\n\n\n<p>Per<strong>&nbsp;Giorgio Costantino<\/strong>, Direttore della BCC Basilicata, dichiara: \u201cEssere main partner di questa manifestazione \u00e8 un passo cruciale per il nostro impegno verso le comunit\u00e0 locali. Investire in eventi culturali non solo arricchisce il panorama artistico, ma offre anche l\u2019opportunit\u00e0 di rafforzare i legami con il territorio, promuovendo il dialogo e la collaborazione tra istituzioni, imprese e cittadini\u201d.<\/p>\n\n\n\n<p>Per&nbsp;<strong>Margherita Gina Romaniello<\/strong>, Presidente della Lucana Film Commission, afferma: \u201cLa Lucana Film Commission sar\u00e0 presente nel ricco programma del MFF2024 con un appuntamento che ci vedr\u00e0 accanto a grandi talenti del mondo del gaming. Porteremo a Matera la societ\u00e0 IIDEA, leader nello sviluppo di tecnologie che combinano il mondo dei videogiochi con quello dell\u2019audiovisivo, un connubio che sta generando numeri incredibili a livello mondiale e che la Lucana Film Commission inserisce nella sua programmazione. La serata del 5 novembre trasformer\u00e0 la platea del MFF in un mondo a met\u00e0 tra reale e virtuale, immaginando applicazioni anche per i prodotti realizzati in Basilicata. \u201cUn viaggio di andata e ritorno\u201d, come abbiamo voluto definire la nostra serata, in cui il cinema traghetter\u00e0 tutti noi dal reale al virtuale e viceversa, grazie a Davide Mancini, affabulante divulgatore e developer di IIDEA, e Mario Petillo, manager della societ\u00e0 Stormind Games.\u201d<\/p>\n\n\n\n<p>Per<strong>&nbsp;Michele Casino<\/strong>, consigliere regionale \u201cLa quinta edizione del festival, con un programma variegato e attivit\u00e0 dedicate alle scuole, ha attratto un pubblico di tutte le et\u00e0. Matera, storicamente un set naturale per il cinema, deve anche funzionare come un\u2019industria in grado di generare benefici per il territorio e i giovani. La Regione sostiene eventi come questo, fondamentali per la crescita culturale, economica e sociale della Basilicata. \u00c8 essenziale promuovere la visione imprenditoriale del festival per mantenere vivo il nostro territorio.\u201d<\/p>\n\n\n\n<p><strong>Antonio Nicoletti<\/strong>, Direttore dell\u2019Apt, afferma: \u201cIl Matera Film Festival \u00e8 una preziosa opportunit\u00e0 per valorizzare il nostro territorio e attrarre turisti interessati alla cultura e, in particolare, al cinema. Essa \u00e8 non solo un\u2019iniziativa che contribuisce a consolidare il legame tra la Basilicata e l\u2019arte cinematografica. In pi\u00f9, con l\u2019approccio multisciplinare che la contraddistingue, riesce a spaziare tra varie altre forme di espressione culturale di cui l\u2019APT, in questi anni, ha esplorato il potenziale comunicativo, come ad esempio il fumetto e i videogames.\u201d<\/p>\n\n\n\n<p><strong>Trailer \u201cThe Golden Age\u201d \u2013 Matera Film Festival 2024<\/strong><\/p>\n\n\n\n<p>Il trailer ufficiale del&nbsp;<strong>Matera Film Festival 2024<\/strong>, intitolato&nbsp;<strong>\u201cThe Golden Age\u201d<\/strong>, \u00e8 un\u2019opera visionaria che celebra la quinta edizione del festival attraverso un viaggio onirico e luminoso. Realizzato interamente con l\u2019ausilio dell\u2019<strong>intelligenza artificiale generativa<\/strong>&nbsp;dal visual artist&nbsp;<strong>Silvio Giordano<\/strong>, con le musiche di&nbsp;<strong>Enrico Condelli.<\/strong><\/p>\n\n\n\n<p>Le immagini evocative mostrano le&nbsp;<strong>ossa dorate<\/strong>&nbsp;della celebre balena Giuliana, custodite tra i&nbsp;<strong>sassi e vicoli antichi di Matera<\/strong>, la terza citt\u00e0 pi\u00f9 antica del mondo. Simbolo di saggezza e memoria ancestrale, la balena appare come una creatura primordiale che porta con s\u00e9 i segreti di un mondo sommerso e dimenticato, evocando l\u2019eternit\u00e0 del tempo e l\u2019inesauribile connessione tra l\u2019uomo e la natura.<\/p>\n\n\n\n<p>Con questa narrazione potente e poetica, il trailer rende omaggio ai grandi maestri del cinema come&nbsp;<strong>Terry Gilliam, David Cronenberg, Peter Greenaway, Patty Jenkins, Robin Wright<\/strong>&nbsp;e&nbsp;<strong>Atom Egoyan<\/strong>, che attraverso le loro opere hanno trasformato il festival di Matera in una tela di creativit\u00e0 e innovazione. Le loro visioni hanno fatto splendere la citt\u00e0 e la regione, trasformando l\u2019ignoto in un\u2019<strong>et\u00e0 dell\u2019oro<\/strong>&nbsp;luminosa e affascinante.<\/p>\n\n\n\n<p>L\u2019uso delle tecnologie AI generative non \u00e8 solo un\u2019espressione di modernit\u00e0, ma anche una riflessione sulla continua evoluzione dei&nbsp;<strong>processi creativi<\/strong>&nbsp;del cinema, dei videogame e della graphic novel.<\/p>\n\n\n\n<p>\u201cThe Golden Age\u201d \u00e8 una dichiarazione d\u2019intenti del Matera Film Festival, che guarda al futuro con audacia, celebrando il passato ma abbracciando le infinite potenzialit\u00e0 delle nuove tecnologie creative.<\/p>\n\n\n\n<p>The Golden Age.&nbsp;Formato 16:9 \u2013 h264 \u2013 durata 1min 5sec.<\/p>\n\n\n\n<p><em>La quinta edizione del Matera Film Festival \u00e8 realizzata sotto l\u2019alto patrocinio del Parlamento Europeo, con il patrocinio di Comune di Matera, Provincia di Matera, Regione Basilicata, Comune di Ferrandina, APT Basilicata, Ministero della Cultura, Ambasciata Canadese ed \u00e8 organizzata dalle associazioni culturali Making Of e Plong\u00e9e, promossa dalle stesse e Camera con Vista. Movie Partner Lucana Film Commission, Green partner Arpa Basilicata.<\/em><\/p>\n\n\n\n<p><em>Main partner sono Bcc Basilicata, Hotel Sant\u2019Angelo e Chiarito Auto. In collaborazione con Rai Fiction. Special Partner Lucca Comics&amp;Games. Partner istituzionali Accademia di Belle Arti di Napoli. Media Partner Trm Network, Sassi Live.it, Longtake. Rai Radio 3 Classica, Rai Basilicata, Rai Cultura, Rai Fiction, Rai Radio Kids, TGR.<\/em><\/p>\n\n\n\n<p><em>Technical Partner Cartocci, Blu Video Casting, Be Sound, Be Spoke Lab, Ego Italiano, Dichio Garden.<\/em><\/p>\n\n\n\n<p><em>International Partner Reelworld Film Festival, Presence Autochtone International First People.<\/em><\/p>\n","protected":false},"excerpt":{"rendered":"<p>Il Matera Film Festival&nbsp;si terr\u00e0 dal&nbsp;3 al 10 Novembre 2024&nbsp;nella \u201cCitt\u00e0 dei Sassi\u201d. Anche quest\u2019anno, l\u2019obiettivo \u00e8 quello di consolidare un Festival che si muova nella direzione dell\u2019innovazione, dei nuovi linguaggi, della transmedialit\u00e0.Per farlo, \u00e8 stata fondamentale la scelta di partner e ospiti di rilievo sul piano nazionale ed internazionale.Tra i tanti, spicca&nbsp;Atom Egoyan, regista,&#8230;<\/p>\n","protected":false},"author":4,"featured_media":3659,"comment_status":"open","ping_status":"open","sticky":false,"template":"","format":"standard","meta":{"footnotes":""},"categories":[2],"tags":[557],"class_list":["post-3658","post","type-post","status-publish","format-standard","has-post-thumbnail","hentry","category-magazine","tag-matera-film-festival"],"_links":{"self":[{"href":"https:\/\/www.virtual-press.com\/newsroom\/wp-json\/wp\/v2\/posts\/3658","targetHints":{"allow":["GET"]}}],"collection":[{"href":"https:\/\/www.virtual-press.com\/newsroom\/wp-json\/wp\/v2\/posts"}],"about":[{"href":"https:\/\/www.virtual-press.com\/newsroom\/wp-json\/wp\/v2\/types\/post"}],"author":[{"embeddable":true,"href":"https:\/\/www.virtual-press.com\/newsroom\/wp-json\/wp\/v2\/users\/4"}],"replies":[{"embeddable":true,"href":"https:\/\/www.virtual-press.com\/newsroom\/wp-json\/wp\/v2\/comments?post=3658"}],"version-history":[{"count":1,"href":"https:\/\/www.virtual-press.com\/newsroom\/wp-json\/wp\/v2\/posts\/3658\/revisions"}],"predecessor-version":[{"id":3660,"href":"https:\/\/www.virtual-press.com\/newsroom\/wp-json\/wp\/v2\/posts\/3658\/revisions\/3660"}],"wp:featuredmedia":[{"embeddable":true,"href":"https:\/\/www.virtual-press.com\/newsroom\/wp-json\/wp\/v2\/media\/3659"}],"wp:attachment":[{"href":"https:\/\/www.virtual-press.com\/newsroom\/wp-json\/wp\/v2\/media?parent=3658"}],"wp:term":[{"taxonomy":"category","embeddable":true,"href":"https:\/\/www.virtual-press.com\/newsroom\/wp-json\/wp\/v2\/categories?post=3658"},{"taxonomy":"post_tag","embeddable":true,"href":"https:\/\/www.virtual-press.com\/newsroom\/wp-json\/wp\/v2\/tags?post=3658"}],"curies":[{"name":"wp","href":"https:\/\/api.w.org\/{rel}","templated":true}]}}