{"id":3678,"date":"2024-11-08T00:05:00","date_gmt":"2024-11-07T23:05:00","guid":{"rendered":"https:\/\/www.virtual-press.com\/newsroom\/?p=3678"},"modified":"2024-11-03T21:01:13","modified_gmt":"2024-11-03T20:01:13","slug":"domani-9-novembre-nella-citta-dei-sassi-convegno-nellambito-dellottava-edizione-della-rassegna-internazionale-di-arte-visiva-matera-larte-che-unisce","status":"publish","type":"post","link":"https:\/\/www.virtual-press.com\/newsroom\/domani-9-novembre-nella-citta-dei-sassi-convegno-nellambito-dellottava-edizione-della-rassegna-internazionale-di-arte-visiva-matera-larte-che-unisce\/","title":{"rendered":"Domani, 9 novembre, nella citt\u00e0 dei Sassi convegno nell\u2019ambito dell\u2019ottava edizione della Rassegna Internazionale di Arte Visiva \u201cMatera l\u2019Arte che unisce\u201d"},"content":{"rendered":"\n<p>Domani, sabato 9 novembre, alle ore 9 nella sede di SPARKme Space Academy presso Openet Technologies in via dell\u2019Industria nella zona Paip 2 a Matera \u00e8 in programma il primo convegno nell\u2019ambito dell\u2019ottava edizione della Rassegna Internazionale di Arte Visiva \u201cMatera l\u2019Arte che unisce\u201d, in programma fino al 2 dicembre 2024.<\/p>\n\n\n\n<p>La rassegna sar\u00e0 aperta per le scuole dal marted\u00ec al venerd\u00ec dalle 9.30 alle 12.30 e dalle 15.30 alle 18.30 e al pubblico il gioved\u00ec, venerd\u00ec e sabato dalle 15.30&nbsp; alle 18.30 e la domenica e e il luned\u00ec mattina dalle 9.30 alle 12.30.<\/p>\n\n\n\n<p>Per visitare la rassegna \u00e8 necessaria la prenotazione. E\u2019 possibile prenotarsi inviando una mail a ticketing@sparkme.space oppure contactpoint@sparkme.space . Per informazioni inviare un messaggio whatsapp al numero +39 389 2689854. Sito web https:\/\/www.sparkme.space\/&nbsp;.<\/p>\n\n\n\n<p>L\u2019evento, finanziato ed organizzato da MIP (Matera International Photography), \u00e8 patrocinato da Regione Basilicata, Provincia di Matera, Comune di Matera, Apt Basilicata, Universit\u00e0 degli Studi di Roma-Tor Vergata Universit\u00e0 degli Studi di Bari, Universit\u00e0 degli Studi della Basilicata.<\/p>\n\n\n\n<p>La rassegna, unica in Europa, ospiter\u00e0 750 opere di altrettanti artisti e fotografi provenienti anche da circa 40 Nazioni extraeuropee.<\/p>\n\n\n\n<p>Alla conferenza stampa hanno partecipato la presidente dell\u2019associazione MIP \u2013 Matera International Photography, Carla Cantore, il direttore artistico Antonello Di Gennaro, l\u2019addetto stampa e giornalista Ottavio Gurrado, Cristina Davideri e Mariateresa Cirillo per l\u2019associazione Amasam e Rosa Benevento di iPrinter.<\/p>\n\n\n\n<p>Nel nostro mondo contemporaneo la morte ha molteplici risvolti. Si riscontra sotto forma di migrazioni forzate, di guerre, povert\u00e0, fame, violenza, disuguaglianze causate dal sistema capitalista. Cosa pu\u00f2 fare l\u2019Arte di fronte a tutto questo? Pu\u00f2 la Bellezza salvare l\u2019Umanit\u00e0? Sono questi alcuni interrogativi a cui spera di rispondere l\u2019ottava Rassegna Internazionale di Arte visuale dal titolo \u201cMatera l\u2019Arte che Unisce\u201d, che si svolger\u00e0 a Matera, dall\u20198 novembre al 2 dicembre 2024.<\/p>\n\n\n\n<p><strong>Programma convegno<\/strong><\/p>\n\n\n\n<p>\u2013 09.00 Saluti Carla CANTORE Presidente MIP \u2013 Matera International Photography<\/p>\n\n\n\n<p>\u2013 09,30 Saluti istituzionali<\/p>\n\n\n\n<p>\u2013 10.00 Talk&nbsp;A POSTCARD FOR FLOYD&nbsp;progetto di mail art partecipativo di Giangiacomo ROCCO DI&nbsp;TORREPADULA Artista, Imprenditore | Chiara FERELLA FALDA Curatrice del progetto | Enrico FILIPPUCCI Direttore Artistico Galleria Opera Arte e Arti.<\/p>\n\n\n\n<p>\u2013 11.00 Tina FESTA Ideatrice metodo Caviardage\u00ae, Docente<\/p>\n\n\n\n<p>\u2013 11.30&nbsp;LA LUNA FRIABILE&nbsp;progetto ideato e condotto da Carla CANTORE Arteterapeuta, Docente Master II Livello Neuroestetica in collaborazione Franco DI PEDE Artista, gli autori dialogheranno con Maria Teresa CIRILLO Referente A.Ma.Sa.M., Associazione promotrice e sostenitrice del progetto<\/p>\n\n\n\n<p>\u2013 12.00 IL MURO installazione fotografica di Antonio BERGAMINO Artista, Responsabile FotoDiego Academy<\/p>\n\n\n\n<p>\u2013 12.30 Graziella Melania GERACI Giornalista freelance, Curatrice indipendente<\/p>\n\n\n\n<p>\u2013 13.00 pausa pranzo<\/p>\n\n\n\n<p>\u2013 16.00 Maristella TROMBETTA Docente di Storia dell\u2019Estetica Universit\u00e0 di Bari<\/p>\n\n\n\n<p>\u2013 16.30 Talk&nbsp;NAVALNY Assenza\/Presenza&nbsp;progetto internazionale di Mail Art curato da Ruggero MAGGI Artista, Curatore<\/p>\n\n\n\n<p>\u2013 17.00 Franco DI PEDE Artista, Fondatore Galleria Arti Visive<\/p>\n\n\n\n<p>\u2013 17.30 Presentazione libro \u201cLive in Paris\u201d di Michele DI DONATO Fotografo professionista, Fondatore di Hangar Fotografico dialogher\u00e0 con l\u2019autore Anna Maria DE MARZO Docente di Storia della Fotografia presso Spaziotempo.<\/p>\n\n\n\n<p>INGRESSO LIBERO CON OBBLIGO DI REGISTRAZIONE<\/p>\n","protected":false},"excerpt":{"rendered":"<p>Domani, sabato 9 novembre, alle ore 9 nella sede di SPARKme Space Academy presso Openet Technologies in via dell\u2019Industria nella zona Paip 2 a Matera \u00e8 in programma il primo convegno nell\u2019ambito dell\u2019ottava edizione della Rassegna Internazionale di Arte Visiva \u201cMatera l\u2019Arte che unisce\u201d, in programma fino al 2 dicembre 2024. La rassegna sar\u00e0 aperta&#8230;<\/p>\n","protected":false},"author":4,"featured_media":3679,"comment_status":"open","ping_status":"open","sticky":false,"template":"","format":"standard","meta":{"footnotes":""},"categories":[2],"tags":[1716,8,1715],"class_list":["post-3678","post","type-post","status-publish","format-standard","has-post-thumbnail","hentry","category-magazine","tag-larte-che-unisce","tag-matera","tag-sparkme"],"_links":{"self":[{"href":"https:\/\/www.virtual-press.com\/newsroom\/wp-json\/wp\/v2\/posts\/3678","targetHints":{"allow":["GET"]}}],"collection":[{"href":"https:\/\/www.virtual-press.com\/newsroom\/wp-json\/wp\/v2\/posts"}],"about":[{"href":"https:\/\/www.virtual-press.com\/newsroom\/wp-json\/wp\/v2\/types\/post"}],"author":[{"embeddable":true,"href":"https:\/\/www.virtual-press.com\/newsroom\/wp-json\/wp\/v2\/users\/4"}],"replies":[{"embeddable":true,"href":"https:\/\/www.virtual-press.com\/newsroom\/wp-json\/wp\/v2\/comments?post=3678"}],"version-history":[{"count":1,"href":"https:\/\/www.virtual-press.com\/newsroom\/wp-json\/wp\/v2\/posts\/3678\/revisions"}],"predecessor-version":[{"id":3680,"href":"https:\/\/www.virtual-press.com\/newsroom\/wp-json\/wp\/v2\/posts\/3678\/revisions\/3680"}],"wp:featuredmedia":[{"embeddable":true,"href":"https:\/\/www.virtual-press.com\/newsroom\/wp-json\/wp\/v2\/media\/3679"}],"wp:attachment":[{"href":"https:\/\/www.virtual-press.com\/newsroom\/wp-json\/wp\/v2\/media?parent=3678"}],"wp:term":[{"taxonomy":"category","embeddable":true,"href":"https:\/\/www.virtual-press.com\/newsroom\/wp-json\/wp\/v2\/categories?post=3678"},{"taxonomy":"post_tag","embeddable":true,"href":"https:\/\/www.virtual-press.com\/newsroom\/wp-json\/wp\/v2\/tags?post=3678"}],"curies":[{"name":"wp","href":"https:\/\/api.w.org\/{rel}","templated":true}]}}