{"id":3685,"date":"2024-11-15T00:16:00","date_gmt":"2024-11-14T23:16:00","guid":{"rendered":"https:\/\/www.virtual-press.com\/newsroom\/?p=3685"},"modified":"2024-11-08T15:19:32","modified_gmt":"2024-11-08T14:19:32","slug":"matera-nellarchivio-di-stato-lectio-magistralis-donna-infanzia-e-famiglia-a-matera-in-eta-moderna-della-professoressa-angela-carbone","status":"publish","type":"post","link":"https:\/\/www.virtual-press.com\/newsroom\/matera-nellarchivio-di-stato-lectio-magistralis-donna-infanzia-e-famiglia-a-matera-in-eta-moderna-della-professoressa-angela-carbone\/","title":{"rendered":"Matera, nell\u2019Archivio di Stato Lectio Magistralis \u201cDonna, infanzia e famiglia a Matera in et\u00e0 moderna\u201d della professoressa Angela Carbone"},"content":{"rendered":"\n<p>L\u2019Archivio di Stato di Matera, in collaborazione con la Rivista Mathera, organizza la Lectio Magistralis \u201cDonna, infanzia e famiglia a Matera in et\u00e0 moderna\u201d della professoressa Angela Carbone, docente di Storia moderna presso l\u2019Universit\u00e0 degli studi di Bari Aldo Moro \u2013 Dipartimento di Innovazione e Ricerca Umanistica.<\/p>\n\n\n\n<p>L\u2019appuntamento \u00e8 per oggi, venerd\u00ec 15 novembre, alle ore 18:00 presso la Sala conferenze dell\u2019Archivio di Stato in Via Tommaso Stigliani n.25. Nell\u2019occasione, saranno anche consegnati i Premi Antros 2023\/24 alla Carriera, al miglior articolo e alla miglior tesi di laurea.\u00a0<\/p>\n\n\n\n<p>I saluti sono affidati al direttore dell\u2019Archivio Pietro Sannelli, l\u2019introduzione a Francesco Foschino, e la consegna dei premi a Sabrina Colandrea e Raffaele Paolicelli.Nei secoli che hanno traghettato l\u2019umanit\u00e0 dal medioevo all\u2019et\u00e0 contemporanea, comunemente noti come et\u00e0 moderna, la citt\u00e0 di Matera ha vissuto imponenti stravolgimenti urbanistici e sociali, che hanno lasciato traccia documentale in preziosi registri, di natura sia ecclesiastica che civile.&nbsp;<\/p>\n\n\n\n<p>Grazie all\u2019approfondito&nbsp;studio di questo inestimabile materiale, dopo anni di ricerche e numerose pubblicazioni, la professoressa Angela Carbone presenta per la prima volta in pubblico a Matera i sorprendenti risultati di questo complesso lavoro di indagine che ha riguardato la citt\u00e0. Sono presentati temi complessi e illuminanti di demografia storica quali la composizione sociale e lavorativa, la condizione della donna, la struttura delle famiglie, i divari generazionali, lo stato dell\u2019infanzia, la condizione abitativa, fino a informazioni di natura statistica quali l\u2019onomastica (i nomi pi\u00f9 diffusi), i mestieri, e curiosi episodi desunti dalle carte processuali.<br>I risultati della professoressa Carbone sono imprescindibili per comprendere l\u2019evoluzione sociale di Matera e dei suoi rioni Sassi, e rappresentano un punto di partenza irrinunciabile per analizzare le vita quotidiana delle migliaia di persone che hanno abitato la nostra citt\u00e0 fra il Seicento e l\u2019Ottocento.<\/p>\n","protected":false},"excerpt":{"rendered":"<p>L\u2019Archivio di Stato di Matera, in collaborazione con la Rivista Mathera, organizza la Lectio Magistralis \u201cDonna, infanzia e famiglia a Matera in et\u00e0 moderna\u201d della professoressa Angela Carbone, docente di Storia moderna presso l\u2019Universit\u00e0 degli studi di Bari Aldo Moro \u2013 Dipartimento di Innovazione e Ricerca Umanistica. L\u2019appuntamento \u00e8 per oggi, venerd\u00ec 15 novembre, alle&#8230;<\/p>\n","protected":false},"author":4,"featured_media":3687,"comment_status":"open","ping_status":"open","sticky":false,"template":"","format":"standard","meta":{"footnotes":""},"categories":[2],"tags":[1720,344,8],"class_list":["post-3685","post","type-post","status-publish","format-standard","has-post-thumbnail","hentry","category-magazine","tag-angela-carbone","tag-archivio-di-stato","tag-matera"],"_links":{"self":[{"href":"https:\/\/www.virtual-press.com\/newsroom\/wp-json\/wp\/v2\/posts\/3685","targetHints":{"allow":["GET"]}}],"collection":[{"href":"https:\/\/www.virtual-press.com\/newsroom\/wp-json\/wp\/v2\/posts"}],"about":[{"href":"https:\/\/www.virtual-press.com\/newsroom\/wp-json\/wp\/v2\/types\/post"}],"author":[{"embeddable":true,"href":"https:\/\/www.virtual-press.com\/newsroom\/wp-json\/wp\/v2\/users\/4"}],"replies":[{"embeddable":true,"href":"https:\/\/www.virtual-press.com\/newsroom\/wp-json\/wp\/v2\/comments?post=3685"}],"version-history":[{"count":1,"href":"https:\/\/www.virtual-press.com\/newsroom\/wp-json\/wp\/v2\/posts\/3685\/revisions"}],"predecessor-version":[{"id":3688,"href":"https:\/\/www.virtual-press.com\/newsroom\/wp-json\/wp\/v2\/posts\/3685\/revisions\/3688"}],"wp:featuredmedia":[{"embeddable":true,"href":"https:\/\/www.virtual-press.com\/newsroom\/wp-json\/wp\/v2\/media\/3687"}],"wp:attachment":[{"href":"https:\/\/www.virtual-press.com\/newsroom\/wp-json\/wp\/v2\/media?parent=3685"}],"wp:term":[{"taxonomy":"category","embeddable":true,"href":"https:\/\/www.virtual-press.com\/newsroom\/wp-json\/wp\/v2\/categories?post=3685"},{"taxonomy":"post_tag","embeddable":true,"href":"https:\/\/www.virtual-press.com\/newsroom\/wp-json\/wp\/v2\/tags?post=3685"}],"curies":[{"name":"wp","href":"https:\/\/api.w.org\/{rel}","templated":true}]}}