{"id":3720,"date":"2024-11-29T00:07:00","date_gmt":"2024-11-28T23:07:00","guid":{"rendered":"https:\/\/www.virtual-press.com\/newsroom\/?p=3720"},"modified":"2024-11-23T15:01:58","modified_gmt":"2024-11-23T14:01:58","slug":"teatro-festival-ferrandina-a-mimi-presentata-la-stagione-2024-25-13-spettacoli-grandi-attori-e-unattenzione-speciale-per-i-piu-giovani","status":"publish","type":"post","link":"https:\/\/www.virtual-press.com\/newsroom\/teatro-festival-ferrandina-a-mimi-presentata-la-stagione-2024-25-13-spettacoli-grandi-attori-e-unattenzione-speciale-per-i-piu-giovani\/","title":{"rendered":"\u201cTeatro Festival Ferrandina-A Mim\u00ec\u201d presentata la stagione 2024\/25:\u00a013 spettacoli, grandi attori e un\u2019attenzione speciale per i pi\u00f9 giovani"},"content":{"rendered":"\n<p>Ferrandina si prepara ad accogliere una nuova stagione teatrale ricca di emozioni e sorprese.\u00a0La stagione teatrale 2024\/2025 del Comune di Ferrandina \u00e8 stata presentata nel corso di una conferenza stampa nella sala consiliare del municipio.\u00a0Fino al 26 aprile, il CineTeatro Bellocchio ospiter\u00e0 tredici spettacoli di altissimo livello, con grandi nomi del teatro italiano e compagnie emergenti. Ma non \u00e8 tutto: saranno proposti anche sette matin\u00e9e gratuite per le scuole, un\u2019opportunit\u00e0 unica per avvicinare i pi\u00f9 giovani al mondo del teatro e stimolare la loro curiosit\u00e0. Un cartellone variegato, che spazia dalla commedia al dramma, passando per il musical e la prosa, per un viaggio affascinante tra le diverse sfaccettature dell\u2019arte teatrale.<\/p>\n\n\n\n<p>&nbsp;\u201cSar\u00e0 una stagione entusiasmante- assicura Angela Melillo, direttore artistico della rassegna- con tanti spettacoli nuovi, artisti di prim\u2019ordine come Peppe Barra, Emilio Solfrizzi, Sergio Muniz, Giuseppe Pambieri, Paola Quattrini, Marisa Laurito, Enzo Gragnaniello e tanti altri, insieme a compagnie teatrali espressione del territorio\u201d.<\/p>\n\n\n\n<p>\u201c \u201cAMim\u00ec\u201d&nbsp;\u2013&nbsp; ha detto l\u2019assessore alla Cultura Pierluigi Di Biase- torna a farci compagnia anche quest\u2019anno. Un\u2019iniziativa fortemente voluta dall\u2019Amministrazione &nbsp;comunale per arricchire il nostro territorio e rafforzare il senso di comunit\u00e0. Ci attende un ricco calendario che ci offrir\u00e0 l\u2019opportunit\u00e0 di riflettere, emozionarci e condividere momenti unici. Un\u2019occasione preziosa, soprattutto in questo periodo, per ritrovarci e sentirci pi\u00f9 uniti\u201d.<\/p>\n\n\n\n<p>\u201cIl successo delle passate edizioni e l\u2019inserimento della nostra rassegna nell\u2019elenco del patrimonio culturale intangibile della Regione Basilicata \u2013 ha sottolineato il sindaco Carmine Lisanti &#8211; ci spingono a investire sempre di pi\u00f9 sulla cultura, un pilastro fondamentale per la crescita della nostra comunit\u00e0. Quest\u2019anno, grazie anche al contributo del GAL Start 2020, siamo particolarmente orgogliosi di poter offrire una sezione ancora pi\u00f9 ampia dedicata alle scuole, convinti che avvicinare i giovani al teatro significhi seminare i semi della creativit\u00e0 e della partecipazione attiva. Siamo certi che questa nuova stagione teatrale sar\u00e0 un\u2019occasione unica per vivere esperienze indimenticabili e rafforzare il senso di appartenenza al nostro territorio\u201d.<\/p>\n\n\n\n<p>Il costo dell\u2019abbonamento per seguire gli spettacoli della stagione 24\/25 \u00e8 di 120 euro in platea e di 90 in galleria. E\u2019 stato previsto, inoltre, un abbonamento per la fascia di et\u00e0 da 0 a 16 anni di 70 euro in platea e 50 in galleria. Sono fuori abbonamenti\u00a0gli spettacoli di Gruppo Teatro Bellocchio, Senzateatro e Sipario Aragonese.<\/p>\n\n\n\n<p>I biglietti dei singoli spettacoli sono disponibili su\u00a0<a href=\"http:\/\/noiticket.botteghinoweb.com\/\" target=\"_blank\" rel=\"noreferrer noopener\">noiticket.botteghinoweb.com\/<\/a>\u00a0 e al botteghino del CineTeatro Bellocchio il giorno dello spettacolo dalle 10 alle 13 e dalle 17 alle 20.30.<\/p>\n\n\n\n<p>Tutte le altre informazioni relative alla stagione A Mim\u00ec-Teatro festival Ferrandina sono disponibili sul sito del Comune di Ferrandina o contattando il numero 3898311672.<\/p>\n","protected":false},"excerpt":{"rendered":"<p>Ferrandina si prepara ad accogliere una nuova stagione teatrale ricca di emozioni e sorprese.\u00a0La stagione teatrale 2024\/2025 del Comune di Ferrandina \u00e8 stata presentata nel corso di una conferenza stampa nella sala consiliare del municipio.\u00a0Fino al 26 aprile, il CineTeatro Bellocchio ospiter\u00e0 tredici spettacoli di altissimo livello, con grandi nomi del teatro italiano e compagnie&#8230;<\/p>\n","protected":false},"author":4,"featured_media":3721,"comment_status":"open","ping_status":"open","sticky":false,"template":"","format":"standard","meta":{"footnotes":""},"categories":[2],"tags":[1728],"class_list":["post-3720","post","type-post","status-publish","format-standard","has-post-thumbnail","hentry","category-magazine","tag-teatro-festival"],"_links":{"self":[{"href":"https:\/\/www.virtual-press.com\/newsroom\/wp-json\/wp\/v2\/posts\/3720","targetHints":{"allow":["GET"]}}],"collection":[{"href":"https:\/\/www.virtual-press.com\/newsroom\/wp-json\/wp\/v2\/posts"}],"about":[{"href":"https:\/\/www.virtual-press.com\/newsroom\/wp-json\/wp\/v2\/types\/post"}],"author":[{"embeddable":true,"href":"https:\/\/www.virtual-press.com\/newsroom\/wp-json\/wp\/v2\/users\/4"}],"replies":[{"embeddable":true,"href":"https:\/\/www.virtual-press.com\/newsroom\/wp-json\/wp\/v2\/comments?post=3720"}],"version-history":[{"count":1,"href":"https:\/\/www.virtual-press.com\/newsroom\/wp-json\/wp\/v2\/posts\/3720\/revisions"}],"predecessor-version":[{"id":3722,"href":"https:\/\/www.virtual-press.com\/newsroom\/wp-json\/wp\/v2\/posts\/3720\/revisions\/3722"}],"wp:featuredmedia":[{"embeddable":true,"href":"https:\/\/www.virtual-press.com\/newsroom\/wp-json\/wp\/v2\/media\/3721"}],"wp:attachment":[{"href":"https:\/\/www.virtual-press.com\/newsroom\/wp-json\/wp\/v2\/media?parent=3720"}],"wp:term":[{"taxonomy":"category","embeddable":true,"href":"https:\/\/www.virtual-press.com\/newsroom\/wp-json\/wp\/v2\/categories?post=3720"},{"taxonomy":"post_tag","embeddable":true,"href":"https:\/\/www.virtual-press.com\/newsroom\/wp-json\/wp\/v2\/tags?post=3720"}],"curies":[{"name":"wp","href":"https:\/\/api.w.org\/{rel}","templated":true}]}}