{"id":3724,"date":"2024-12-06T00:15:00","date_gmt":"2024-12-05T23:15:00","guid":{"rendered":"https:\/\/www.virtual-press.com\/newsroom\/?p=3724"},"modified":"2024-12-01T21:15:02","modified_gmt":"2024-12-01T20:15:02","slug":"altrimedia-edizioni-alla-fiera-piu-libri-piu-liberi","status":"publish","type":"post","link":"https:\/\/www.virtual-press.com\/newsroom\/altrimedia-edizioni-alla-fiera-piu-libri-piu-liberi\/","title":{"rendered":"Altrimedia Edizioni alla fiera Pi\u00f9 Libri Pi\u00f9 Liberi"},"content":{"rendered":"\n<p>La casa editrice materana\u00a0<strong>Altrimedia Edizioni<\/strong>\u00a0\u00e8 presente anche quest\u2019anno a Roma alla\u00a0<strong>Fiera della Piccola e Media Editoria Pi\u00f9 Libri Pi\u00f9 Liberi<\/strong>.<\/p>\n\n\n\n<p>In occasione della ventitreesima edizione di Pi\u00f9 Libri Pi\u00f9 Liberi, che si svolger\u00e0 al Roma Convention Center \u2013 La Nuvola dell\u2019Eur, sono previsti&nbsp;<strong>sabato 7 dicembre<\/strong>&nbsp;nello&nbsp;<strong>stand P28 del Consiglio Regionale della Basilicata&nbsp;<\/strong>Piano Forum i firmacopie con alcune delle Autrici di&nbsp;<strong><em>Dietro il dipinto. Le narratrici delle tavole<\/em><\/strong>, l\u2019antologia curata dalla scrittrice&nbsp;<strong>Silvia Montemurro<\/strong>, e&nbsp;<strong><em>Si fa presto a dire domani<\/em><\/strong>, la raccolta di racconti di&nbsp;<strong>Adele Paolicelli<\/strong>.<\/p>\n\n\n\n<p><strong>Dalle 12.30 alle 15<\/strong>&nbsp;appuntamento con&nbsp;<strong>Cinzia Giorgio<\/strong>,&nbsp;<strong>Lucia Massaglia<\/strong>&nbsp;e&nbsp;<strong>Michela Scomazzon Galdi<\/strong>, tre delle undici Autrici di&nbsp;<em>Dietro il dipinto<\/em>. Alla base di questa antologia c\u2019\u00e8 un intento ben preciso: la sorellanza di penna. Ognuna delle scrittrici, infatti, si \u00e8 aperta mettendo parte della propria vita insieme a quella della donna dipinta in un quadro in una fusione di esperienze personali e ispirazioni artistiche. Ogni racconto \u00e8 un ponte tra passato e presente, tra la donna dipinta e la donna che scrive, tra l\u2019arte e la vita.<\/p>\n\n\n\n<p>\u201cScrivere di s\u00e9 attraverso l\u2019arte \u00e8 un atto di coraggio e vulnerabilit\u00e0, ma anche di grande potenza creativa. Ogni pennellata sulla tela diventa una parola sulla pagina, ogni sguardo catturato un\u2019emozione descritta\u201d, spiega la curatrice Montemurro.<\/p>\n\n\n\n<p>Adele Paolicelli accoglier\u00e0 il pubblico\u00a0<strong>dalle 16 alle 18<\/strong>. Quelli del suo\u00a0<em>Si fa presto a dire domani<\/em>\u00a0sono racconti che suscitano emozioni, storie in grado di portare dal riso al pianto, trame in apparenza lontane dalla nostra quotidianit\u00e0 ma che in realt\u00e0 sono pi\u00f9 vicine di quanto pensiamo. Le storie di Adele \u201channo la densit\u00e0 delle cose vere, \u2013 spiega l\u2019Editore nella prefazione \u2013 di una realt\u00e0 che colpisce per spessore e capacit\u00e0 d\u2019impatto. Adele fa la mediatrice culturale, si occupa di \u201caccoglienza\u02ee (termine se possibile ancora pi\u00f9 provocatorio), cercando di rendere pi\u00f9 agevole il processo d\u2019integrazione dei mi\u00adgranti che sbarcano sulle nostre coste dopo migliaia di chilometri di viaggi e sofferenze. Per loro, il passato ha avuto talvolta i contorni della tragedia, ma il domani \u00e8 spesso ancora una scommessa. Di qui il titolo della raccolta.\u201d<\/p>\n\n\n\n<p><strong>Pi\u00f9 libri pi\u00f9 liberi<\/strong><strong>&nbsp;<\/strong>\u00e8 la<strong>&nbsp;Fiera Nazionale della Piccola e Media Editoria,&nbsp;<\/strong>promossa e organizzata dall\u2019Associazione Italiana Editori&nbsp;ed \u00e8 la prima fiera italiana dedicata esclusivamente all\u2019editoria indipendente dove ogni anno circa 500 editori, provenienti da tutta Italia, presentano al pubblico le novit\u00e0 ed il proprio catalogo. Cinque giorni e oltre 650&nbsp;eventi in cui incontrare gli autori, assistere a reading e performance musicali, ascoltare dibattiti sulle tematiche di settore.<\/p>\n","protected":false},"excerpt":{"rendered":"<p>La casa editrice materana\u00a0Altrimedia Edizioni\u00a0\u00e8 presente anche quest\u2019anno a Roma alla\u00a0Fiera della Piccola e Media Editoria Pi\u00f9 Libri Pi\u00f9 Liberi. In occasione della ventitreesima edizione di Pi\u00f9 Libri Pi\u00f9 Liberi, che si svolger\u00e0 al Roma Convention Center \u2013 La Nuvola dell\u2019Eur, sono previsti&nbsp;sabato 7 dicembre&nbsp;nello&nbsp;stand P28 del Consiglio Regionale della Basilicata&nbsp;Piano Forum i firmacopie con&#8230;<\/p>\n","protected":false},"author":4,"featured_media":3728,"comment_status":"open","ping_status":"open","sticky":false,"template":"","format":"standard","meta":{"footnotes":""},"categories":[2],"tags":[588],"class_list":["post-3724","post","type-post","status-publish","format-standard","has-post-thumbnail","hentry","category-magazine","tag-altrimedia-edizioni"],"_links":{"self":[{"href":"https:\/\/www.virtual-press.com\/newsroom\/wp-json\/wp\/v2\/posts\/3724","targetHints":{"allow":["GET"]}}],"collection":[{"href":"https:\/\/www.virtual-press.com\/newsroom\/wp-json\/wp\/v2\/posts"}],"about":[{"href":"https:\/\/www.virtual-press.com\/newsroom\/wp-json\/wp\/v2\/types\/post"}],"author":[{"embeddable":true,"href":"https:\/\/www.virtual-press.com\/newsroom\/wp-json\/wp\/v2\/users\/4"}],"replies":[{"embeddable":true,"href":"https:\/\/www.virtual-press.com\/newsroom\/wp-json\/wp\/v2\/comments?post=3724"}],"version-history":[{"count":1,"href":"https:\/\/www.virtual-press.com\/newsroom\/wp-json\/wp\/v2\/posts\/3724\/revisions"}],"predecessor-version":[{"id":3729,"href":"https:\/\/www.virtual-press.com\/newsroom\/wp-json\/wp\/v2\/posts\/3724\/revisions\/3729"}],"wp:featuredmedia":[{"embeddable":true,"href":"https:\/\/www.virtual-press.com\/newsroom\/wp-json\/wp\/v2\/media\/3728"}],"wp:attachment":[{"href":"https:\/\/www.virtual-press.com\/newsroom\/wp-json\/wp\/v2\/media?parent=3724"}],"wp:term":[{"taxonomy":"category","embeddable":true,"href":"https:\/\/www.virtual-press.com\/newsroom\/wp-json\/wp\/v2\/categories?post=3724"},{"taxonomy":"post_tag","embeddable":true,"href":"https:\/\/www.virtual-press.com\/newsroom\/wp-json\/wp\/v2\/tags?post=3724"}],"curies":[{"name":"wp","href":"https:\/\/api.w.org\/{rel}","templated":true}]}}