{"id":3730,"date":"2024-12-02T00:15:00","date_gmt":"2024-12-01T23:15:00","guid":{"rendered":"https:\/\/www.virtual-press.com\/newsroom\/?p=3730"},"modified":"2024-12-01T21:17:44","modified_gmt":"2024-12-01T20:17:44","slug":"il-parco-e-le-sue-funzioni-nel-contesto-territoriale-ambientale-patrimoniale-culturale-economico-e-lesigenza-di-lavorare-insieme-nellinteresse-esclusivo-del-parco","status":"publish","type":"post","link":"https:\/\/www.virtual-press.com\/newsroom\/il-parco-e-le-sue-funzioni-nel-contesto-territoriale-ambientale-patrimoniale-culturale-economico-e-lesigenza-di-lavorare-insieme-nellinteresse-esclusivo-del-parco\/","title":{"rendered":"&#8220;Il Parco e le sue funzioni nel contesto territoriale: ambientale, patrimoniale, culturale, economico&#8221;\u00a0e l\u2019esigenza di lavorare insieme nell\u2019interesse esclusivo del Parco"},"content":{"rendered":"\n<p>Il convegno organizzato dall&#8217;Ente Parco della Murgia Materana, su iniziativa del presidente Giovanni Mianulli, ha visto una importante partecipazione; pi\u00f9 di un centinaio di persone che hanno sottolineato l&#8217;esigenza di lavorare insieme nell&#8217;interesse esclusivo del Parco.<\/p>\n\n\n\n<p>L&#8217;iniziativa si \u00e8 aperta con i saluti in streaming dell&#8217;assessora all&#8217;Ambiente della Regione Basilicata Laura Mongiello e del&nbsp;presidente della Provincia di Matera Francesco Mancini; a seguire anche i saluti del direttore dell&#8217;Apt Antonio Nicoletti, padrone di casa nella sala dell\u2019Open Space dell\u2019APT di&nbsp;piazza Vittorio Veneto a Matera. Subito dopo, l&#8217;intervento del sindaco di Montescaglioso Vincenzo Zito, presidente della Comunit\u00e0 del Parco ha evidenziato la centralit\u00e0 della Comunit\u00e0 e del Consiglio direttivo del Parco e la necessit\u00e0 di un rafforzamento delle competenze di indirizzo per rendere pi\u00f9 efficace l\u2019azione dell\u2019Ente Parco nella tutela e conservazione e della promozione del proprio patrimonio.<\/p>\n\n\n\n<p>Particolarmente interessante \u00e8 stata la partecipazione dei tre past-president del Parco, nell\u2019ordine Roberto Cifarelli, Pierfrancesco Pellecchia e Michele Lamacchia, a significare da un lato la volont\u00e0 di raccogliere l\u2019eredit\u00e0 tutta intera degli anni passati e dall\u2019altra dell\u2019importanza di una azione comune e sinergica per definire il futuro del Parco stesso.<\/p>\n\n\n\n<p>I presidenti che si sono avvicendati negli anni hanno voluto ricordare il valore di un patrimonio unico qual \u00e8 quello del Parco la cui&nbsp;<em>m<\/em><em>ission<\/em>&nbsp;non pu\u00f2 essere messa in discussione, tutt\u2019al pi\u00f9 aggiornata,&nbsp;come ha sottolineato&nbsp;Cifarelli, e per questo \u201c\u00e8 fondamentale capire anche a che punto siamo\u201d. Importante \u00e8 recuperare tutte le dimensioni del&nbsp;Parco, come l&#8217;aspetto archeologico, poco attenzionato fino a oggi. Fondamentale anche il concetto di \u201cPaesaggio\u201d come denominatore comune e l\u2019importanza dell\u2019altopiano murgico anche rispetto ai Sassi di Matera, che insieme costituiscono un contesto strategico per tutto il territorio,&nbsp;come ha ricordato&nbsp;Pellecchia.<\/p>\n\n\n\n<p>Importantissimo il ruolo dei proprietari e della conoscenza per attivare una reale consapevolezza nei cittadini del valore di un Parco come quello della Murgia Materana,&nbsp;ha voluto evidenziare&nbsp;Lamacchia, \u201ccos\u00ec ricco di biodiversit\u00e0 e che avrebbe bisogno di ben altre risorse economiche e lavorative, sul modello di altri parchi\u201d.<\/p>\n\n\n\n<p>Tutti gli interventi hanno di fatto condiviso l\u2019idea che la&nbsp;<em>mission<\/em>&nbsp;del Parco va valorizzata e modernizzata, non revisionata, e che Tutela e Conservazione debbano restare il principale obiettivo di azione: a dispetto di alcune ipotesi non si tratta di ridurre il perimetro del Parco come soluzione di comodo a talune criticit\u00e0 ma l\u2019esatto contrario, ovvero all\u2019ampliamento in direzione di Murgecchia e Serra d\u2019alto, di San Giuliano e dei comuni dell\u2019interno.<\/p>\n\n\n\n<p>Il&nbsp;presidente Mianulli&nbsp;nel fare propri questi impegni ha ricordato i primi passi compiuti nei primi mesi di presidenza e soprattutto la prospettiva di proseguire intanto il percorso di confronto e lavoro comune avviato oggi; la chiave sta intanto nella capacit\u00e0 di un lavoro e un impegno comune fra enti e con la partecipazione dei cittadini, nel recuperare un ruolo da protagonista dell\u2019Ente Parco e in alcuni obiettivi precisi: disciplinare gli accessi e i flussi veicolari in un\u2019ottica di sostenibilit\u00e0; l\u2019ipotesi di una ZTL del Parco; la salvaguardia dell&#8217;autenticit\u00e0 del territorio; la funzione dei&nbsp;proprietari visti come risorsa del Parco; la sentieristica, con i soci Cai e i membri del gruppo Speleologi che stanno lavorando per mappare e rendere fusibili percorsi non immediatamente visibili; gli investimenti su piste forestali carrabili e transitabili a beneficio delle attivit\u00e0 produttive del Parco; il ruolo di Matera come \u201cporta dei parchi\u201d della Basilicata; l\u2019opportunit\u00e0 data dal percoso di definizione del Piano di Gestione del sito Uneso, di cui l\u2019Ente Parco ha assunto il coordinamento.<\/p>\n\n\n\n<p>A proposito poi della necessit\u00e0 di gestione, il&nbsp;presidente Mianulli ha ricordato come a breve due bandi consentiranno di affidare i servizi relativi a Masseria Radogna, Iazzo Gattini e il percorso da porta Pistola a Murgia Timone da una parte e Parco dei monaci, Pianelle, Casello ferroviario di Montescaglioso dall\u2019altra, perch\u00e9 solo regolamentando \u00e8 possibile gestire e monitorare i flussi.<\/p>\n\n\n\n<p>Dopo il saluto del vicepresidente della&nbsp;giunta&nbsp;regionale, Pasquale Pepe, il quale ha ribadito l\u2019impegno della Regione sia in termini di investimento che di condivisione di una prospettiva di sviluppo del Parco, un intenso quanto pacato e competente dibattito ha fornito spunti tutti da valorizzare, assieme a una serie di criticit\u00e0 che potranno e dovranno essere affrontati seguendo il riferimento costitutivo e normativo del Piano del Parco che attraverso questo percorso si intende aggiornare e attualizzare.<\/p>\n","protected":false},"excerpt":{"rendered":"<p>Il convegno organizzato dall&#8217;Ente Parco della Murgia Materana, su iniziativa del presidente Giovanni Mianulli, ha visto una importante partecipazione; pi\u00f9 di un centinaio di persone che hanno sottolineato l&#8217;esigenza di lavorare insieme nell&#8217;interesse esclusivo del Parco. L&#8217;iniziativa si \u00e8 aperta con i saluti in streaming dell&#8217;assessora all&#8217;Ambiente della Regione Basilicata Laura Mongiello e del&nbsp;presidente della&#8230;<\/p>\n","protected":false},"author":4,"featured_media":3731,"comment_status":"open","ping_status":"open","sticky":false,"template":"","format":"standard","meta":{"footnotes":""},"categories":[2],"tags":[1059],"class_list":["post-3730","post","type-post","status-publish","format-standard","has-post-thumbnail","hentry","category-magazine","tag-ente-parco-della-murgia-materana"],"_links":{"self":[{"href":"https:\/\/www.virtual-press.com\/newsroom\/wp-json\/wp\/v2\/posts\/3730","targetHints":{"allow":["GET"]}}],"collection":[{"href":"https:\/\/www.virtual-press.com\/newsroom\/wp-json\/wp\/v2\/posts"}],"about":[{"href":"https:\/\/www.virtual-press.com\/newsroom\/wp-json\/wp\/v2\/types\/post"}],"author":[{"embeddable":true,"href":"https:\/\/www.virtual-press.com\/newsroom\/wp-json\/wp\/v2\/users\/4"}],"replies":[{"embeddable":true,"href":"https:\/\/www.virtual-press.com\/newsroom\/wp-json\/wp\/v2\/comments?post=3730"}],"version-history":[{"count":1,"href":"https:\/\/www.virtual-press.com\/newsroom\/wp-json\/wp\/v2\/posts\/3730\/revisions"}],"predecessor-version":[{"id":3732,"href":"https:\/\/www.virtual-press.com\/newsroom\/wp-json\/wp\/v2\/posts\/3730\/revisions\/3732"}],"wp:featuredmedia":[{"embeddable":true,"href":"https:\/\/www.virtual-press.com\/newsroom\/wp-json\/wp\/v2\/media\/3731"}],"wp:attachment":[{"href":"https:\/\/www.virtual-press.com\/newsroom\/wp-json\/wp\/v2\/media?parent=3730"}],"wp:term":[{"taxonomy":"category","embeddable":true,"href":"https:\/\/www.virtual-press.com\/newsroom\/wp-json\/wp\/v2\/categories?post=3730"},{"taxonomy":"post_tag","embeddable":true,"href":"https:\/\/www.virtual-press.com\/newsroom\/wp-json\/wp\/v2\/tags?post=3730"}],"curies":[{"name":"wp","href":"https:\/\/api.w.org\/{rel}","templated":true}]}}