{"id":3740,"date":"2024-12-16T00:04:00","date_gmt":"2024-12-15T23:04:00","guid":{"rendered":"https:\/\/www.virtual-press.com\/newsroom\/?p=3740"},"modified":"2024-12-09T19:47:10","modified_gmt":"2024-12-09T18:47:10","slug":"concerto-natale-nel-mondo-delli-c-minozzi-festa-di-matera-domani-17-dicembre-la-magia-della-musica-che-unisce-e-ispira","status":"publish","type":"post","link":"https:\/\/www.virtual-press.com\/newsroom\/concerto-natale-nel-mondo-delli-c-minozzi-festa-di-matera-domani-17-dicembre-la-magia-della-musica-che-unisce-e-ispira\/","title":{"rendered":"Concerto \u201cNatale nel Mondo\u201d dell\u2019I. C. Minozzi Festa di Matera, domani 17 dicembre. La magia della musica che unisce e ispira"},"content":{"rendered":"\n<p>L\u2019Istituto Comprensivo \u201cG. Minozzi \u2013 N. Festa\u201d invita le autorit\u00e0 civili e tutta la comunit\u00e0 al concerto \u201cNatale nel Mondo\u201d, che si terr\u00e0 nel cortile della Scuola Primaria \u201cMinozzi\u201d in Via Lucana 192, nel cuore pulsante di Matera, domani, marted\u00ec 17 dicembre, alle ore 11:00. Protagonisti di questo evento unico saranno il coro di voci bianche diretto dalla prof.ssa Monica Petrara e l\u2019orchestra diretta dal prof. Raffaele Esposto. Coro e orchestra sono pronti a trasportare il pubblico in un viaggio musicale attraverso le tradizioni natalizie di tutto il mondo.<\/p>\n\n\n\n<p>La Dirigente Scolastica, dott.ssa Alma Tigre, evidenzia con orgoglio il ruolo dell\u2019orchestra, che \u00e8 molto pi\u00f9 che un semplice laboratorio musicale; si tratta di un luogo dove i ragazzi imparano a crescere insieme, a sostenersi e a condividere emozioni. Eventi come questo ci ricordano quanto sia importante investire nella cultura e nei giovani.<\/p>\n\n\n\n<p>L\u2019orchestra dell\u2019Istituto Minozzi Festa rappresenta un fiore all\u2019occhiello della Scuola Secondaria di Primo Grado. Attraverso un percorso di studio e pratica musicale, i ragazzi sviluppano competenze fondamentali come la disciplina, l\u2019ascolto reciproco e la capacit\u00e0 di lavorare in gruppo. L\u2019integrazione tra il coro e l\u2019orchestra sottolinea l\u2019importanza di un progetto formativo che abbraccia tutte le fasce d\u2019et\u00e0 e offre ai giovani studenti l\u2019opportunit\u00e0 di sperimentare l\u2019emozione del palcoscenico e del lavoro collettivo. A questo scopo l\u2019offerta formativa della scuola si \u00e8 recentemente arricchita dell\u2019apporto della Banda di Istituto.<\/p>\n\n\n\n<p>Il Coro di Voci Bianche, composto dagli alunni della Scuola Primaria \u201cMinozzi\u201d e \u201cCappelluti\u201d insieme agli alunni delle classi prime della Scuola Secondaria \u201cFesta\u201d e \u201cCappelluti\u201d, rappresenta una straordinaria esperienza educativa e formativa per queste fasce d\u2019et\u00e0. Il canto corale consente ai bambini e ai ragazzi di sviluppare capacit\u00e0 espressive, sensibilit\u00e0 musicale e un forte senso di appartenenza. Inoltre, cantare insieme stimola l\u2019attenzione, l\u2019ascolto e la coordinazione, offrendo un percorso educativo che unisce crescita personale e condivisione.<\/p>\n\n\n\n<p>Questa iniziativa non \u00e8 solo un evento musicale, ma una vera esperienza educativa che celebra la forza aggregativa della musica, un linguaggio universale capace di creare legami solidali e trasmettere valori come l\u2019inclusione, la cooperazione e la bellezza della diversit\u00e0 culturale. Il concerto \u201cNatale nel Mondo\u201d rappresenta quindi un momento di crescita, non solo per gli studenti, ma per tutta la comunit\u00e0.<\/p>\n\n\n\n<p>L\u2019Istituto Minozzi-Festa, si conferma una fucina di cultura e innovazione educativa. Da anni, la scuola promuove iniziative che valorizzano l\u2019importanza della musica e delle arti come strumenti di sviluppo personale e collettivo. L\u2019orchestra, in particolare, \u00e8 un simbolo di eccellenza didattica e formativa, capace di educare i ragazzi alla bellezza e alla condivisione.<\/p>\n\n\n\n<p>Un ringraziamento speciale va ai docenti di strumento musicale Raffaele Esposto, Myriam Pisciotta, Ornella Ruzzi, Felice Tamborrino, a tutte le insegnanti della scuola primaria e a quanti vorranno essere presenti a questo appuntamento speciale, che promette di emozionare e avvicinare tutti, celebrando il vero spirito del Natale, fatto di solidariet\u00e0, condivisione e unit\u00e0.<\/p>\n","protected":false},"excerpt":{"rendered":"<p>L\u2019Istituto Comprensivo \u201cG. Minozzi \u2013 N. Festa\u201d invita le autorit\u00e0 civili e tutta la comunit\u00e0 al concerto \u201cNatale nel Mondo\u201d, che si terr\u00e0 nel cortile della Scuola Primaria \u201cMinozzi\u201d in Via Lucana 192, nel cuore pulsante di Matera, domani, marted\u00ec 17 dicembre, alle ore 11:00. Protagonisti di questo evento unico saranno il coro di voci&#8230;<\/p>\n","protected":false},"author":4,"featured_media":3741,"comment_status":"open","ping_status":"open","sticky":false,"template":"","format":"standard","meta":{"footnotes":""},"categories":[2],"tags":[1731,1036,691],"class_list":["post-3740","post","type-post","status-publish","format-standard","has-post-thumbnail","hentry","category-magazine","tag-coro","tag-minozzi-festa-2","tag-natale"],"_links":{"self":[{"href":"https:\/\/www.virtual-press.com\/newsroom\/wp-json\/wp\/v2\/posts\/3740","targetHints":{"allow":["GET"]}}],"collection":[{"href":"https:\/\/www.virtual-press.com\/newsroom\/wp-json\/wp\/v2\/posts"}],"about":[{"href":"https:\/\/www.virtual-press.com\/newsroom\/wp-json\/wp\/v2\/types\/post"}],"author":[{"embeddable":true,"href":"https:\/\/www.virtual-press.com\/newsroom\/wp-json\/wp\/v2\/users\/4"}],"replies":[{"embeddable":true,"href":"https:\/\/www.virtual-press.com\/newsroom\/wp-json\/wp\/v2\/comments?post=3740"}],"version-history":[{"count":1,"href":"https:\/\/www.virtual-press.com\/newsroom\/wp-json\/wp\/v2\/posts\/3740\/revisions"}],"predecessor-version":[{"id":3742,"href":"https:\/\/www.virtual-press.com\/newsroom\/wp-json\/wp\/v2\/posts\/3740\/revisions\/3742"}],"wp:featuredmedia":[{"embeddable":true,"href":"https:\/\/www.virtual-press.com\/newsroom\/wp-json\/wp\/v2\/media\/3741"}],"wp:attachment":[{"href":"https:\/\/www.virtual-press.com\/newsroom\/wp-json\/wp\/v2\/media?parent=3740"}],"wp:term":[{"taxonomy":"category","embeddable":true,"href":"https:\/\/www.virtual-press.com\/newsroom\/wp-json\/wp\/v2\/categories?post=3740"},{"taxonomy":"post_tag","embeddable":true,"href":"https:\/\/www.virtual-press.com\/newsroom\/wp-json\/wp\/v2\/tags?post=3740"}],"curies":[{"name":"wp","href":"https:\/\/api.w.org\/{rel}","templated":true}]}}