{"id":3797,"date":"2025-01-13T00:05:00","date_gmt":"2025-01-12T23:05:00","guid":{"rendered":"https:\/\/www.virtual-press.com\/newsroom\/?p=3797"},"modified":"2025-01-12T12:25:54","modified_gmt":"2025-01-12T11:25:54","slug":"festa-della-bruna-sul-carro-dellanno-giubilare-firmato-dallartista-francesca-cascione-la-ricchezza-delle-figure-e-delle-sculture-la-cura-dei-particolari-e-i-colori-brillanti","status":"publish","type":"post","link":"https:\/\/www.virtual-press.com\/newsroom\/festa-della-bruna-sul-carro-dellanno-giubilare-firmato-dallartista-francesca-cascione-la-ricchezza-delle-figure-e-delle-sculture-la-cura-dei-particolari-e-i-colori-brillanti\/","title":{"rendered":"Festa della Bruna: sul Carro dell\u2019anno Giubilare, firmato dall\u2019artista Francesca Cascione, la ricchezza delle figure e delle sculture, la cura dei particolari e i colori brillanti"},"content":{"rendered":"\n<figure class=\"wp-block-gallery has-nested-images columns-default is-cropped wp-block-gallery-1 is-layout-flex wp-block-gallery-is-layout-flex\">\n<figure class=\"wp-block-image size-large\"><img loading=\"lazy\" decoding=\"async\" width=\"1024\" height=\"1024\" data-id=\"3798\" src=\"https:\/\/www.virtual-press.com\/newsroom\/wp-content\/uploads\/2025\/01\/Carro-bozzetto-2025-1024x1024.jpg\" alt=\"\" class=\"wp-image-3798\" srcset=\"https:\/\/www.virtual-press.com\/newsroom\/wp-content\/uploads\/2025\/01\/Carro-bozzetto-2025-1024x1024.jpg 1024w, https:\/\/www.virtual-press.com\/newsroom\/wp-content\/uploads\/2025\/01\/Carro-bozzetto-2025-300x300.jpg 300w, https:\/\/www.virtual-press.com\/newsroom\/wp-content\/uploads\/2025\/01\/Carro-bozzetto-2025-150x150.jpg 150w, https:\/\/www.virtual-press.com\/newsroom\/wp-content\/uploads\/2025\/01\/Carro-bozzetto-2025-768x768.jpg 768w, https:\/\/www.virtual-press.com\/newsroom\/wp-content\/uploads\/2025\/01\/Carro-bozzetto-2025-850x850.jpg 850w, https:\/\/www.virtual-press.com\/newsroom\/wp-content\/uploads\/2025\/01\/Carro-bozzetto-2025.jpg 1200w\" sizes=\"auto, (max-width: 1024px) 100vw, 1024px\" \/><\/figure>\n<\/figure>\n\n\n\n<figure class=\"wp-block-gallery has-nested-images columns-default is-cropped wp-block-gallery-2 is-layout-flex wp-block-gallery-is-layout-flex\">\n<figure class=\"wp-block-image size-large\"><img loading=\"lazy\" decoding=\"async\" width=\"1024\" height=\"768\" data-id=\"3802\" src=\"https:\/\/www.virtual-press.com\/newsroom\/wp-content\/uploads\/2025\/01\/IMG-20250111-WA0002-1024x768.jpg\" alt=\"\" class=\"wp-image-3802\" srcset=\"https:\/\/www.virtual-press.com\/newsroom\/wp-content\/uploads\/2025\/01\/IMG-20250111-WA0002-1024x768.jpg 1024w, https:\/\/www.virtual-press.com\/newsroom\/wp-content\/uploads\/2025\/01\/IMG-20250111-WA0002-300x225.jpg 300w, https:\/\/www.virtual-press.com\/newsroom\/wp-content\/uploads\/2025\/01\/IMG-20250111-WA0002-768x576.jpg 768w, https:\/\/www.virtual-press.com\/newsroom\/wp-content\/uploads\/2025\/01\/IMG-20250111-WA0002-1536x1152.jpg 1536w, https:\/\/www.virtual-press.com\/newsroom\/wp-content\/uploads\/2025\/01\/IMG-20250111-WA0002-850x638.jpg 850w, https:\/\/www.virtual-press.com\/newsroom\/wp-content\/uploads\/2025\/01\/IMG-20250111-WA0002.jpg 1600w\" sizes=\"auto, (max-width: 1024px) 100vw, 1024px\" \/><\/figure>\n\n\n\n<figure class=\"wp-block-image size-large\"><img loading=\"lazy\" decoding=\"async\" width=\"1024\" height=\"768\" data-id=\"3801\" src=\"https:\/\/www.virtual-press.com\/newsroom\/wp-content\/uploads\/2025\/01\/IMG-20250111-WA0004-1024x768.jpg\" alt=\"\" class=\"wp-image-3801\" srcset=\"https:\/\/www.virtual-press.com\/newsroom\/wp-content\/uploads\/2025\/01\/IMG-20250111-WA0004-1024x768.jpg 1024w, https:\/\/www.virtual-press.com\/newsroom\/wp-content\/uploads\/2025\/01\/IMG-20250111-WA0004-300x225.jpg 300w, https:\/\/www.virtual-press.com\/newsroom\/wp-content\/uploads\/2025\/01\/IMG-20250111-WA0004-768x576.jpg 768w, https:\/\/www.virtual-press.com\/newsroom\/wp-content\/uploads\/2025\/01\/IMG-20250111-WA0004-1536x1152.jpg 1536w, https:\/\/www.virtual-press.com\/newsroom\/wp-content\/uploads\/2025\/01\/IMG-20250111-WA0004-850x638.jpg 850w, https:\/\/www.virtual-press.com\/newsroom\/wp-content\/uploads\/2025\/01\/IMG-20250111-WA0004.jpg 1600w\" sizes=\"auto, (max-width: 1024px) 100vw, 1024px\" \/><\/figure>\n\n\n\n<figure class=\"wp-block-image size-large\"><img loading=\"lazy\" decoding=\"async\" width=\"1024\" height=\"768\" data-id=\"3799\" src=\"https:\/\/www.virtual-press.com\/newsroom\/wp-content\/uploads\/2025\/01\/IMG-20250111-WA0003-1024x768.jpg\" alt=\"\" class=\"wp-image-3799\" srcset=\"https:\/\/www.virtual-press.com\/newsroom\/wp-content\/uploads\/2025\/01\/IMG-20250111-WA0003-1024x768.jpg 1024w, https:\/\/www.virtual-press.com\/newsroom\/wp-content\/uploads\/2025\/01\/IMG-20250111-WA0003-300x225.jpg 300w, https:\/\/www.virtual-press.com\/newsroom\/wp-content\/uploads\/2025\/01\/IMG-20250111-WA0003-768x576.jpg 768w, https:\/\/www.virtual-press.com\/newsroom\/wp-content\/uploads\/2025\/01\/IMG-20250111-WA0003-1536x1152.jpg 1536w, https:\/\/www.virtual-press.com\/newsroom\/wp-content\/uploads\/2025\/01\/IMG-20250111-WA0003-850x638.jpg 850w, https:\/\/www.virtual-press.com\/newsroom\/wp-content\/uploads\/2025\/01\/IMG-20250111-WA0003.jpg 1600w\" sizes=\"auto, (max-width: 1024px) 100vw, 1024px\" \/><\/figure>\n<\/figure>\n\n\n\n<p>La ricchezza delle figure e delle sculture, la cura dei particolari, i colori brillanti nei quali predomina il celeste, l\u2019attenzione ai dettagli: \u00e8 in questo mix il segreto del bozzetto vincitore del bando per la costruzione del carro trionfale per la Festa della Bruna 2025, firmato per la seconda volta consecutiva dall\u2019artista materana\u00a0<strong>Francesca Cascione<\/strong>. Il bozzetto \u00e8 stato presentato a Matera nella Basilicata Cattedrale alla presenza di mons. Pino Caiazzo che dal prossimo 16 marzo guider\u00e0 la Diocesi di Casena-Sarsina.<\/p>\n\n\n\n<p>\u201cSono molto felice, anche perch\u00e9 questo \u00e8 un anno importantissimo, l\u2019anno Giubilare, e ci tenevo tanto. Dar\u00f2 il massimo anche questa volta, affiancata dalla mia famiglia \u2013 il mio compagno, mia mamma, mio figlio e mia sorella. Mi auguro di migliorare rispetto al 2024, sicuramente c\u2019\u00e8 pi\u00f9 consapevolezza\u201d, dichiara l\u2019artista.<\/p>\n\n\n\n<p>Il tema \u00e8 \u00ab\u201dMio Signore e Mio Dio\u201d, tu mia Speranza (cfr. Gv20, 19-31)\u00bb, un passo evangelico che richiama l\u2019incredulit\u00e0 di San Tommaso. Un tema, spiega&nbsp;<strong>Franco Moliterni<\/strong>, responsabile del settore Cultura dell\u2019Associazione Maria SS. della Bruna, \u201cmolto moderno, perch\u00e9 oggi come oggi c\u2019\u00e8 un certo allontanamento da quelli che sono i valori del trascendente. Al di l\u00e0 del credo, parlo in generale, \u00e8 un aspetto importante, \u00e8 una necessit\u00e0 dell\u2019animo umano, quello di credere nel Trascendente. Nel caso specifico il brano \u00e8 veramente stupendo in quanto descrive l\u2019uomo contemporaneo e la situazione che sta vivendo, il bisogno della pace. Dal Vangelo, il Cristo, quando appare nel cenacolo ai discepoli impauriti, la prima cosa che dice \u00e8: \u201cPace a voi\u201d, e lo ripete anche quando \u00e8 presente San Tommaso. La pace \u00e8 collegata a un altro tema importante: nel brano che riguarda il perdono, Ges\u00f9 Cristo dice: \u201cA chi perdonerete saranno perdonati i peccati\u201d. Analizziamo questo discorso lasciando stare per un attimo l\u2019aspetto prettamente cristiano: parliamo di un perdono necessario come riconciliazione nell\u2019ambito dei rapporti familiari, sociali e del rapporto tra le nazioni. Se non c\u2019\u00e8 questo atteggiamento, \u2013 precisa Moliterni \u2013 questa predisposizione a mettere da parte i motivi del contendere e della lotta, non usciremo pi\u00f9 da una simile impasse. Abbiamo bisogno proprio di questi due elementi, pace e perdono\u201d.<\/p>\n\n\n\n<p>\u201cPer noi cristiani la speranza non \u00e8 un concetto astratto ma ha il volto e il nome di una persona in carne e ossa, Ges\u00f9 di Nazareth, il figlio di Maria\u201d, sottolinea&nbsp;<strong>Don Francesco Di Marzio,&nbsp;<\/strong>delegato arcivescovile. \u201cEssere uomini e donne di speranza in questo tempo cos\u00ec complesso \u00e8 difficile, significa accogliere il messaggio della speranza, il messaggio di Ges\u00f9 che \u00e8 un messaggio universale di fraternit\u00e0, solidariet\u00e0 e accoglienza reciproca. Se manca tutto questo, la speranza \u00e8 un concetto vuoto. Il 2025, poi, \u00e8 un anno speciale \u2013 conclude Don Francesco \u2013 l\u2019anno del Giubileo, per cui essere pellegrini di speranza significa incarnare nella nostra vita la logica delle beatitudini, delle opere di carit\u00e0 spirituali e corporali, perch\u00e9 la speranza si incarna nella nostra vita nella misura in cui siamo costruttori di pace, di bene e di quella speranza che mai viene meno\u201d.<\/p>\n\n\n\n<p>A colpire la Commissione (presieduta dal Prof.&nbsp;<strong>Amerigo Restucci<\/strong>&nbsp;e composta da&nbsp;<strong>Suor Maria Roversi<\/strong>, Prof.ssa&nbsp;<strong>Chiara Rizzi<\/strong>, Dott.&nbsp;<strong>Fabrizio Perrone<\/strong>&nbsp;e Sig.&nbsp;<strong>Giovanni Dell\u2019Acqua<\/strong>&nbsp;con il coordinamento della Notaio&nbsp;<strong>Brunella Carriero<\/strong>), come spiega il dott. Perrone, \u00e8 stata \u201cl\u2019aderenza al tema e soprattutto i colori che sono davvero brillanti, una peculiarit\u00e0 dei carri della Bruna. A vincere non poteva che essere un carro vivace, pieno di figure e di sculture, come quello della Cascione, che valorizzano il manufatto artistico\u201d.<\/p>\n\n\n\n<p>Nella categoria \u201cCostruttori\u201d al secondo posto si \u00e8 classificato Valentino Didio mentre nella \u201cAmatori\u201d il primo posto \u00e8 stato assegnato a Giovanni Bruno, secondo a Maria Paolicelli, terzo posto Emanuele Taratufolo. Gli altri bozzetti sono stati realizzati da Katia Mancusi, Valeria Noviello e Dario Giancipoli.<\/p>\n\n\n\n<p>Con la presentazione del bozzetto vincitore si \u00e8 entrati nel vivo della 636esima edizione della Festa: \u201cQuello di oggi \u00e8 il primo appuntamento che d\u00e0 l\u2019avvio ai festeggiamenti del 2025. \u2013 ha affermato il dott.&nbsp;<strong>Bruno Caiella<\/strong>, presidente dell\u2019Associazione Maria SS. della Bruna \u2013 Ricordiamoci per\u00f2 che l\u2019attivit\u00e0 dell\u2019Associazione non si ferma mai. \u00c8 un dato inconfutabile, gli eventi abbracciano l\u2019intero anno con progetti per i quali lavoriamo assiduamente. L\u2019Associazione ha il compito di attuare quello che stabilisce lo statuto, quindi far conoscere e promuovere le iniziative e lavorare su progetti che puntino ad ampliare l\u2019importanza, la conoscenza e l\u2019esistenza della nostra Festa. Una Festa che, senza presunzione, \u00e8 una delle pi\u00f9 importanti dell\u2019Italia meridionale\u201d.<\/p>\n\n\n\n<p>Nel corso della mattinata si \u00e8 svolta una breve esecuzione musicale affidata al trio Larato composto da Alberico alla zampogna e dai suoi figli Giuseppe all\u2019organetto e Guglielmo al tamburello.<\/p>\n\n\n\n<p class=\"has-text-align-right\"><strong>Rossella Montemurro<\/strong><\/p>\n","protected":false},"excerpt":{"rendered":"<p>La ricchezza delle figure e delle sculture, la cura dei particolari, i colori brillanti nei quali predomina il celeste, l\u2019attenzione ai dettagli: \u00e8 in questo mix il segreto del bozzetto vincitore del bando per la costruzione del carro trionfale per la Festa della Bruna 2025, firmato per la seconda volta consecutiva dall\u2019artista materana\u00a0Francesca Cascione. Il&#8230;<\/p>\n","protected":false},"author":4,"featured_media":3803,"comment_status":"open","ping_status":"open","sticky":false,"template":"","format":"standard","meta":{"footnotes":""},"categories":[2],"tags":[49,398,47,1533,8],"class_list":["post-3797","post","type-post","status-publish","format-standard","has-post-thumbnail","hentry","category-magazine","tag-2-luglio","tag-carro","tag-festa-della-bruna","tag-francesca-cascione","tag-matera"],"_links":{"self":[{"href":"https:\/\/www.virtual-press.com\/newsroom\/wp-json\/wp\/v2\/posts\/3797","targetHints":{"allow":["GET"]}}],"collection":[{"href":"https:\/\/www.virtual-press.com\/newsroom\/wp-json\/wp\/v2\/posts"}],"about":[{"href":"https:\/\/www.virtual-press.com\/newsroom\/wp-json\/wp\/v2\/types\/post"}],"author":[{"embeddable":true,"href":"https:\/\/www.virtual-press.com\/newsroom\/wp-json\/wp\/v2\/users\/4"}],"replies":[{"embeddable":true,"href":"https:\/\/www.virtual-press.com\/newsroom\/wp-json\/wp\/v2\/comments?post=3797"}],"version-history":[{"count":1,"href":"https:\/\/www.virtual-press.com\/newsroom\/wp-json\/wp\/v2\/posts\/3797\/revisions"}],"predecessor-version":[{"id":3804,"href":"https:\/\/www.virtual-press.com\/newsroom\/wp-json\/wp\/v2\/posts\/3797\/revisions\/3804"}],"wp:featuredmedia":[{"embeddable":true,"href":"https:\/\/www.virtual-press.com\/newsroom\/wp-json\/wp\/v2\/media\/3803"}],"wp:attachment":[{"href":"https:\/\/www.virtual-press.com\/newsroom\/wp-json\/wp\/v2\/media?parent=3797"}],"wp:term":[{"taxonomy":"category","embeddable":true,"href":"https:\/\/www.virtual-press.com\/newsroom\/wp-json\/wp\/v2\/categories?post=3797"},{"taxonomy":"post_tag","embeddable":true,"href":"https:\/\/www.virtual-press.com\/newsroom\/wp-json\/wp\/v2\/tags?post=3797"}],"curies":[{"name":"wp","href":"https:\/\/api.w.org\/{rel}","templated":true}]}}