{"id":3805,"date":"2025-01-16T00:06:00","date_gmt":"2025-01-15T23:06:00","guid":{"rendered":"https:\/\/www.virtual-press.com\/newsroom\/?p=3805"},"modified":"2025-01-16T09:41:44","modified_gmt":"2025-01-16T08:41:44","slug":"con-il-sentiero-409-un-nuovo-percorso-inserito-dallente-parco-della-murgia-materana-nel-catasto-regionale-dei-sentieri-il-19-escursione-inaugurale-della-sezione-cai-falco-naum","status":"publish","type":"post","link":"https:\/\/www.virtual-press.com\/newsroom\/con-il-sentiero-409-un-nuovo-percorso-inserito-dallente-parco-della-murgia-materana-nel-catasto-regionale-dei-sentieri-il-19-escursione-inaugurale-della-sezione-cai-falco-naum\/","title":{"rendered":"Con il Sentiero 409 un nuovo percorso inserito dall\u2019Ente Parco della Murgia Materana nel Catasto Regionale dei Sentieri.\u00a0 Il 19 escursione inaugurale della Sezione CAI \u201cFalco Naumanni\u201d"},"content":{"rendered":"\n<p>L\u2019escursione inaugurale lungo il Sentiero 409 del Parco della Murgia Materana, domenica 19 gennaio alle 8, d\u00e0 inizio al calendario delle attivit\u00e0 della Sezione CAI (Club Alpino Italiano) di Matera \u201cFalco Naumanni\u201d in programma nel 2025.<\/p>\n\n\n\n<p>Il Sentiero 409 inizia nei pressi del serbatoio di Contrada Murgia Timone, quando si imbocca uno sterrato che conduce al ripetitore conosciuto come \u201cTabellone\u201d. Dopo circa un chilometro, sulla destra, si incrocia un sentiero davanti al cui accesso \u00e8 posizionato un cancello che, oltrepassato, conduce a uno sterrato. Si raggiunge in discesa una costruzione abbandonata che si affaccia sulla gravina di Matera. Il percorso prosegue verso il Bosco del Comune e lo Jazzo del Comune. Uno sterrato prima e un percorso cementato poi conducono in salita al \u201cTabellone\u201d. Procedendo su un falso piano si ritorna al serbatoio di contrada Murgia Timone.<\/p>\n\n\n\n<p>Con il Sentiero 409 prosegue l\u2019impegno dell\u2019Ente Parco della Murgia Materana nel valorizzare e regolare l\u2019accesso al Parco, uno dei punti cardine della presidenza di Giovanni Mianulli. Si conferma anche la valenza del protocollo di collaborazione siglato tra il Parco Regionale della Murgia Materana e il CAI Gruppo Regionale della Basilicata per la&nbsp;conoscenza, valorizzazione e tutela dell\u2019ambiente, improntato a una maggiore attenzione e responsabilit\u00e0 verso il Parco.<\/p>\n\n\n\n<p>A disposizione di escursionisti e appassionati, dopo il Sentiero 406 \u2013 unica via che consente di raggiungere a piedi il Parco delle Chiese Rupestri partendo direttamente dai Sassi per mezzo della passerella sospesa realizzata nel 2016 che, da Porta Pistola, attraversa il torrente Gravina \u2013, c\u2019\u00e8 quindi un nuovo percorso inserito dall\u2019Ente Parco della Murgia Materana nel Catasto Regionale dei Sentieri. Negli ultimi mesi l\u2019Ente ha provveduto ad avviare l\u2019accatastamento dei Sentieri 406, 407, 408, 409 e 410. Sono inoltre prossimi il tracciamento e l\u2019accatastamento di almeno altri 20 Sentieri in un\u2019area, quella del Parco Murgia, che si estende su oltre 8mila ettari.<\/p>\n\n\n\n<p>Insieme agli altri Sentieri, anche il 409 sar\u00e0 inserito per la prima volta, in collaborazione con l\u2019Ufficio regionale per l\u2019Amministrazione digitale, nel Geoportale della Regione Basilicata&nbsp; (<a href=\"https:\/\/rsdi.regione.basilicata.it\/\" target=\"_blank\" rel=\"noreferrer noopener\">https:\/\/rsdi.regione.basilicata.it\/<\/a>), il principale canale di diffusione delle informazioni territoriali della Infrastruttura Regionale dei Dati Spaziali (RSDI). Uno strumento che agevola la ricerca delle informazioni fornendo materiali aggiornati sulla produzione cartografica tecnica e tematica e consente la visualizzazione online delle cartografie e il catalogo dei geodati.<\/p>\n\n\n\n<p>L\u2019escursione di domenica \u2013 configurata con difficolt\u00e0 \u201cE\u201d \u2013 terminer\u00e0 alle ore 13 e si svilupper\u00e0 lungo 10 chilometri. Il calendario completo delle attivit\u00e0 previste dalla Sezione CAI di Matera sar\u00e0 presentato domani, sabato 18 gennaio, alle 16.30 nell\u2019Open Space APT in piazza Vittorio Veneto.<\/p>\n","protected":false},"excerpt":{"rendered":"<p>L\u2019escursione inaugurale lungo il Sentiero 409 del Parco della Murgia Materana, domenica 19 gennaio alle 8, d\u00e0 inizio al calendario delle attivit\u00e0 della Sezione CAI (Club Alpino Italiano) di Matera \u201cFalco Naumanni\u201d in programma nel 2025. Il Sentiero 409 inizia nei pressi del serbatoio di Contrada Murgia Timone, quando si imbocca uno sterrato che conduce&#8230;<\/p>\n","protected":false},"author":4,"featured_media":3806,"comment_status":"open","ping_status":"open","sticky":false,"template":"","format":"standard","meta":{"footnotes":""},"categories":[2],"tags":[662,8,1739],"class_list":["post-3805","post","type-post","status-publish","format-standard","has-post-thumbnail","hentry","category-magazine","tag-ente-parco-murgia","tag-matera","tag-sentiero-409"],"_links":{"self":[{"href":"https:\/\/www.virtual-press.com\/newsroom\/wp-json\/wp\/v2\/posts\/3805","targetHints":{"allow":["GET"]}}],"collection":[{"href":"https:\/\/www.virtual-press.com\/newsroom\/wp-json\/wp\/v2\/posts"}],"about":[{"href":"https:\/\/www.virtual-press.com\/newsroom\/wp-json\/wp\/v2\/types\/post"}],"author":[{"embeddable":true,"href":"https:\/\/www.virtual-press.com\/newsroom\/wp-json\/wp\/v2\/users\/4"}],"replies":[{"embeddable":true,"href":"https:\/\/www.virtual-press.com\/newsroom\/wp-json\/wp\/v2\/comments?post=3805"}],"version-history":[{"count":2,"href":"https:\/\/www.virtual-press.com\/newsroom\/wp-json\/wp\/v2\/posts\/3805\/revisions"}],"predecessor-version":[{"id":3808,"href":"https:\/\/www.virtual-press.com\/newsroom\/wp-json\/wp\/v2\/posts\/3805\/revisions\/3808"}],"wp:featuredmedia":[{"embeddable":true,"href":"https:\/\/www.virtual-press.com\/newsroom\/wp-json\/wp\/v2\/media\/3806"}],"wp:attachment":[{"href":"https:\/\/www.virtual-press.com\/newsroom\/wp-json\/wp\/v2\/media?parent=3805"}],"wp:term":[{"taxonomy":"category","embeddable":true,"href":"https:\/\/www.virtual-press.com\/newsroom\/wp-json\/wp\/v2\/categories?post=3805"},{"taxonomy":"post_tag","embeddable":true,"href":"https:\/\/www.virtual-press.com\/newsroom\/wp-json\/wp\/v2\/tags?post=3805"}],"curies":[{"name":"wp","href":"https:\/\/api.w.org\/{rel}","templated":true}]}}