{"id":3809,"date":"2025-01-20T00:08:00","date_gmt":"2025-01-19T23:08:00","guid":{"rendered":"https:\/\/www.virtual-press.com\/newsroom\/?p=3809"},"modified":"2025-01-15T13:32:02","modified_gmt":"2025-01-15T12:32:02","slug":"grassano-il-profilo-e-lo-spessore-umano-dellimprenditore-economico-galantuomo-innocenzo-grassani-nel-quarantennale-della-morte","status":"publish","type":"post","link":"https:\/\/www.virtual-press.com\/newsroom\/grassano-il-profilo-e-lo-spessore-umano-dellimprenditore-economico-galantuomo-innocenzo-grassani-nel-quarantennale-della-morte\/","title":{"rendered":"Grassano, il profilo e lo spessore umano dell\u2019imprenditore economico galantuomo Innocenzo Grassani nel quarantennale della morte"},"content":{"rendered":"\n<figure class=\"wp-block-image size-large\"><img loading=\"lazy\" decoding=\"async\" width=\"1024\" height=\"1010\" src=\"https:\/\/www.virtual-press.com\/newsroom\/wp-content\/uploads\/2025\/01\/20250112_153656-1024x1010.jpg\" alt=\"\" class=\"wp-image-3811\" srcset=\"https:\/\/www.virtual-press.com\/newsroom\/wp-content\/uploads\/2025\/01\/20250112_153656-1024x1010.jpg 1024w, https:\/\/www.virtual-press.com\/newsroom\/wp-content\/uploads\/2025\/01\/20250112_153656-300x296.jpg 300w, https:\/\/www.virtual-press.com\/newsroom\/wp-content\/uploads\/2025\/01\/20250112_153656-768x758.jpg 768w, https:\/\/www.virtual-press.com\/newsroom\/wp-content\/uploads\/2025\/01\/20250112_153656-1536x1515.jpg 1536w, https:\/\/www.virtual-press.com\/newsroom\/wp-content\/uploads\/2025\/01\/20250112_153656-2048x2020.jpg 2048w, https:\/\/www.virtual-press.com\/newsroom\/wp-content\/uploads\/2025\/01\/20250112_153656-850x839.jpg 850w\" sizes=\"auto, (max-width: 1024px) 100vw, 1024px\" \/><\/figure>\n\n\n\n<p><\/p>\n\n\n\n<p>\u201cC\u2019era un tratto della sua personalit\u00e0 che \u00e8 di pochi, la capacit\u00e0 di saper coniugare le proprie idee, ambizioni, progetti, con il bene comune, con il bene delle tante persone che ha incontrato.<\/p>\n\n\n\n<p>Era il suo carisma nel lavoro. Quello che ha realizzato, oltre ad essere un successo personale, era un successo della comunit\u00e0 ed aveva il volto della gente.\u201d<\/p>\n\n\n\n<p>Queste parole del dott. Giuseppe Failla rispecchiano il profilo e lo spessore umano dell\u2019imprenditore grassanese Innocenzo Grassani. Lo scorso 27 dicembre a Grassano, nel quarantennale della morte (avvenuta a Roma il 24 dicembre 1984), si \u00e8 svolta una messa di commemorazione.<\/p>\n\n\n\n<p>Lo storico fondatore delle autolinee Grassani (il testimone \u00e8 passato al figlio Giovanni e ai nipoti Innocenzo e Rosangela), azienda leader nel settore, in un articolo di Daniele Cappiello pubblicato su Citt\u00e0 Domani il 30 dicembre 1984, veniva ricordato per l\u2019innata sensibilit\u00e0: \u201cLealt\u00e0, amicizia, senso del dovere verso gli altri prima che verso se stessi; (\u2026). Negli ultimi anni, la sua figura si andava lentamente trasformando da imprenditore in difensore dei deboli, dei pi\u00f9 poveri: tutti ormai conoscevano la sua bont\u00e0, il suo punto debole, e sfruttavano la sua generosit\u00e0 inesauribile\u201d.<\/p>\n\n\n\n<p>Il dott. Failla, suo genero, ha dato alle stampe l\u2019opuscolo&nbsp;<em>Innocenzo Grassani, operatore economico galantuomo&nbsp;<\/em>corredato da foto che ripercorrono alcuni dei momenti trascorsi con gli affetti pi\u00f9 cari.<\/p>\n\n\n\n<p class=\"has-text-align-right\"><strong>Rossella Montemurro<\/strong><\/p>\n","protected":false},"excerpt":{"rendered":"<p>\u201cC\u2019era un tratto della sua personalit\u00e0 che \u00e8 di pochi, la capacit\u00e0 di saper coniugare le proprie idee, ambizioni, progetti, con il bene comune, con il bene delle tante persone che ha incontrato. Era il suo carisma nel lavoro. Quello che ha realizzato, oltre ad essere un successo personale, era un successo della comunit\u00e0 ed&#8230;<\/p>\n","protected":false},"author":4,"featured_media":3810,"comment_status":"open","ping_status":"open","sticky":false,"template":"","format":"standard","meta":{"footnotes":""},"categories":[2],"tags":[496,1740,1741],"class_list":["post-3809","post","type-post","status-publish","format-standard","has-post-thumbnail","hentry","category-magazine","tag-grassano","tag-innocenzo-grassani","tag-pino-failla"],"_links":{"self":[{"href":"https:\/\/www.virtual-press.com\/newsroom\/wp-json\/wp\/v2\/posts\/3809","targetHints":{"allow":["GET"]}}],"collection":[{"href":"https:\/\/www.virtual-press.com\/newsroom\/wp-json\/wp\/v2\/posts"}],"about":[{"href":"https:\/\/www.virtual-press.com\/newsroom\/wp-json\/wp\/v2\/types\/post"}],"author":[{"embeddable":true,"href":"https:\/\/www.virtual-press.com\/newsroom\/wp-json\/wp\/v2\/users\/4"}],"replies":[{"embeddable":true,"href":"https:\/\/www.virtual-press.com\/newsroom\/wp-json\/wp\/v2\/comments?post=3809"}],"version-history":[{"count":1,"href":"https:\/\/www.virtual-press.com\/newsroom\/wp-json\/wp\/v2\/posts\/3809\/revisions"}],"predecessor-version":[{"id":3812,"href":"https:\/\/www.virtual-press.com\/newsroom\/wp-json\/wp\/v2\/posts\/3809\/revisions\/3812"}],"wp:featuredmedia":[{"embeddable":true,"href":"https:\/\/www.virtual-press.com\/newsroom\/wp-json\/wp\/v2\/media\/3810"}],"wp:attachment":[{"href":"https:\/\/www.virtual-press.com\/newsroom\/wp-json\/wp\/v2\/media?parent=3809"}],"wp:term":[{"taxonomy":"category","embeddable":true,"href":"https:\/\/www.virtual-press.com\/newsroom\/wp-json\/wp\/v2\/categories?post=3809"},{"taxonomy":"post_tag","embeddable":true,"href":"https:\/\/www.virtual-press.com\/newsroom\/wp-json\/wp\/v2\/tags?post=3809"}],"curies":[{"name":"wp","href":"https:\/\/api.w.org\/{rel}","templated":true}]}}