{"id":3822,"date":"2025-02-10T00:09:00","date_gmt":"2025-02-09T23:09:00","guid":{"rendered":"https:\/\/www.virtual-press.com\/newsroom\/?p=3822"},"modified":"2025-01-31T21:16:06","modified_gmt":"2025-01-31T20:16:06","slug":"matera-torna-il-teatro-che-cresce-la-rassegna-di-teatro-contemporaneo-di-iac-centro-arti-integrate","status":"publish","type":"post","link":"https:\/\/www.virtual-press.com\/newsroom\/matera-torna-il-teatro-che-cresce-la-rassegna-di-teatro-contemporaneo-di-iac-centro-arti-integrate\/","title":{"rendered":"Matera: a febbraio torna &#8220;Il teatro che cresce&#8221;, la rassegna di teatro contemporaneo di IAC &#8211; Centro Arti Integrate"},"content":{"rendered":"\n<p>A febbraio, torna a Matera <strong><em>Il teatro che cresce <\/em><\/strong>, la rassegna di <strong>teatro contemporaneo <\/strong>di <strong>IAC &#8211; Centro Arti Integrate. <\/strong>In programma <strong>da febbraio a maggio 2025<\/strong>, 10 spettacoli di <strong>teatro contemporaneo <\/strong>che utilizzano <strong>linguaggi artistici differenti <\/strong>: dal teatro di narrazione a quello di figura, dal video alla performance partecipata. La rassegna vuole far crescere la cultura teatrale in citt\u00e0, <strong>favorendo l&#8217;incontro tra teatro e cittadini, tradizione e innovazione, artisti emergenti e compagnie affermate <\/strong>. Gli spettacoli programmati, attraverso testi classici e contemporanei, sono pensati per coinvolgere pubblici diversi: bambini, bambine, ragazzi, ragazze e adulti. Di seguito <strong>alcuni dettagli <\/strong>sugli spettacoli in programma. <strong>Il teatro che cresce &#8211; KIDS <\/strong>, spettacoli che si rivolgono soprattutto ai pi\u00f9 piccoli:<\/p>\n\n\n\n<p><strong><em>L\u2019isola degli animali<\/em><\/strong>, andato in scena nei giorni scorsi, \u00e8 stato il primo appuntamento dedicato ai pi\u00f9 piccoli e alle pi\u00f9 piccole. Un lavoro di Astragali Teatro inteso come occasione per promuovere una riflessione critica sul mondo contemporaneo, nel quale \u00e8 assolutamente necessaria una riappacificazione con il territorio e gli esseri umani e animali che lo coabitano.<\/p>\n\n\n\n<p>Il <strong>14 febbraio 2025 <\/strong>la rassegna prosegue con <strong><em>La fiaba di Biancaneve <\/em><\/strong>di Teatro delle Forche che sipropone come una sorta di laboratorio del sentimento, attraverso una delle storie pi\u00f9 conosciute e care aibimbi attraverso l\u2019uso della maschera, linguaggio icastico per eccellenza, capace di divertire e allo stessomodo di mostrare con chiarezza il sentimento rappresentato.<\/p>\n\n\n\n<p><strong>Il gatto e la volpe <\/strong>di Teatro del Cerchio che continua la rilettura dei classici, rivisitandoli e trasformandoli per renderli adatti ai pi\u00f9 piccoli e per non farli tramontare mai va in scena il <strong>9 marzo 2025<\/strong>.<\/p>\n\n\n\n<p>Il <strong>30 marzo 2025 <em>Cappuccetto rosso kamishibai <\/em><\/strong>di teatroP si serve di un\u2019antica forma di narrazione giapponese, arricchita di dettagli e particolari, racconta dell\u2019importanza di avere fiducia in se stessi e non avere troppa paura di ci\u00f2 che non si conosce.<\/p>\n\n\n\n<p>La rassegna continua il <strong>13 aprile 2025 <\/strong>con <strong><em>Questo \u00e8 lo spettacolo migliore del mondo <\/em><\/strong>di Effimero Meraviglioso, una riflessione ironica e colorata sul concetto del talento, sull\u2019aspettativa e sulla retorica della vittoria, un dialogo spettacolare con il giovane pubblico per esplorare le contraddizioni di una societ\u00e0 iper-performativa, per superare il vuoto giudizio qualitativo dell\u2019aggettivo \u201cmigliore\u201d, in cerca di alternative creative, narrative e ludiche per definire la variet\u00e0 brillante del mondo.<\/p>\n\n\n\n<p><strong><em>I <\/em><\/strong><strong>l teatro che cresce <\/strong>per <strong>adulti <\/strong>, spettacoli che si rivolgono a ragazzi, ragazze e adulti:<\/p>\n\n\n\n<p>Il <strong>28 febbraio <\/strong>e <strong>1 marzo 2025 <\/strong>va in scena <strong><em>Sveglia<\/em><\/strong>, il nuovo lavoro dell\u2019attore materano <strong>Cosimo Frascella <\/strong>che invita a riflettere sul senso della vita, della morte e sulla consapevolezza tentando di portare il pubblico a guardare con occhi nuovi la propria esistenza, facendo emergere domande e consapevolezze spesso trascurate nella frenesia della vita quotidiana.<\/p>\n\n\n\n<p>Il <strong>15 marzo 2025 <\/strong>proponiamo <strong><em>Sola contro la mafia <\/em><\/strong>di Teatrermitage racconta la storia di Maria, della sua forza e del suo coraggio. \u00c8 una storia vera iniziata nel nord della Puglia a met\u00e0 degli anni ottanta e non ancora terminata.<\/p>\n\n\n\n<p><strong><em>Magar\u00eca <\/em><\/strong>di Agartha va in scena il <strong>17 <\/strong>e il <strong>18 aprile 2025<\/strong>. Lo spettacolo esplora la dimensione atemporale e globale uomo-natura, sacro-profano, inscenando un mondo occulto, fatto di ritualit\u00e0 pi\u00f9 che superstizione, sopravvissuto in alcune province del Mediterraneo (dalla Calabria al Nord Africa).<\/p>\n\n\n\n<p>Il <strong>9 <\/strong>e il <strong>10 maggio 2025 <\/strong>debutta <strong><em>Caivano Dreamin\u2019 <\/em><\/strong>di Fulvio Sacco che racconta di due improbabili uomini della provincia di Napoli che decidono di inseguire il \u201cSogno Americano\u201d imbarcandosi per Ellis Island, New York. Quello che sanno, \u00e8 che non hanno nulla se non la speranza, i sogni e delle bottiglie di anice che hanno come logo il disegno di un topo in pantaloncini corti con una bottiglia in mano.<\/p>\n\n\n\n<p><strong>Dal 16 al 18 maggio 2025 <\/strong>torna il Teatro delle Albe con <strong><em>Nephesh <\/em><\/strong>di Alessandro Renda. \u00c8 una performance che affronta il tema della precariet\u00e0 della vita. Ognuno, in base alle proprie credenze, esperienze personali e culturali, percepisce il lutto in modo diverso.<\/p>\n\n\n\n<p>Gli spettacoli si terranno nella sede di <strong>IAC <\/strong>, in via Casalnuovo 154 a Matera, <strong>ad eccezione <\/strong>per Nephesh il cui luogo \u00e8 in via di definizione. Le <strong>repliche pomeridiane <\/strong>, pensate soprattutto per un pubblico di bambine e bambini, inizieranno alle <strong>18:00 <\/strong>; le <strong>repliche serali <\/strong>alle ore <strong>20:00 <\/strong>. Il <strong>botteghino <\/strong>aprir\u00e0 <strong>mezz\u2019ora prima di ogni spettacolo ma sar\u00e0 comunque possibile prenotare <\/strong>il proprio posto. L\u2019ingresso per un <strong>biglietto intero <\/strong>ha un costo di <strong>8\u20ac <\/strong>; l\u2019ingresso per un <strong>biglietto ridotto <\/strong>(under 18) ha un costo di <strong>5\u20ac <\/strong>. <\/p>\n\n\n\n<p><strong>Per ulteriori informazioni e prenotazioni: + <\/strong>39 327 4095384 Il <strong>programma completo <\/strong>de Il teatro che cresce 2025 \u00e8 consultabile sul sito al link <strong>https:\/\/www.centroiac.com\/il-teatro-che-cresce-2025\/ <\/strong>e sui nostri canali social <strong>IAC Centro Arti Integrate <\/strong>(Facebook) e <strong>iac_centro_arti_integrate <\/strong>(Instagram) <\/p>\n\n\n\n<p>La rassegna \u00e8 organizzata da IAC con il sostegno del <strong>Ministero della Cultura <\/strong>, della <strong>Regione Basilicata <\/strong>e del <strong>Comune di Matera <\/strong>. <strong>IAC Centro Arti Integrate <\/strong>\u00e8 una compagnia di promozione e di produzione teatrale, nata nel 2010 a Matera su iniziativa di <strong>Nadia Casamassima <\/strong>e <strong>Andrea Santantonio <\/strong>, attualmente direttrice e direttore artistico. Dal 2021 \u00e8 riconosciuta dal Ministero della Cultura come \u201c <em>Impresa di produzione di teatro di innovazione nell\u2019ambito della sperimentazione e del teatro per l\u2019infanzia e la giovent\u00f9 <\/em>\u201d.<\/p>\n","protected":false},"excerpt":{"rendered":"<p>A febbraio, torna a Matera Il teatro che cresce , la rassegna di teatro contemporaneo di IAC &#8211; Centro Arti Integrate. In programma da febbraio a maggio 2025, 10 spettacoli di teatro contemporaneo che utilizzano linguaggi artistici differenti : dal teatro di narrazione a quello di figura, dal video alla performance partecipata. La rassegna vuole&#8230;<\/p>\n","protected":false},"author":4,"featured_media":3823,"comment_status":"open","ping_status":"open","sticky":false,"template":"","format":"standard","meta":{"footnotes":""},"categories":[2],"tags":[1744,1590,8],"class_list":["post-3822","post","type-post","status-publish","format-standard","has-post-thumbnail","hentry","category-magazine","tag-centro-arti-integrate","tag-iac","tag-matera"],"_links":{"self":[{"href":"https:\/\/www.virtual-press.com\/newsroom\/wp-json\/wp\/v2\/posts\/3822","targetHints":{"allow":["GET"]}}],"collection":[{"href":"https:\/\/www.virtual-press.com\/newsroom\/wp-json\/wp\/v2\/posts"}],"about":[{"href":"https:\/\/www.virtual-press.com\/newsroom\/wp-json\/wp\/v2\/types\/post"}],"author":[{"embeddable":true,"href":"https:\/\/www.virtual-press.com\/newsroom\/wp-json\/wp\/v2\/users\/4"}],"replies":[{"embeddable":true,"href":"https:\/\/www.virtual-press.com\/newsroom\/wp-json\/wp\/v2\/comments?post=3822"}],"version-history":[{"count":4,"href":"https:\/\/www.virtual-press.com\/newsroom\/wp-json\/wp\/v2\/posts\/3822\/revisions"}],"predecessor-version":[{"id":3836,"href":"https:\/\/www.virtual-press.com\/newsroom\/wp-json\/wp\/v2\/posts\/3822\/revisions\/3836"}],"wp:featuredmedia":[{"embeddable":true,"href":"https:\/\/www.virtual-press.com\/newsroom\/wp-json\/wp\/v2\/media\/3823"}],"wp:attachment":[{"href":"https:\/\/www.virtual-press.com\/newsroom\/wp-json\/wp\/v2\/media?parent=3822"}],"wp:term":[{"taxonomy":"category","embeddable":true,"href":"https:\/\/www.virtual-press.com\/newsroom\/wp-json\/wp\/v2\/categories?post=3822"},{"taxonomy":"post_tag","embeddable":true,"href":"https:\/\/www.virtual-press.com\/newsroom\/wp-json\/wp\/v2\/tags?post=3822"}],"curies":[{"name":"wp","href":"https:\/\/api.w.org\/{rel}","templated":true}]}}