{"id":3829,"date":"2025-01-30T12:39:43","date_gmt":"2025-01-30T11:39:43","guid":{"rendered":"https:\/\/www.virtual-press.com\/newsroom\/?p=3829"},"modified":"2025-01-30T12:39:43","modified_gmt":"2025-01-30T11:39:43","slug":"nuove-corone-per-la-sacra-effigie-della-madonna-della-bruna-e-del-bambinello-il-significato-di-unoperazione-epocale","status":"publish","type":"post","link":"https:\/\/www.virtual-press.com\/newsroom\/nuove-corone-per-la-sacra-effigie-della-madonna-della-bruna-e-del-bambinello-il-significato-di-unoperazione-epocale\/","title":{"rendered":"Nuove Corone per la Sacra Effigie della Madonna della Bruna e del Bambinello, il significato di un\u2019operazione epocale"},"content":{"rendered":"\n<figure class=\"wp-block-gallery has-nested-images columns-default is-cropped wp-block-gallery-1 is-layout-flex wp-block-gallery-is-layout-flex\">\n<figure class=\"wp-block-image size-large\"><img loading=\"lazy\" decoding=\"async\" width=\"1024\" height=\"1024\" data-id=\"3830\" src=\"https:\/\/www.virtual-press.com\/newsroom\/wp-content\/uploads\/2025\/01\/464387032_967613275392088_908450555511187959_n-1-1024x1024.jpg\" alt=\"\" class=\"wp-image-3830\" srcset=\"https:\/\/www.virtual-press.com\/newsroom\/wp-content\/uploads\/2025\/01\/464387032_967613275392088_908450555511187959_n-1-1024x1024.jpg 1024w, https:\/\/www.virtual-press.com\/newsroom\/wp-content\/uploads\/2025\/01\/464387032_967613275392088_908450555511187959_n-1-300x300.jpg 300w, https:\/\/www.virtual-press.com\/newsroom\/wp-content\/uploads\/2025\/01\/464387032_967613275392088_908450555511187959_n-1-150x150.jpg 150w, https:\/\/www.virtual-press.com\/newsroom\/wp-content\/uploads\/2025\/01\/464387032_967613275392088_908450555511187959_n-1-768x768.jpg 768w, https:\/\/www.virtual-press.com\/newsroom\/wp-content\/uploads\/2025\/01\/464387032_967613275392088_908450555511187959_n-1-850x850.jpg 850w, https:\/\/www.virtual-press.com\/newsroom\/wp-content\/uploads\/2025\/01\/464387032_967613275392088_908450555511187959_n-1.jpg 1201w\" sizes=\"auto, (max-width: 1024px) 100vw, 1024px\" \/><\/figure>\n\n\n\n<figure class=\"wp-block-image size-large\"><img loading=\"lazy\" decoding=\"async\" width=\"1024\" height=\"1024\" data-id=\"3831\" src=\"https:\/\/www.virtual-press.com\/newsroom\/wp-content\/uploads\/2025\/01\/464419060_967613208725428_7346802462129037575_n-1-1024x1024.jpg\" alt=\"\" class=\"wp-image-3831\" srcset=\"https:\/\/www.virtual-press.com\/newsroom\/wp-content\/uploads\/2025\/01\/464419060_967613208725428_7346802462129037575_n-1-1024x1024.jpg 1024w, https:\/\/www.virtual-press.com\/newsroom\/wp-content\/uploads\/2025\/01\/464419060_967613208725428_7346802462129037575_n-1-300x300.jpg 300w, https:\/\/www.virtual-press.com\/newsroom\/wp-content\/uploads\/2025\/01\/464419060_967613208725428_7346802462129037575_n-1-150x150.jpg 150w, https:\/\/www.virtual-press.com\/newsroom\/wp-content\/uploads\/2025\/01\/464419060_967613208725428_7346802462129037575_n-1-768x768.jpg 768w, https:\/\/www.virtual-press.com\/newsroom\/wp-content\/uploads\/2025\/01\/464419060_967613208725428_7346802462129037575_n-1-850x850.jpg 850w, https:\/\/www.virtual-press.com\/newsroom\/wp-content\/uploads\/2025\/01\/464419060_967613208725428_7346802462129037575_n-1.jpg 1201w\" sizes=\"auto, (max-width: 1024px) 100vw, 1024px\" \/><\/figure>\n\n\n\n<figure class=\"wp-block-image size-large\"><img loading=\"lazy\" decoding=\"async\" width=\"1024\" height=\"1024\" data-id=\"3832\" src=\"https:\/\/www.virtual-press.com\/newsroom\/wp-content\/uploads\/2025\/01\/464490023_967613162058766_536560290923366902_n-1-1024x1024.jpg\" alt=\"\" class=\"wp-image-3832\" srcset=\"https:\/\/www.virtual-press.com\/newsroom\/wp-content\/uploads\/2025\/01\/464490023_967613162058766_536560290923366902_n-1-1024x1024.jpg 1024w, https:\/\/www.virtual-press.com\/newsroom\/wp-content\/uploads\/2025\/01\/464490023_967613162058766_536560290923366902_n-1-300x300.jpg 300w, https:\/\/www.virtual-press.com\/newsroom\/wp-content\/uploads\/2025\/01\/464490023_967613162058766_536560290923366902_n-1-150x150.jpg 150w, https:\/\/www.virtual-press.com\/newsroom\/wp-content\/uploads\/2025\/01\/464490023_967613162058766_536560290923366902_n-1-768x768.jpg 768w, https:\/\/www.virtual-press.com\/newsroom\/wp-content\/uploads\/2025\/01\/464490023_967613162058766_536560290923366902_n-1-850x850.jpg 850w, https:\/\/www.virtual-press.com\/newsroom\/wp-content\/uploads\/2025\/01\/464490023_967613162058766_536560290923366902_n-1.jpg 1201w\" sizes=\"auto, (max-width: 1024px) 100vw, 1024px\" \/><\/figure>\n<\/figure>\n\n\n\n<p><\/p>\n\n\n\n<p>Continuare una tradizione, molto diffusa nella Chiesa cattolica fin dal Medioevo, che esalta la regalit\u00e0 di Maria (come attestato da innumerevoli dipinti e mosaici) e&nbsp;rafforzare il senso di appartenenza e di condivisione di un sentimento profondamento religioso che a Matera perdura, si rinnova di generazione in generazione e coinvolge \u2013 una rarit\u00e0 nel mondo odierno \u2013 soprattutto i giovani, legatissimi alla festa della Bruna: con queste parole,&nbsp;<strong>Franco Moliterni<\/strong>,&nbsp;responsabile del settore Cultura dell\u2019Associazione Maria SS. della Bruna, spiega il significato del progetto per la realizzazione delle Nuove Corone per la Sacra Effigie della nostra Protettrice e del Bambinello.<\/p>\n\n\n\n<p>Le corone della statua della Madonna della Bruna portata in processione sul carro il 2 Luglio furono trafugate nel 1983: da 41 anni, quindi, porta corone, d\u2019argento, non sue \u2013 furono prese in prestito da altre statue \u2013 e quelle sono rimaste tuttora.<\/p>\n\n\n\n<p>A quella che il presidente dell\u2019Associazione Maria SS. della Bruna&nbsp;<strong>Bruno Caiella<\/strong>&nbsp;ha definito \u201cun\u2019operazione epocale\u201d si pu\u00f2 contribuire con donazioni e\/o monili e preziosi: qualunque sia la modalit\u00e0 scelta, dall\u2019Associazione \u00e8 assicurata la massima trasparenza; sar\u00e0 consegnata una ricevuta e ogni offerente verr\u00e0 iscritto\/a nell\u2019albo dei donatori.<\/p>\n\n\n\n<p>Per la realizzazione delle corone, dei rilievi preliminari e dell\u2019analisi tecnica si \u00e8 occupato Rocco Festa di&nbsp;<strong>Erreffe Progetti Srl&nbsp;<\/strong>mentre la fase progettuale \u00e8 stata avviata da un orafo materano,<strong>&nbsp;Francesco Iacovone<\/strong>, che da quarant\u2019anni vive a Vicenza dove \u00e8 titolare di un\u2019azienda orafa.<\/p>\n\n\n\n<p>\u201cLe nuove corone, rispetto al modello di riferimento, \u2013 spiega Moliterni che, a supporto dell\u2019iniziativa, ha curato la brochure&nbsp;<em>In onore di Maria SS. della Bruna e a devozione del popolo<\/em>&nbsp;\u2013 sono arricchite da elementi decorativi presenti nella cattedrale (ultimata nel 1270) poich\u00e9 esse recano alla base lo stesso disegno del canestrato degli stipiti esterni della porta maggiore e il decoro floreale del fregio che orna orizzontalmente tutta la navata centrale e la sommit\u00e0 degli archi. I gioielli, attualmente in fase di raffinatissima cesellatura, sono in argento e saranno rifiniti con uno strato di oro e con pietre preziose seguendo il modello della corona di riferimento.\u201d<\/p>\n\n\n\n<p>Negli intenti dell\u2019Associazione, realizzare nuovi diademi con il supporto della collettivit\u00e0 intende s\u00ec riparare al gesto sacrilego perpetrato nel 1983, ma soprattutto evidenziare un corale segno tangibile a conferma del plurisecolare amore filiale che il popolo nutre per sua Santa Protettrice, manifestato in occasione della festa del 2 luglio e ogni giorno attraverso una sentita e nutrita partecipazione.<\/p>\n\n\n\n<p>Un furto fu perpetrato anche nel 1964: in quel caso furono trafugate le corone concesse dal Capitolo Vaticano con cui, nel 1843, fu incoronata l\u2019immagine della Bruna che viene intronizzata in cattedrale ma, in questo caso, l\u2019anno successivo (1965) si pose rimedio incoronando nuovamente l\u2019effigie.<\/p>\n\n\n\n<p class=\"has-text-align-right\"><strong>Rossella Montemurro<\/strong><\/p>\n","protected":false},"excerpt":{"rendered":"<p>Continuare una tradizione, molto diffusa nella Chiesa cattolica fin dal Medioevo, che esalta la regalit\u00e0 di Maria (come attestato da innumerevoli dipinti e mosaici) e&nbsp;rafforzare il senso di appartenenza e di condivisione di un sentimento profondamento religioso che a Matera perdura, si rinnova di generazione in generazione e coinvolge \u2013 una rarit\u00e0 nel mondo odierno&#8230;<\/p>\n","protected":false},"author":4,"featured_media":3833,"comment_status":"open","ping_status":"open","sticky":false,"template":"","format":"standard","meta":{"footnotes":""},"categories":[2],"tags":[1179,1701,8],"class_list":["post-3829","post","type-post","status-publish","format-standard","has-post-thumbnail","hentry","category-magazine","tag-associazione-maria-ss-della-bruna-2","tag-corone","tag-matera"],"_links":{"self":[{"href":"https:\/\/www.virtual-press.com\/newsroom\/wp-json\/wp\/v2\/posts\/3829","targetHints":{"allow":["GET"]}}],"collection":[{"href":"https:\/\/www.virtual-press.com\/newsroom\/wp-json\/wp\/v2\/posts"}],"about":[{"href":"https:\/\/www.virtual-press.com\/newsroom\/wp-json\/wp\/v2\/types\/post"}],"author":[{"embeddable":true,"href":"https:\/\/www.virtual-press.com\/newsroom\/wp-json\/wp\/v2\/users\/4"}],"replies":[{"embeddable":true,"href":"https:\/\/www.virtual-press.com\/newsroom\/wp-json\/wp\/v2\/comments?post=3829"}],"version-history":[{"count":1,"href":"https:\/\/www.virtual-press.com\/newsroom\/wp-json\/wp\/v2\/posts\/3829\/revisions"}],"predecessor-version":[{"id":3834,"href":"https:\/\/www.virtual-press.com\/newsroom\/wp-json\/wp\/v2\/posts\/3829\/revisions\/3834"}],"wp:featuredmedia":[{"embeddable":true,"href":"https:\/\/www.virtual-press.com\/newsroom\/wp-json\/wp\/v2\/media\/3833"}],"wp:attachment":[{"href":"https:\/\/www.virtual-press.com\/newsroom\/wp-json\/wp\/v2\/media?parent=3829"}],"wp:term":[{"taxonomy":"category","embeddable":true,"href":"https:\/\/www.virtual-press.com\/newsroom\/wp-json\/wp\/v2\/categories?post=3829"},{"taxonomy":"post_tag","embeddable":true,"href":"https:\/\/www.virtual-press.com\/newsroom\/wp-json\/wp\/v2\/tags?post=3829"}],"curies":[{"name":"wp","href":"https:\/\/api.w.org\/{rel}","templated":true}]}}